{"id":9804,"date":"2017-11-22T18:39:31","date_gmt":"2017-11-22T16:39:31","guid":{"rendered":"https:\/\/xceed.me\/blog\/?p=9804"},"modified":"2017-11-27T17:04:10","modified_gmt":"2017-11-27T15:04:10","slug":"una-manana-con-flug-mate-y-confidencias","status":"publish","type":"post","link":"https:\/\/xceed.me\/blog\/es\/una-manana-con-flug-mate-y-confidencias\/","title":{"rendered":"Una ma\u00f1ana con Flug: mate y confidencias"},"content":{"rendered":"<p style=\"text-align: justify;\">Mi\u00e9rcoles, 12 de la ma\u00f1ana, tenemos una cita con <strong>Sebasti\u00e1n L\u00f3pez<\/strong>, m\u00e1s conocido por su aka <a href=\"https:\/\/bnc.lt\/s7Cd\/SM5RZARleI\"><strong>Flug<\/strong><\/a>. El Dj y productor argentino residente en <strong><a href=\"https:\/\/bnc.lt\/s7Cd\/kjWsGjGoeI\">Barcelona<\/a><\/strong> desde 2001, nos abre las puertas de su casa para tener una distendida charla con \u00e9l.<\/p>\n<p style=\"text-align: justify;\">Vestido de negro, como en \u00e9l es habitual, nos recibe con una sonrisa de oreja a oreja y empezamos a entablar conversaci\u00f3n mientras, como buen argentino, nos prepara un mate. De fondo, escuchamos la primera sorpresa de la ma\u00f1ana, tango. No tardamos en preguntarle.<\/p>\n<p style=\"text-align: justify;\"><strong>\u00bfAs\u00ed que no todo es techno, no?<\/strong><\/p>\n<p style=\"text-align: justify;\">Por supuesto que no. Soy un mel\u00f3mano, me gusta la m\u00fasica en general. Me levanto y lo primero que hago es ponerme tango y folclore argentino. Escucho de todo, no soy una persona cerrada. Soy muy abierto en lo\u00a0que\u00a0a\u00a0m\u00fasica\u00a0se refiere, me gusta salirme de mi c\u00edrculo sonoro.<\/p>\n<p style=\"text-align: justify;\"><strong>\u00bfA qu\u00e9 se debe esta meloman\u00eda?<\/strong><\/p>\n<p style=\"text-align: justify;\">Ver\u00e1s, mis padres ten\u00edan una tienda de discos. Yo pasaba muchas horas ah\u00ed de peque\u00f1o, acompa\u00f1ando a mis padres y cuando fui un poco m\u00e1s mayor, ateniendo yo mismo la tienda. Por ello empec\u00e9 a coquetear muy temprano con distintos estilos y g\u00e9neros musicales diversos,\u00a0aunque\u00a0la\u00a0m\u00fasica\u00a0electr\u00f3nica siempre me\u00a0interes\u00f3 mucho m\u00e1s.\u00a0Adem\u00e1s gracias a mi hermano, desde muy peque\u00f1o tuve en casa platos giradiscos, mesas de mezcla, discos de vinilos, sintetizadores&#8230; \u00c9l es mayor que yo, tiene hoy 49 a\u00f1os. <strong>Gustavo<\/strong> siempre fue un referente para m\u00ed. Un autentico pionero en Argentina, uno de los creadores de la <strong>Urban Groove<\/strong>, la asociaci\u00f3n de Djs que dio a conocer la m\u00fasica electr\u00f3nica en Argentina.<\/p>\n<p style=\"text-align: justify;\"><strong>\u00bfAs\u00ed que la figura de tu hermano, Gustavo L\u00f3pez, fue una influencia significativa?<\/strong><\/p>\n<p style=\"text-align: justify;\">Totalmente.\u00a0Recuerdo claramente que con 6 a\u00f1os mi hermano me llevaba a las sesiones de tarde de las discoteca de mi barrio donde \u00e9l era residente. Para mi era una aventura\u00a0\u00fanica, fue donde tuve los primeros conocimientos sobre esta\u00a0profesi\u00f3n. A\u00a0mis padres nunca les gust\u00f3 lo que hac\u00eda mi hermano,\u00a0hijos\u00a0de emigrantes espa\u00f1oles, vivieron una\u00a0infancia muy dura y humilde, y\u00a0quer\u00edan brindarnos la\u00a0educaci\u00f3n que ellos no\u00a0hab\u00eda podido tener. Nunca vieron el arte o la\u00a0m\u00fasica\u00a0como una\u00a0profesi\u00f3n seria.\u00a0Pero un d\u00eda mi hermano apareci\u00f3 en la portada del suplemento de uno de los\u00a0peri\u00f3dicos m\u00e1s importantes de Argentina, ese d\u00eda su opini\u00f3n cambi\u00f3.<\/p>\n<p style=\"text-align: justify;\"><img loading=\"lazy\" decoding=\"async\" class=\"alignnone size-full wp-image-9996\" src=\"https:\/\/images.xceed.me\/blog\/wp-content\/uploads\/2017\/11\/29121908\/flug3.jpg\" alt=\"\" width=\"920\" height=\"460\" \/><\/p>\n<p style=\"text-align: justify;\"><strong>\u00bfEntonces, desde bien peque\u00f1o, la m\u00fasica fue siempre tu primera pasi\u00f3n?<\/strong><\/p>\n<p style=\"text-align: justify;\">Realmente no, por aquellos tiempos me gustaba m\u00e1s el f\u00fatbol. Jugu\u00e9 mucho, sigo jugando en la actualidad cada vez que tengo la oportunidad.\u00a0Nunca jugu\u00e9 como profesional pero me hubiera encantado, nunca tuve la oportunidad. Me encantaba jugar, el f\u00fatbol era mi\u00a0pasi\u00f3n\u00a0 Pero la m\u00fasica siempre estaba ah\u00ed detr\u00e1s\u00a0seduciendo.\u00a0El problema fue que con el f\u00fatbol no tuve nadie que me apoyara, mis padres estaban muy ocupados y no tuve a nadie que realmente se implicara, a llevarme a probar a clubs,\u00a0a los\u00a0entrenamientos\u00a0o\u00a0a los partidos\u2026Sin embargo\u00a0el que acab\u00f3 ejerciendo de alg\u00fan modo de padre, o consejero fue mi hermano, el s\u00ed que me pudo acompa\u00f1ar (aunque no me lo puso\u00a0f\u00e1cil)\u00a0a hacerme un hueco en la m\u00fasica, as\u00ed que lo del\u00a0f\u00fatbol\u00a0se qued\u00f3 como un sue\u00f1o frustrado.<\/p>\n<p style=\"text-align: justify;\"><strong>Como Argentino tenemos la obligaci\u00f3n de preguntarte, \u00bfMessi o Maradona?<\/strong><\/p>\n<p style=\"text-align: justify;\">Yo soy de Boca, simpatizante del Bar\u00e7a y loco perdido por la selecci\u00f3n Argentina, por lo que es una respuesta complicada. En Argentina Maradona\u00a0estar\u00e1\u00a0puesto en un pedestal para toda la vida, porque hay que entender que el argentino es muy exitista y elitista, sobre todo con el futbol.<\/p>\n<p style=\"text-align: justify;\">Cuando Maradona gana el Mundial del 86, ven\u00edamos de una disputa b\u00e9lica con los Ingleses en la injusta Guerra de las Malvinas. En ese mundial nos toc\u00f3 enfrentamos a ellos, era el partido so\u00f1ado de venganza, se\u00a0gest\u00f3 el ambiente ideal, y Maradona les mete un gol con la mano y otro regate\u00e1ndose a medio equipo, humillando\u00a0por completo a\u00a0los Ingleses.\u00a0Yo no lo recuerdo, era muy chiquito, pero todo aqu\u00e9l que le toc\u00f3 vivir ese partido, con Maradona como protagonista, y con todo lo que significaba en ese momento&#8230; Ser\u00e1 muy dif\u00edcil que vivamos para ver a otra persona superar esa haza\u00f1a. Si piensas bien en ello, es poes\u00eda pura. Hasta el relato del narrador Victor Hugo Morales fue poes\u00eda hecha f\u00fatbol. El Argentino es muy pasional y aquello qued\u00f3 grabado a fuego en muchos corazones.\u00a0Pero, Leo, es de otra galaxia, es\u00a0\u00fanico,\u00a0no es de este planeta, y es sin duda a mi criterio, el mejor jugador de\u00a0f\u00fatbol\u00a0que ha existido jam\u00e1s.<\/p>\n<p style=\"text-align: justify;\"><img loading=\"lazy\" decoding=\"async\" class=\"alignnone size-full wp-image-9994\" src=\"https:\/\/images.xceed.me\/blog\/wp-content\/uploads\/2017\/11\/29121908\/flugmessi.jpg\" alt=\"\" width=\"920\" height=\"460\" \/><\/p>\n<p style=\"text-align: justify;\"><strong>Ya que hablamos de Argentina y antes de meternos en vereda, \u00bfQu\u00e9 tal est\u00e1 la escena electr\u00f3nica Argentina hoy en d\u00eda? \u00bfEn qu\u00e9 punto se encuentra?<\/strong><\/p>\n<p style=\"text-align: justify;\">Est\u00e1 creciendo a pasos agigantados. El p\u00fablico sudamericano tiene una <strong>energ\u00eda diferente<\/strong>, en mi opini\u00f3n, como consecuencia de una inserci\u00f3n m\u00e1s tard\u00eda de la cultura del clubbing. No es como aqu\u00ed. En Argentina la escena est\u00e1 mucho menos quemada, la gente esta empezando a aprender, buscan, miran, leen, su inter\u00e9s es m\u00e1s reciente y va en aumento.\u00a0Son muchos los j\u00f3venes que empiezan a involucrase con nuevos proyectos. En esta pr\u00f3xima gira voy a tocar para un ciclo en Buenos Aires de chicos de entre 20 y 25 a\u00f1os, son promotores nuevos. La verdad es que a mi me encanta trabajar con gente joven, le ponen mucho sentimiento, tienen una emoci\u00f3n distinta por cada cosa que hacen, muy diferente a los que llevamos rodando tantos a\u00f1os. Frescura, pero sobretodo un agradecimiento constante por el m\u00e1s m\u00ednimo detalle, y eso yo lo valoro mucho. Llevo casi 20 a\u00f1os en la m\u00fasica, ya viv\u00ed de todo dentro de la industria y cuando ves a gente joven con tanta energ\u00eda como la que ten\u00edas t\u00fa cuando empezaste, es muy gratificante. Sobre todo ver que esto no va a parar, que va a seguir y seguir mientras que haya gente a la que le guste la m\u00fasica electr\u00f3nica y ponga pasi\u00f3n y dedicaci\u00f3n por ella.<\/p>\n<p style=\"text-align: justify;\"><strong>\u00bfEsta inserci\u00f3n de talento joven viene un poco dado por las nuevas tecnolog\u00edas, no? \u00bfQue opinas de las facilidades que existen hoy en d\u00eda para hacer m\u00fasica?<\/strong><\/p>\n<p style=\"text-align: justify;\">Yo lo veo muy bien. Soy una persona a la que le gusta mucho la inclusi\u00f3n. Si miro hacia\u00a0atr\u00e1s, cuando era chico, no ten\u00eda dinero para alquilar un estudio de grabaci\u00f3n, mucho menos para comprar maquinas y ponerme a hacer m\u00fasica. Era todo mucho m\u00e1s dif\u00edcil, hac\u00edamos m\u00fasica con lo que ten\u00edamos. Hoy en d\u00eda, alguien con un ordenador de 300\u20ac puede hacer m\u00fasica. Y si tiene <strong>capacidad<\/strong>, podr\u00e1 generar buen contenido sentado desde el sof\u00e1 de su casa.\u00a0Antes esto era inviable, el\u00a0<em>sampler\u00a0<\/em>m\u00e1s barato sal\u00eda cerca de los 1.000$ y si no tenias dinero, sencillamente no pod\u00edas, no tenias la posibilidad. Igual que pinchar, nadie pod\u00eda poner m\u00fasica si no ten\u00eda gira discos y una mesa de mezclas, era mucho m\u00e1s exclusivo y excluyente.\u00a0Hoy por hoy destacan los que realmente tienen talento, y despu\u00e9s est\u00e1n las marcas, los Djs que son marcas o venden un\u00a0<strong><em>branding<\/em><\/strong>.<\/p>\n<p style=\"text-align: justify;\"><strong>Hablemos de ello. \u00bfQu\u00e9 profundidad ha alcanzado el marketing en la escena? Existen imposiciones de estilo por parte de algunos club managers en funci\u00f3n del target?<\/strong><\/p>\n<p style=\"text-align: justify;\">Es una pregunta complicada. Vayamos por partes. Es obvio que, como en cualquier sector econ\u00f3mico donde se mueva dinero, va a existir el marketing y el <em>branding<\/em>. Al fin y al cabo, en mayor o menor grado somos artistas que representamos a nuestra propia empresa. Esta entrevista en parte es marketing.<\/p>\n<p style=\"text-align: justify;\">Creo que todo se resume en tener <strong>criterio<\/strong>. Las imposiciones no existen, existe el criterio y los gustos personales, la clave est\u00e1 en encontrar el punto medio. Aunque a priori mi estilo sea m\u00e1s af\u00edn al techno <em>underground<\/em> y purista de <strong>INSERT<\/strong>, disfruto del mismo modo cuando pincho en <strong>Pacha<\/strong> o <strong>Sankeys Ibiza<\/strong> con un set donde intento llegar a un publico\u00a0diferente,\u00a0sali\u00e9ndome\u00a0de mi zona de confort.<\/p>\n<p>https:\/\/soundcloud.com\/flug\/sets\/flug-mental-disorder-ep<\/p>\n<p style=\"text-align: justify;\"><strong>\u00bfCrees entonces que el problema es nuestro? De la necesidad de la audiencia por encasillar constantemente a los artistas en un g\u00e9nero o estilo concreto?<\/strong><\/p>\n<p style=\"text-align: justify;\">Total y absolutamente. Ver\u00e1s, yo vengo de una camada de Djs que arranc\u00e1bamos la noche poniendo house y acab\u00e1bamos poniendo techno. No era como ahora que los Djs se encuadran en un estilo. Antes los Djs pon\u00edamos de todo dentro de lo que nos gustaba. A veces echo de menos aquellos sets de los 90 donde exist\u00eda una transici\u00f3n musical. Hoy en d\u00eda, los sets tan cortos y ajustados hacen dif\u00edcil esta tarea, no te da margen para irte para un lado y para el otro, adem\u00e1s de que el publico suele <strong>enfrentar los estilos<\/strong>, cosa que me parece rid\u00edcula.<\/p>\n<p style=\"text-align: justify;\">Pero bueno, en resumen, existe m\u00fasica buena y mala en todos los registros. Si t\u00fa\u00a0selecci\u00f3n\u00a0musical es buena\u00a0tanto\u00a0para clubs tan diferentes\u00a0con distintos p\u00fablicos o estilos musicales, puedes hacer un gran trabajo en todos los lugares sin tener que denigrarte a ti mismo como artista. Al fin y al cabo, cuando te pones detr\u00e1s de los platos la m\u00fasica debe ser como un <strong>enorme abrazo<\/strong>, en el que todos bailemos y hablemos el mismo idioma durante el rato que estamos pasando juntos.<\/p>\n<p style=\"text-align: justify;\"><strong>\u00bfQu\u00e9 nos puedes contar del contexto actual de la m\u00fasica electr\u00f3nica? Que tendencias prev\u00e9s en un futuro a corto plazo?<\/strong><\/p>\n<p style=\"text-align: justify;\">Venimos de unos a\u00f1os donde el <strong>House<\/strong> y el <strong>Tech-House<\/strong> copaban la escena. Ahora el techno ha vuelto a los terrenos de juego y lo ha hecho con m\u00e1s fuerza que nunca. Los medios se empiezan a interesar m\u00e1s por los artistas de techno. Son ciclos, modas. La misma vertiente que hab\u00eda desde\u00a0principios\u00a0de los 90 a los a\u00f1os 2000 es la que ha vuelto ahora: <strong>Acid techno<\/strong>. De ah\u00ed la explosi\u00f3n de artistas como <a href=\"https:\/\/bnc.lt\/s7Cd\/pTgcReGmeI\"><strong>Amelie Lens<\/strong><\/a> o <a href=\"https:\/\/bnc.lt\/s7Cd\/pZSbtQdrXH\"><strong>Charlotte de Witte\u00a0<\/strong><\/a>o la que algunos\u00a0llaman\u00a0<em>acid queen<\/em>, <strong><a href=\"https:\/\/bnc.lt\/s7Cd\/OprcIVWc9H\">Nina Kraviz<\/a><\/strong>.<\/p>\n<p style=\"text-align: justify;\"><strong>Ya que las mencionas. \u00bfQu\u00e9 opinas de toda la pol\u00e9mica que gira entorno a que el auge de algunas figuras femeninas venga dado por su imagen m\u00e1s que por su talento?<\/strong><\/p>\n<p style=\"text-align: justify;\">Puede que, en este momento, se est\u00e9 vendiendo a algunas mujeres como un producto. La industria es <strong>machista<\/strong>, igual que el mundo. La\u00a0mayor\u00eda\u00a0de las veces se infravalora a la mujer por cuestiones de patriarcado, eso est\u00e1 arraigado en lo m\u00e1s profundo de nosotros y por m\u00e1s que luchemos contra eso como hombres, de alguna manera siempre tendemos a tener alguna actitud machista. Es algo que en lo personal lucho mucho por cambiar.\u00a0Estoy m\u00e1s que feliz de que, en uno de los proyectos de los que formo parte, la <strong>inclusi\u00f3n<\/strong> de la mujer sea una parte fundamental del\u00a0mismo. Este a\u00f1o tendremos un mes \u00edntegro dedicado a ellas, adem\u00e1s de que 2 de nuestros Djs\u00a0habitu\u00e9s\u00a0sean mujeres.<\/p>\n<p style=\"text-align: justify;\">Pero volviendo a la m\u00fasica, sinceramente\u00a0no me gusta nada como se habla de las mujeres Djs hoy en\u00a0d\u00eda, le\u00ed hace poco un art\u00edculo de un conocido medio\u00a0sobre <a href=\"https:\/\/bnc.lt\/s7Cd\/pTgcReGmeI\"><strong>Amelie<\/strong> <strong>Lens<\/strong><\/a> y <strong><a href=\"https:\/\/bnc.lt\/s7Cd\/pZSbtQdrXH\">Charlotte de Witt<\/a><\/strong>\u00a0que era\u00a0sinceramente\u00a0horrible. Solo hablaba de los likes de facebook y por c\u00f3mo eran ellas de guapas sus carreras hab\u00edan llegado donde estaban ahora mismo. No estoy para nada de acuerdo, lo mismo le pas\u00f3 a <strong><a href=\"https:\/\/bnc.lt\/s7Cd\/OprcIVWc9H\">Nina Kravitz<\/a><\/strong>. Sin embargo pienso que Nina es una t\u00eda que tiene un carret\u00f3n y luch\u00f3 much\u00edsimo por llegar a lo m\u00e1s alto. Y lo hizo por su val\u00eda, talento y capacidad. Ni por ser una cara bonita ni la novia de nadie. Por mucho <em>branding<\/em> que tengas, si no tienes lo que hay que tener te va ser muy dif\u00edcil triunfar, sin <strong>talento<\/strong> no se llega a ning\u00fan lado.<\/p>\n<p style=\"text-align: justify;\"><strong>Para ir acabando, nos gustar\u00eda que nos hablaras sobre la inspiraci\u00f3n.<\/strong><\/p>\n<p style=\"text-align: justify;\">En mi caso en particular, las que considero mis mejores obras, han\u00a0sido creadas en etapas complicadas o tristes de mi vida. Me siento m\u00e1s inspirado\u00a0cuando estoy <strong>triste<\/strong>, o cuando no estoy pasando un buen momento, es ah\u00ed cuando la inspiraci\u00f3n fluye de manera <strong>natural<\/strong>. Cuando estoy bien, tiendo a relajarme\u00a0y en cierto punto a desconectar.<\/p>\n<p style=\"text-align: justify;\">El mejor ejemplo de esto es el que\u00a0considero\u00a0mi mejor disco, que fue creado despu\u00e9s de un grave accidente que tuve. El disco se llama\u00a0<strong><em>In safe hidding\u00a0<\/em><\/strong>&#8211; en un escondite seguro &#8211; porque los seis meses posteriores a ese acontecimiento, la m\u00fasica fue ese escondite seguro. Me sent\u00eda tan mal, tan culpable y tan decepcionado conmigo mismo, que me reclu\u00ed 6 meses en el estudio para hacer m\u00fasica y fue esa terapia la que me ayud\u00f3 para poder salir del l\u00edo en el que me hab\u00eda metido.\u00a0El disco es pura melancol\u00eda y nace de ah\u00ed.<\/p>\n<p style=\"text-align: justify;\"><img loading=\"lazy\" decoding=\"async\" class=\"alignnone size-full wp-image-9995\" src=\"https:\/\/images.xceed.me\/blog\/wp-content\/uploads\/2017\/11\/29121908\/flug-vinyl.jpg\" alt=\"\" width=\"920\" height=\"460\" \/><\/p>\n<p style=\"text-align: justify;\"><strong>Por \u00faltimo, \u00bfQu\u00e9 hay de Barcelona? Nuestra cultura, nuestra tradici\u00f3n como ha influido todo ello en tu carrera?<\/strong><\/p>\n<p style=\"text-align: justify;\">La cultura catalana es\u00a0quiz\u00e1\u00a0de las m\u00e1s potentes de Europa. Pero actualmente, hecho de menos espacios culturales\u00a0 en <a href=\"https:\/\/bnc.lt\/s7Cd\/kjWsGjGoeI\"><strong>Barcelona<\/strong><\/a> y m\u00e1s apoyo para los artistas. Menos <strong>restricciones<\/strong>, porqu\u00e9 con ellas se cargan la escena <em>underground<\/em> que es donde todo nace.\u00a0Cuando llegu\u00e9 aqu\u00ed en el 2000, hab\u00eda una <strong>explosi\u00f3n<\/strong> <strong>de arte<\/strong> en Barcelona. En cada rinc\u00f3n de la calle, en cada fabrica abandonada, o espacios \u00fanicos en los que hab\u00eda expresiones art\u00edsticas de todo tipo, era una ciudad repleta de contenido art\u00edstico. Un contenido que obviamente se censur\u00f3. Barcelona pas\u00f3 de ser una <strong>ciudad cosmopolita por naturaleza<\/strong>, a ser cosmopolita por el turismo. Hoy en d\u00eda la ciudad vive por y para el turismo. Eso genera que todo sea muy pasajero, ef\u00edmero. Hoy existe y ma\u00f1ana no.<\/p>\n<p style=\"text-align: justify;\">Desde mi punto de vista, faltan m\u00e1s contenidos culturales para la ciudadanos de Barcelona, que sean m\u00e1s\u00a0espont\u00e1neos y que nazcan en el <em>underground\u00a0<\/em> que no sean tan masivos. Peque\u00f1as cosas que antes invad\u00edan los barrios, sobretodo en el Poblenou.\u00a0Nac\u00edan desde la <strong>ilegalidad<\/strong>, eso generaba un arte <strong>cero convencional<\/strong>, sin c\u00e1nones ni est\u00e1ndares. Porqu\u00e9 todo lo que est\u00e1 pre establecido en una galer\u00eda pierde la naturalidad de lo que se genera en el <strong>hoy, ahora y aqu\u00ed<\/strong>. Hoy las leyes no permiten estas expresiones, los precios de los\u00a0alquileres\u00a0y la vida en la ciudad se han incrementado exageradamente por el turismo, y lamentablemente se ha perdido contenido cultural.<\/p>\n","protected":false},"excerpt":{"rendered":"Mi\u00e9rcoles, 12 de la ma\u00f1ana, tenemos una cita con Sebasti\u00e1n L\u00f3pez, m\u00e1s conocido por su aka Flug. El&hellip;\n","protected":false},"author":1,"featured_media":9878,"comment_status":"open","ping_status":"open","sticky":false,"template":"","format":"standard","meta":{"_acf_changed":false,"_monsterinsights_skip_tracking":false,"_monsterinsights_sitenote_active":false,"_monsterinsights_sitenote_note":"","_monsterinsights_sitenote_category":0,"csco_singular_sidebar":"","csco_page_header_type":"","csco_page_load_nextpost":"","csco_post_video_location":[],"csco_post_video_url":"","csco_post_video_bg_start_time":0,"csco_post_video_bg_end_time":0,"_jetpack_memberships_contains_paid_content":false,"footnotes":""},"categories":[822,411,125,119],"tags":[],"class_list":{"0":"post-9804","1":"post","2":"type-post","3":"status-publish","4":"format-standard","5":"has-post-thumbnail","7":"category-barcelona-es","8":"category-culture-es","9":"category-musica","10":"category-news-es","11":"cs-entry","12":"cs-video-wrap"},"acf":[],"yoast_head":"<!-- This site is optimized with the Yoast SEO plugin v27.3 - https:\/\/yoast.com\/product\/yoast-seo-wordpress\/ -->\n<title>Una ma\u00f1ana con Flug: mate y confidencias - NIGHTMAG<\/title>\n<meta name=\"robots\" content=\"index, follow, max-snippet:-1, max-image-preview:large, max-video-preview:-1\" \/>\n<link rel=\"canonical\" href=\"https:\/\/xceed.me\/blog\/es\/una-manana-con-flug-mate-y-confidencias\/\" \/>\n<meta property=\"og:locale\" content=\"en_US\" \/>\n<meta property=\"og:type\" content=\"article\" \/>\n<meta property=\"og:title\" content=\"Una ma\u00f1ana con Flug: mate y confidencias - NIGHTMAG\" \/>\n<meta property=\"og:description\" content=\"Mi\u00e9rcoles, 12 de la ma\u00f1ana, tenemos una cita con Sebasti\u00e1n L\u00f3pez, m\u00e1s conocido por su aka Flug. El&hellip;\" \/>\n<meta property=\"og:url\" content=\"https:\/\/xceed.me\/blog\/es\/una-manana-con-flug-mate-y-confidencias\/\" \/>\n<meta property=\"og:site_name\" content=\"NIGHTMAG\" \/>\n<meta property=\"article:publisher\" content=\"https:\/\/www.facebook.com\/Xceed\/\" \/>\n<meta property=\"article:published_time\" content=\"2017-11-22T16:39:31+00:00\" \/>\n<meta property=\"article:modified_time\" content=\"2017-11-27T15:04:10+00:00\" \/>\n<meta property=\"og:image\" content=\"https:\/\/images.xceed.me\/blog\/wp-content\/uploads\/2017\/11\/29121909\/flug.jpg\" \/>\n\t<meta property=\"og:image:width\" content=\"1000\" \/>\n\t<meta property=\"og:image:height\" content=\"600\" \/>\n\t<meta property=\"og:image:type\" content=\"image\/jpeg\" \/>\n<meta name=\"twitter:card\" content=\"summary_large_image\" \/>\n<meta name=\"twitter:creator\" content=\"@Xceed_World\" \/>\n<meta name=\"twitter:site\" content=\"@Xceed_World\" \/>\n<meta name=\"twitter:label1\" content=\"Written by\" \/>\n\t<meta name=\"twitter:data1\" content=\"\" \/>\n\t<meta name=\"twitter:label2\" content=\"Est. reading time\" \/>\n\t<meta name=\"twitter:data2\" content=\"13 minutes\" \/>\n<script type=\"application\/ld+json\" class=\"yoast-schema-graph\">{\"@context\":\"https:\\\/\\\/schema.org\",\"@graph\":[{\"@type\":\"Article\",\"@id\":\"https:\\\/\\\/xceed.me\\\/blog\\\/es\\\/una-manana-con-flug-mate-y-confidencias\\\/#article\",\"isPartOf\":{\"@id\":\"https:\\\/\\\/xceed.me\\\/blog\\\/es\\\/una-manana-con-flug-mate-y-confidencias\\\/\"},\"author\":{\"name\":\"\",\"@id\":\"\"},\"headline\":\"Una ma\u00f1ana con Flug: mate y confidencias\",\"datePublished\":\"2017-11-22T16:39:31+00:00\",\"dateModified\":\"2017-11-27T15:04:10+00:00\",\"mainEntityOfPage\":{\"@id\":\"https:\\\/\\\/xceed.me\\\/blog\\\/es\\\/una-manana-con-flug-mate-y-confidencias\\\/\"},\"wordCount\":2568,\"commentCount\":0,\"image\":{\"@id\":\"https:\\\/\\\/xceed.me\\\/blog\\\/es\\\/una-manana-con-flug-mate-y-confidencias\\\/#primaryimage\"},\"thumbnailUrl\":\"https:\\\/\\\/images.xceed.me\\\/blog\\\/wp-content\\\/uploads\\\/2017\\\/11\\\/29121909\\\/flug.jpg\",\"articleSection\":[\"#Barcelona\",\"#Cultura\",\"#M\u00fasica\",\"#Noticias\"],\"inLanguage\":\"en-US\",\"potentialAction\":[{\"@type\":\"CommentAction\",\"name\":\"Comment\",\"target\":[\"https:\\\/\\\/xceed.me\\\/blog\\\/es\\\/una-manana-con-flug-mate-y-confidencias\\\/#respond\"]}]},{\"@type\":\"WebPage\",\"@id\":\"https:\\\/\\\/xceed.me\\\/blog\\\/es\\\/una-manana-con-flug-mate-y-confidencias\\\/\",\"url\":\"https:\\\/\\\/xceed.me\\\/blog\\\/es\\\/una-manana-con-flug-mate-y-confidencias\\\/\",\"name\":\"Una ma\u00f1ana con Flug: mate y confidencias - NIGHTMAG\",\"isPartOf\":{\"@id\":\"https:\\\/\\\/xceed.me\\\/blog\\\/#website\"},\"primaryImageOfPage\":{\"@id\":\"https:\\\/\\\/xceed.me\\\/blog\\\/es\\\/una-manana-con-flug-mate-y-confidencias\\\/#primaryimage\"},\"image\":{\"@id\":\"https:\\\/\\\/xceed.me\\\/blog\\\/es\\\/una-manana-con-flug-mate-y-confidencias\\\/#primaryimage\"},\"thumbnailUrl\":\"https:\\\/\\\/images.xceed.me\\\/blog\\\/wp-content\\\/uploads\\\/2017\\\/11\\\/29121909\\\/flug.jpg\",\"datePublished\":\"2017-11-22T16:39:31+00:00\",\"dateModified\":\"2017-11-27T15:04:10+00:00\",\"author\":{\"@id\":\"\"},\"breadcrumb\":{\"@id\":\"https:\\\/\\\/xceed.me\\\/blog\\\/es\\\/una-manana-con-flug-mate-y-confidencias\\\/#breadcrumb\"},\"inLanguage\":\"en-US\",\"potentialAction\":[{\"@type\":\"ReadAction\",\"target\":[\"https:\\\/\\\/xceed.me\\\/blog\\\/es\\\/una-manana-con-flug-mate-y-confidencias\\\/\"]}]},{\"@type\":\"ImageObject\",\"inLanguage\":\"en-US\",\"@id\":\"https:\\\/\\\/xceed.me\\\/blog\\\/es\\\/una-manana-con-flug-mate-y-confidencias\\\/#primaryimage\",\"url\":\"https:\\\/\\\/images.xceed.me\\\/blog\\\/wp-content\\\/uploads\\\/2017\\\/11\\\/29121909\\\/flug.jpg\",\"contentUrl\":\"https:\\\/\\\/images.xceed.me\\\/blog\\\/wp-content\\\/uploads\\\/2017\\\/11\\\/29121909\\\/flug.jpg\",\"width\":1000,\"height\":600},{\"@type\":\"BreadcrumbList\",\"@id\":\"https:\\\/\\\/xceed.me\\\/blog\\\/es\\\/una-manana-con-flug-mate-y-confidencias\\\/#breadcrumb\",\"itemListElement\":[{\"@type\":\"ListItem\",\"position\":1,\"name\":\"Home\",\"item\":\"https:\\\/\\\/xceed.me\\\/blog\\\/en\\\/\"},{\"@type\":\"ListItem\",\"position\":2,\"name\":\"Una ma\u00f1ana con Flug: mate y confidencias\"}]},{\"@type\":\"WebSite\",\"@id\":\"https:\\\/\\\/xceed.me\\\/blog\\\/#website\",\"url\":\"https:\\\/\\\/xceed.me\\\/blog\\\/\",\"name\":\"NIGHTMAG\",\"description\":\"NIGHTMAG\",\"potentialAction\":[{\"@type\":\"SearchAction\",\"target\":{\"@type\":\"EntryPoint\",\"urlTemplate\":\"https:\\\/\\\/xceed.me\\\/blog\\\/?s={search_term_string}\"},\"query-input\":{\"@type\":\"PropertyValueSpecification\",\"valueRequired\":true,\"valueName\":\"search_term_string\"}}],\"inLanguage\":\"en-US\"},{\"@type\":\"Person\",\"@id\":\"\",\"url\":\"https:\\\/\\\/xceed.me\\\/blog\\\/author\\\/\"}]}<\/script>\n<!-- \/ Yoast SEO plugin. -->","yoast_head_json":{"title":"Una ma\u00f1ana con Flug: mate y confidencias - NIGHTMAG","robots":{"index":"index","follow":"follow","max-snippet":"max-snippet:-1","max-image-preview":"max-image-preview:large","max-video-preview":"max-video-preview:-1"},"canonical":"https:\/\/xceed.me\/blog\/es\/una-manana-con-flug-mate-y-confidencias\/","og_locale":"en_US","og_type":"article","og_title":"Una ma\u00f1ana con Flug: mate y confidencias - NIGHTMAG","og_description":"Mi\u00e9rcoles, 12 de la ma\u00f1ana, tenemos una cita con Sebasti\u00e1n L\u00f3pez, m\u00e1s conocido por su aka Flug. El&hellip;","og_url":"https:\/\/xceed.me\/blog\/es\/una-manana-con-flug-mate-y-confidencias\/","og_site_name":"NIGHTMAG","article_publisher":"https:\/\/www.facebook.com\/Xceed\/","article_published_time":"2017-11-22T16:39:31+00:00","article_modified_time":"2017-11-27T15:04:10+00:00","og_image":[{"width":1000,"height":600,"url":"https:\/\/images.xceed.me\/blog\/wp-content\/uploads\/2017\/11\/29121909\/flug.jpg","type":"image\/jpeg"}],"twitter_card":"summary_large_image","twitter_creator":"@Xceed_World","twitter_site":"@Xceed_World","twitter_misc":{"Written by":"","Est. reading time":"13 minutes"},"schema":{"@context":"https:\/\/schema.org","@graph":[{"@type":"Article","@id":"https:\/\/xceed.me\/blog\/es\/una-manana-con-flug-mate-y-confidencias\/#article","isPartOf":{"@id":"https:\/\/xceed.me\/blog\/es\/una-manana-con-flug-mate-y-confidencias\/"},"author":{"name":"","@id":""},"headline":"Una ma\u00f1ana con Flug: mate y confidencias","datePublished":"2017-11-22T16:39:31+00:00","dateModified":"2017-11-27T15:04:10+00:00","mainEntityOfPage":{"@id":"https:\/\/xceed.me\/blog\/es\/una-manana-con-flug-mate-y-confidencias\/"},"wordCount":2568,"commentCount":0,"image":{"@id":"https:\/\/xceed.me\/blog\/es\/una-manana-con-flug-mate-y-confidencias\/#primaryimage"},"thumbnailUrl":"https:\/\/images.xceed.me\/blog\/wp-content\/uploads\/2017\/11\/29121909\/flug.jpg","articleSection":["#Barcelona","#Cultura","#M\u00fasica","#Noticias"],"inLanguage":"en-US","potentialAction":[{"@type":"CommentAction","name":"Comment","target":["https:\/\/xceed.me\/blog\/es\/una-manana-con-flug-mate-y-confidencias\/#respond"]}]},{"@type":"WebPage","@id":"https:\/\/xceed.me\/blog\/es\/una-manana-con-flug-mate-y-confidencias\/","url":"https:\/\/xceed.me\/blog\/es\/una-manana-con-flug-mate-y-confidencias\/","name":"Una ma\u00f1ana con Flug: mate y confidencias - NIGHTMAG","isPartOf":{"@id":"https:\/\/xceed.me\/blog\/#website"},"primaryImageOfPage":{"@id":"https:\/\/xceed.me\/blog\/es\/una-manana-con-flug-mate-y-confidencias\/#primaryimage"},"image":{"@id":"https:\/\/xceed.me\/blog\/es\/una-manana-con-flug-mate-y-confidencias\/#primaryimage"},"thumbnailUrl":"https:\/\/images.xceed.me\/blog\/wp-content\/uploads\/2017\/11\/29121909\/flug.jpg","datePublished":"2017-11-22T16:39:31+00:00","dateModified":"2017-11-27T15:04:10+00:00","author":{"@id":""},"breadcrumb":{"@id":"https:\/\/xceed.me\/blog\/es\/una-manana-con-flug-mate-y-confidencias\/#breadcrumb"},"inLanguage":"en-US","potentialAction":[{"@type":"ReadAction","target":["https:\/\/xceed.me\/blog\/es\/una-manana-con-flug-mate-y-confidencias\/"]}]},{"@type":"ImageObject","inLanguage":"en-US","@id":"https:\/\/xceed.me\/blog\/es\/una-manana-con-flug-mate-y-confidencias\/#primaryimage","url":"https:\/\/images.xceed.me\/blog\/wp-content\/uploads\/2017\/11\/29121909\/flug.jpg","contentUrl":"https:\/\/images.xceed.me\/blog\/wp-content\/uploads\/2017\/11\/29121909\/flug.jpg","width":1000,"height":600},{"@type":"BreadcrumbList","@id":"https:\/\/xceed.me\/blog\/es\/una-manana-con-flug-mate-y-confidencias\/#breadcrumb","itemListElement":[{"@type":"ListItem","position":1,"name":"Home","item":"https:\/\/xceed.me\/blog\/en\/"},{"@type":"ListItem","position":2,"name":"Una ma\u00f1ana con Flug: mate y confidencias"}]},{"@type":"WebSite","@id":"https:\/\/xceed.me\/blog\/#website","url":"https:\/\/xceed.me\/blog\/","name":"NIGHTMAG","description":"NIGHTMAG","potentialAction":[{"@type":"SearchAction","target":{"@type":"EntryPoint","urlTemplate":"https:\/\/xceed.me\/blog\/?s={search_term_string}"},"query-input":{"@type":"PropertyValueSpecification","valueRequired":true,"valueName":"search_term_string"}}],"inLanguage":"en-US"},{"@type":"Person","@id":"","url":"https:\/\/xceed.me\/blog\/author\/"}]}},"jetpack_featured_media_url":"https:\/\/images.xceed.me\/blog\/wp-content\/uploads\/2017\/11\/29121909\/flug.jpg","jetpack_sharing_enabled":true,"_links":{"self":[{"href":"https:\/\/xceed.me\/blog\/wp-json\/wp\/v2\/posts\/9804","targetHints":{"allow":["GET"]}}],"collection":[{"href":"https:\/\/xceed.me\/blog\/wp-json\/wp\/v2\/posts"}],"about":[{"href":"https:\/\/xceed.me\/blog\/wp-json\/wp\/v2\/types\/post"}],"author":[{"embeddable":true,"href":"https:\/\/xceed.me\/blog\/wp-json\/wp\/v2\/users\/1"}],"replies":[{"embeddable":true,"href":"https:\/\/xceed.me\/blog\/wp-json\/wp\/v2\/comments?post=9804"}],"version-history":[{"count":26,"href":"https:\/\/xceed.me\/blog\/wp-json\/wp\/v2\/posts\/9804\/revisions"}],"predecessor-version":[{"id":10006,"href":"https:\/\/xceed.me\/blog\/wp-json\/wp\/v2\/posts\/9804\/revisions\/10006"}],"wp:featuredmedia":[{"embeddable":true,"href":"https:\/\/xceed.me\/blog\/wp-json\/wp\/v2\/media\/9878"}],"wp:attachment":[{"href":"https:\/\/xceed.me\/blog\/wp-json\/wp\/v2\/media?parent=9804"}],"wp:term":[{"taxonomy":"category","embeddable":true,"href":"https:\/\/xceed.me\/blog\/wp-json\/wp\/v2\/categories?post=9804"},{"taxonomy":"post_tag","embeddable":true,"href":"https:\/\/xceed.me\/blog\/wp-json\/wp\/v2\/tags?post=9804"}],"curies":[{"name":"wp","href":"https:\/\/api.w.org\/{rel}","templated":true}]}}