{"id":7347,"date":"2017-09-21T17:00:06","date_gmt":"2017-09-21T15:00:06","guid":{"rendered":"https:\/\/xceed.me\/blog\/?p=7347"},"modified":"2017-09-22T12:48:55","modified_gmt":"2017-09-22T10:48:55","slug":"hivernacle-confirma-tres-fechas-para-este-otono","status":"publish","type":"post","link":"https:\/\/xceed.me\/blog\/es\/hivernacle-confirma-tres-fechas-para-este-otono\/","title":{"rendered":"Hivernacle confirma tres fechas para este oto\u00f1o"},"content":{"rendered":"<p><strong>HIVERNACLE POP UP CLUB<\/strong>\u00a0vuelve a <a href=\"https:\/\/goo.gl\/Hb48qq\"><strong>Barcelona <\/strong><\/a>despu\u00e9s de hacer su debut el a\u00f1o pasado en el mismo espacio, \u00a0un lugar cubierto \u00a0y transparente rodeado de vegetaci\u00f3n.\u00a0En este club las visuales y el sonido envolvente juegan un papel crucial junto con la abundante vegetaci\u00f3n ubicada en medio de la <strong>Plaza mayor de <a href=\"https:\/\/goo.gl\/Hb48qq\">Barcelona<\/a><\/strong><\/p>\n<p><b>Hivernacle<\/b>\u00a0acaba de anunciar su programaci\u00f3n para esta temporada de oto\u00f1o con tres eventos que tendr\u00e1n lugar el 28 de octubre, 18 de noviembre y 5 de diciembre. El cartel completo ha sido anunciado y contar\u00e1 con las actuaciones de<strong><a href=\"https:\/\/goo.gl\/fDFCx2\"> Derrick May<\/a>, <a href=\"https:\/\/goo.gl\/FY26Ym\">John Digweed<\/a>, <a href=\"https:\/\/goo.gl\/mhQ4MY\">Mind Against<\/a><\/strong> y<a href=\"https:\/\/goo.gl\/Tj37Yv\"><strong> Dj Koze<\/strong><\/a> entre otros.<\/p>\n<p>El equipo detr\u00e1s es el mismo del <strong>Brunch-in<\/strong>\u00a0que pretende seguir con el \u00e9xito del\u00a0<strong>Brunch -In The Park <\/strong>con un concepto diferente creado para el oto\u00f1o<\/p>\n<p>El <strong>Brunch -In The Park<\/strong> celebr\u00f3 su \u00faltima fiesta el pasado domingo, llegando a un total de 100.000 entradas vendidas a lo largo de la temporada.<\/p>\n<p>&nbsp;<\/p>\n<p><b>Aqu\u00ed la programaci\u00f3n completa:<\/b><\/p>\n<p>S\u00e1bado 28 de octubre.<br \/>\n<strong><a href=\"https:\/\/goo.gl\/fDFCx2\">Derrick May<\/a> + <a href=\"https:\/\/goo.gl\/J5nsPg\">Eduardo de la Calle <\/a>+ <a href=\"https:\/\/goo.gl\/kW5dSv\">Nastia<\/a> + Bloody Mary + IVA + Fede Zerdan<\/strong><\/p>\n<p>S\u00e1bado 18 de noviembre. Life and Death Showcase<br \/>\n<strong><a href=\"https:\/\/goo.gl\/LQ4mEV\">DJ Tennis <\/a>+ <a href=\"https:\/\/goo.gl\/FY26Ym\">John Digweed<\/a> + <a href=\"https:\/\/goo.gl\/yWSm5t\">Pachanga Boys<\/a> + <a href=\"https:\/\/goo.gl\/QM7amW\">Marvin &amp; Guy<\/a> + The\/Das (live) + Margot + MLiR + Discos Paradiso Crew<\/strong><\/p>\n<p>Martes 5 de diciembre (v\u00edspera de festivo)<br \/>\n<strong><a href=\"https:\/\/goo.gl\/mhQ4MY\">Mind Against<\/a> +<a href=\"https:\/\/goo.gl\/Tj37Yv\"> DJ Koze<\/a> + <a href=\"https:\/\/goo.gl\/99fvZC\">Gui Boratto<\/a> + Saoirse + Architectural + Rub\u00e9n Seoane<\/strong><\/p>\n","protected":false},"excerpt":{"rendered":"HIVERNACLE POP UP CLUB\u00a0vuelve a Barcelona despu\u00e9s de hacer su debut el a\u00f1o pasado en el mismo espacio,&hellip;\n","protected":false},"author":1,"featured_media":7351,"comment_status":"open","ping_status":"open","sticky":false,"template":"","format":"standard","meta":{"_acf_changed":false,"_monsterinsights_skip_tracking":false,"_monsterinsights_sitenote_active":false,"_monsterinsights_sitenote_note":"","_monsterinsights_sitenote_category":0,"csco_singular_sidebar":"","csco_page_header_type":"","csco_page_load_nextpost":"","csco_post_video_location":[],"csco_post_video_url":"","csco_post_video_bg_start_time":0,"csco_post_video_bg_end_time":0,"_jetpack_memberships_contains_paid_content":false,"footnotes":""},"categories":[18,125,119],"tags":[56,919,921],"class_list":{"0":"post-7347","1":"post","2":"type-post","3":"status-publish","4":"format-standard","5":"has-post-thumbnail","7":"category-clubbing-es","8":"category-musica","9":"category-news-es","10":"tag-fiesta","11":"tag-hivernacle-pop-up","12":"tag-plaza-mayor","13":"cs-entry","14":"cs-video-wrap"},"acf":[],"yoast_head":"<!-- This site is optimized with the Yoast SEO plugin v27.3 - https:\/\/yoast.com\/product\/yoast-seo-wordpress\/ -->\n<title>Hivernacle confirma tres fechas para este oto\u00f1o - NIGHTMAG<\/title>\n<meta name=\"robots\" content=\"index, follow, max-snippet:-1, max-image-preview:large, max-video-preview:-1\" \/>\n<link rel=\"canonical\" href=\"https:\/\/xceed.me\/blog\/es\/hivernacle-confirma-tres-fechas-para-este-otono\/\" \/>\n<meta property=\"og:locale\" content=\"en_US\" \/>\n<meta property=\"og:type\" content=\"article\" \/>\n<meta property=\"og:title\" content=\"Hivernacle confirma tres fechas para este oto\u00f1o - NIGHTMAG\" \/>\n<meta property=\"og:description\" content=\"HIVERNACLE POP UP CLUB\u00a0vuelve a Barcelona despu\u00e9s de hacer su debut el a\u00f1o pasado en el mismo espacio,&hellip;\" \/>\n<meta property=\"og:url\" content=\"https:\/\/xceed.me\/blog\/es\/hivernacle-confirma-tres-fechas-para-este-otono\/\" \/>\n<meta property=\"og:site_name\" content=\"NIGHTMAG\" \/>\n<meta property=\"article:publisher\" content=\"https:\/\/www.facebook.com\/Xceed\/\" \/>\n<meta property=\"article:published_time\" content=\"2017-09-21T15:00:06+00:00\" \/>\n<meta property=\"article:modified_time\" content=\"2017-09-22T10:48:55+00:00\" \/>\n<meta property=\"og:image\" content=\"https:\/\/images.xceed.me\/blog\/wp-content\/uploads\/2017\/09\/29122052\/Untitled-1.jpg\" \/>\n\t<meta property=\"og:image:width\" content=\"1000\" \/>\n\t<meta property=\"og:image:height\" content=\"600\" \/>\n\t<meta property=\"og:image:type\" content=\"image\/jpeg\" \/>\n<meta name=\"twitter:card\" content=\"summary_large_image\" \/>\n<meta name=\"twitter:creator\" content=\"@Xceed_World\" \/>\n<meta name=\"twitter:site\" content=\"@Xceed_World\" \/>\n<meta name=\"twitter:label1\" content=\"Written by\" \/>\n\t<meta name=\"twitter:data1\" content=\"\" \/>\n\t<meta name=\"twitter:label2\" content=\"Est. reading time\" \/>\n\t<meta name=\"twitter:data2\" content=\"1 minute\" \/>\n<script type=\"application\/ld+json\" class=\"yoast-schema-graph\">{\"@context\":\"https:\\\/\\\/schema.org\",\"@graph\":[{\"@type\":\"Article\",\"@id\":\"https:\\\/\\\/xceed.me\\\/blog\\\/es\\\/hivernacle-confirma-tres-fechas-para-este-otono\\\/#article\",\"isPartOf\":{\"@id\":\"https:\\\/\\\/xceed.me\\\/blog\\\/es\\\/hivernacle-confirma-tres-fechas-para-este-otono\\\/\"},\"author\":{\"name\":\"\",\"@id\":\"\"},\"headline\":\"Hivernacle confirma tres fechas para este oto\u00f1o\",\"datePublished\":\"2017-09-21T15:00:06+00:00\",\"dateModified\":\"2017-09-22T10:48:55+00:00\",\"mainEntityOfPage\":{\"@id\":\"https:\\\/\\\/xceed.me\\\/blog\\\/es\\\/hivernacle-confirma-tres-fechas-para-este-otono\\\/\"},\"wordCount\":236,\"commentCount\":0,\"image\":{\"@id\":\"https:\\\/\\\/xceed.me\\\/blog\\\/es\\\/hivernacle-confirma-tres-fechas-para-este-otono\\\/#primaryimage\"},\"thumbnailUrl\":\"https:\\\/\\\/images.xceed.me\\\/blog\\\/wp-content\\\/uploads\\\/2017\\\/09\\\/29122052\\\/Untitled-1.jpg\",\"keywords\":[\"Fiesta\",\"hivernacle pop up\",\"plaza mayor\"],\"articleSection\":[\"#Clubbing\",\"#M\u00fasica\",\"#Noticias\"],\"inLanguage\":\"en-US\",\"potentialAction\":[{\"@type\":\"CommentAction\",\"name\":\"Comment\",\"target\":[\"https:\\\/\\\/xceed.me\\\/blog\\\/es\\\/hivernacle-confirma-tres-fechas-para-este-otono\\\/#respond\"]}]},{\"@type\":\"WebPage\",\"@id\":\"https:\\\/\\\/xceed.me\\\/blog\\\/es\\\/hivernacle-confirma-tres-fechas-para-este-otono\\\/\",\"url\":\"https:\\\/\\\/xceed.me\\\/blog\\\/es\\\/hivernacle-confirma-tres-fechas-para-este-otono\\\/\",\"name\":\"Hivernacle confirma tres fechas para este oto\u00f1o - NIGHTMAG\",\"isPartOf\":{\"@id\":\"https:\\\/\\\/xceed.me\\\/blog\\\/#website\"},\"primaryImageOfPage\":{\"@id\":\"https:\\\/\\\/xceed.me\\\/blog\\\/es\\\/hivernacle-confirma-tres-fechas-para-este-otono\\\/#primaryimage\"},\"image\":{\"@id\":\"https:\\\/\\\/xceed.me\\\/blog\\\/es\\\/hivernacle-confirma-tres-fechas-para-este-otono\\\/#primaryimage\"},\"thumbnailUrl\":\"https:\\\/\\\/images.xceed.me\\\/blog\\\/wp-content\\\/uploads\\\/2017\\\/09\\\/29122052\\\/Untitled-1.jpg\",\"datePublished\":\"2017-09-21T15:00:06+00:00\",\"dateModified\":\"2017-09-22T10:48:55+00:00\",\"author\":{\"@id\":\"\"},\"breadcrumb\":{\"@id\":\"https:\\\/\\\/xceed.me\\\/blog\\\/es\\\/hivernacle-confirma-tres-fechas-para-este-otono\\\/#breadcrumb\"},\"inLanguage\":\"en-US\",\"potentialAction\":[{\"@type\":\"ReadAction\",\"target\":[\"https:\\\/\\\/xceed.me\\\/blog\\\/es\\\/hivernacle-confirma-tres-fechas-para-este-otono\\\/\"]}]},{\"@type\":\"ImageObject\",\"inLanguage\":\"en-US\",\"@id\":\"https:\\\/\\\/xceed.me\\\/blog\\\/es\\\/hivernacle-confirma-tres-fechas-para-este-otono\\\/#primaryimage\",\"url\":\"https:\\\/\\\/images.xceed.me\\\/blog\\\/wp-content\\\/uploads\\\/2017\\\/09\\\/29122052\\\/Untitled-1.jpg\",\"contentUrl\":\"https:\\\/\\\/images.xceed.me\\\/blog\\\/wp-content\\\/uploads\\\/2017\\\/09\\\/29122052\\\/Untitled-1.jpg\",\"width\":1000,\"height\":600},{\"@type\":\"BreadcrumbList\",\"@id\":\"https:\\\/\\\/xceed.me\\\/blog\\\/es\\\/hivernacle-confirma-tres-fechas-para-este-otono\\\/#breadcrumb\",\"itemListElement\":[{\"@type\":\"ListItem\",\"position\":1,\"name\":\"Home\",\"item\":\"https:\\\/\\\/xceed.me\\\/blog\\\/en\\\/\"},{\"@type\":\"ListItem\",\"position\":2,\"name\":\"Hivernacle confirma tres fechas para este oto\u00f1o\"}]},{\"@type\":\"WebSite\",\"@id\":\"https:\\\/\\\/xceed.me\\\/blog\\\/#website\",\"url\":\"https:\\\/\\\/xceed.me\\\/blog\\\/\",\"name\":\"NIGHTMAG\",\"description\":\"NIGHTMAG\",\"potentialAction\":[{\"@type\":\"SearchAction\",\"target\":{\"@type\":\"EntryPoint\",\"urlTemplate\":\"https:\\\/\\\/xceed.me\\\/blog\\\/?s={search_term_string}\"},\"query-input\":{\"@type\":\"PropertyValueSpecification\",\"valueRequired\":true,\"valueName\":\"search_term_string\"}}],\"inLanguage\":\"en-US\"},{\"@type\":\"Person\",\"@id\":\"\",\"url\":\"https:\\\/\\\/xceed.me\\\/blog\\\/author\\\/\"}]}<\/script>\n<!-- \/ Yoast SEO plugin. -->","yoast_head_json":{"title":"Hivernacle confirma tres fechas para este oto\u00f1o - NIGHTMAG","robots":{"index":"index","follow":"follow","max-snippet":"max-snippet:-1","max-image-preview":"max-image-preview:large","max-video-preview":"max-video-preview:-1"},"canonical":"https:\/\/xceed.me\/blog\/es\/hivernacle-confirma-tres-fechas-para-este-otono\/","og_locale":"en_US","og_type":"article","og_title":"Hivernacle confirma tres fechas para este oto\u00f1o - NIGHTMAG","og_description":"HIVERNACLE POP UP CLUB\u00a0vuelve a Barcelona despu\u00e9s de hacer su debut el a\u00f1o pasado en el mismo espacio,&hellip;","og_url":"https:\/\/xceed.me\/blog\/es\/hivernacle-confirma-tres-fechas-para-este-otono\/","og_site_name":"NIGHTMAG","article_publisher":"https:\/\/www.facebook.com\/Xceed\/","article_published_time":"2017-09-21T15:00:06+00:00","article_modified_time":"2017-09-22T10:48:55+00:00","og_image":[{"width":1000,"height":600,"url":"https:\/\/images.xceed.me\/blog\/wp-content\/uploads\/2017\/09\/29122052\/Untitled-1.jpg","type":"image\/jpeg"}],"twitter_card":"summary_large_image","twitter_creator":"@Xceed_World","twitter_site":"@Xceed_World","twitter_misc":{"Written by":"","Est. reading time":"1 minute"},"schema":{"@context":"https:\/\/schema.org","@graph":[{"@type":"Article","@id":"https:\/\/xceed.me\/blog\/es\/hivernacle-confirma-tres-fechas-para-este-otono\/#article","isPartOf":{"@id":"https:\/\/xceed.me\/blog\/es\/hivernacle-confirma-tres-fechas-para-este-otono\/"},"author":{"name":"","@id":""},"headline":"Hivernacle confirma tres fechas para este oto\u00f1o","datePublished":"2017-09-21T15:00:06+00:00","dateModified":"2017-09-22T10:48:55+00:00","mainEntityOfPage":{"@id":"https:\/\/xceed.me\/blog\/es\/hivernacle-confirma-tres-fechas-para-este-otono\/"},"wordCount":236,"commentCount":0,"image":{"@id":"https:\/\/xceed.me\/blog\/es\/hivernacle-confirma-tres-fechas-para-este-otono\/#primaryimage"},"thumbnailUrl":"https:\/\/images.xceed.me\/blog\/wp-content\/uploads\/2017\/09\/29122052\/Untitled-1.jpg","keywords":["Fiesta","hivernacle pop up","plaza mayor"],"articleSection":["#Clubbing","#M\u00fasica","#Noticias"],"inLanguage":"en-US","potentialAction":[{"@type":"CommentAction","name":"Comment","target":["https:\/\/xceed.me\/blog\/es\/hivernacle-confirma-tres-fechas-para-este-otono\/#respond"]}]},{"@type":"WebPage","@id":"https:\/\/xceed.me\/blog\/es\/hivernacle-confirma-tres-fechas-para-este-otono\/","url":"https:\/\/xceed.me\/blog\/es\/hivernacle-confirma-tres-fechas-para-este-otono\/","name":"Hivernacle confirma tres fechas para este oto\u00f1o - NIGHTMAG","isPartOf":{"@id":"https:\/\/xceed.me\/blog\/#website"},"primaryImageOfPage":{"@id":"https:\/\/xceed.me\/blog\/es\/hivernacle-confirma-tres-fechas-para-este-otono\/#primaryimage"},"image":{"@id":"https:\/\/xceed.me\/blog\/es\/hivernacle-confirma-tres-fechas-para-este-otono\/#primaryimage"},"thumbnailUrl":"https:\/\/images.xceed.me\/blog\/wp-content\/uploads\/2017\/09\/29122052\/Untitled-1.jpg","datePublished":"2017-09-21T15:00:06+00:00","dateModified":"2017-09-22T10:48:55+00:00","author":{"@id":""},"breadcrumb":{"@id":"https:\/\/xceed.me\/blog\/es\/hivernacle-confirma-tres-fechas-para-este-otono\/#breadcrumb"},"inLanguage":"en-US","potentialAction":[{"@type":"ReadAction","target":["https:\/\/xceed.me\/blog\/es\/hivernacle-confirma-tres-fechas-para-este-otono\/"]}]},{"@type":"ImageObject","inLanguage":"en-US","@id":"https:\/\/xceed.me\/blog\/es\/hivernacle-confirma-tres-fechas-para-este-otono\/#primaryimage","url":"https:\/\/images.xceed.me\/blog\/wp-content\/uploads\/2017\/09\/29122052\/Untitled-1.jpg","contentUrl":"https:\/\/images.xceed.me\/blog\/wp-content\/uploads\/2017\/09\/29122052\/Untitled-1.jpg","width":1000,"height":600},{"@type":"BreadcrumbList","@id":"https:\/\/xceed.me\/blog\/es\/hivernacle-confirma-tres-fechas-para-este-otono\/#breadcrumb","itemListElement":[{"@type":"ListItem","position":1,"name":"Home","item":"https:\/\/xceed.me\/blog\/en\/"},{"@type":"ListItem","position":2,"name":"Hivernacle confirma tres fechas para este oto\u00f1o"}]},{"@type":"WebSite","@id":"https:\/\/xceed.me\/blog\/#website","url":"https:\/\/xceed.me\/blog\/","name":"NIGHTMAG","description":"NIGHTMAG","potentialAction":[{"@type":"SearchAction","target":{"@type":"EntryPoint","urlTemplate":"https:\/\/xceed.me\/blog\/?s={search_term_string}"},"query-input":{"@type":"PropertyValueSpecification","valueRequired":true,"valueName":"search_term_string"}}],"inLanguage":"en-US"},{"@type":"Person","@id":"","url":"https:\/\/xceed.me\/blog\/author\/"}]}},"jetpack_featured_media_url":"https:\/\/images.xceed.me\/blog\/wp-content\/uploads\/2017\/09\/29122052\/Untitled-1.jpg","jetpack_sharing_enabled":true,"_links":{"self":[{"href":"https:\/\/xceed.me\/blog\/wp-json\/wp\/v2\/posts\/7347","targetHints":{"allow":["GET"]}}],"collection":[{"href":"https:\/\/xceed.me\/blog\/wp-json\/wp\/v2\/posts"}],"about":[{"href":"https:\/\/xceed.me\/blog\/wp-json\/wp\/v2\/types\/post"}],"author":[{"embeddable":true,"href":"https:\/\/xceed.me\/blog\/wp-json\/wp\/v2\/users\/1"}],"replies":[{"embeddable":true,"href":"https:\/\/xceed.me\/blog\/wp-json\/wp\/v2\/comments?post=7347"}],"version-history":[{"count":8,"href":"https:\/\/xceed.me\/blog\/wp-json\/wp\/v2\/posts\/7347\/revisions"}],"predecessor-version":[{"id":7379,"href":"https:\/\/xceed.me\/blog\/wp-json\/wp\/v2\/posts\/7347\/revisions\/7379"}],"wp:featuredmedia":[{"embeddable":true,"href":"https:\/\/xceed.me\/blog\/wp-json\/wp\/v2\/media\/7351"}],"wp:attachment":[{"href":"https:\/\/xceed.me\/blog\/wp-json\/wp\/v2\/media?parent=7347"}],"wp:term":[{"taxonomy":"category","embeddable":true,"href":"https:\/\/xceed.me\/blog\/wp-json\/wp\/v2\/categories?post=7347"},{"taxonomy":"post_tag","embeddable":true,"href":"https:\/\/xceed.me\/blog\/wp-json\/wp\/v2\/tags?post=7347"}],"curies":[{"name":"wp","href":"https:\/\/api.w.org\/{rel}","templated":true}]}}