{"id":7008,"date":"2017-09-14T19:01:18","date_gmt":"2017-09-14T17:01:18","guid":{"rendered":"https:\/\/xceed.me\/blog\/?p=7008"},"modified":"2017-09-20T10:20:40","modified_gmt":"2017-09-20T08:20:40","slug":"amsterdam-impone-restrizioni-sonore-agli-eventi-outdoor-e-warehouse","status":"publish","type":"post","link":"https:\/\/xceed.me\/blog\/it\/amsterdam-impone-restrizioni-sonore-agli-eventi-outdoor-e-warehouse\/","title":{"rendered":"Amsterdam impone restrizioni sonore agli eventi outdoor e warehouse"},"content":{"rendered":"<blockquote>\n<p style=\"text-align: justify;\">Dal prossimo anno la capitale olandese imporr\u00e0 una nuova serie di restrizioni sonore agli eventi all\u2019aperto ed in warehouse.<\/p>\n<\/blockquote>\n<p style=\"text-align: justify;\">Il disegno di legge, elaborato nel corso dell\u2019ultimo anno dal consiglio comunale della citt\u00e0, <strong>dovrebbe essere approvato ed entrare in vigore dal gennaio 2018<\/strong>. Esso, prevede principalmente l\u2019imposizione di limiti sonori da rispettare nel corso di questo tipo di eventi.<\/p>\n<p style=\"text-align: justify;\">I promoter che intendono organizzare un evento devono poter provare che i limiti sonori imposti vengano rispettati nel corso di esso, a beneficio della popolazione locale.<\/p>\n<p style=\"text-align: justify;\">Il sindaco della notte di Amsterdam, <strong>Mirik Milan<\/strong>, ha recentemente dichiarato ad un noto media di musica elettronica che i promoter sono contenti del compromesso raggiunto, dato che <strong>inizialmente la richiesta avanzata era una riduzione del 20-25% dei festival in citt\u00e0 durante l\u2019anno.<\/strong><\/p>\n<p style=\"text-align: justify;\"><strong>Milan<\/strong> ha dichiarato: <em>&#8220;Mantenere la scena aperta a tutti gli operatori grandi e piccoli \u00e8 stato il nostro obiettivo fin dall&#8217;inizio. Ci coster\u00e0 sicuramente di pi\u00f9 in termini economici ma siamo felici che l\u2019attivit\u00e0 di organizzazione di eventi in citt\u00e0 non venga bruscamente ridimensionata.\u201d<\/em><\/p>\n<p style=\"text-align: justify;\">L\u2019amministrazione cittadina prevede inoltre, nel corso dei prossimi mesi, un aumento della tassa turistica per i visitatori della capitale olandese.<\/p>\n<p style=\"text-align: justify;\"><img decoding=\"async\" src=\"http:\/\/www.electronicbeats.net\/app\/uploads\/2016\/08\/Dekmantel-Greenhouse-BART-HEEMSKERK.jpg\" \/><\/p>\n<p style=\"text-align: justify;\">\n","protected":false},"excerpt":{"rendered":"Dal prossimo anno la capitale olandese imporr\u00e0 una nuova serie di restrizioni sonore agli eventi all\u2019aperto ed in&hellip;\n","protected":false},"author":1,"featured_media":7011,"comment_status":"open","ping_status":"open","sticky":false,"template":"","format":"standard","meta":{"_acf_changed":false,"_monsterinsights_skip_tracking":false,"_monsterinsights_sitenote_active":false,"_monsterinsights_sitenote_note":"","_monsterinsights_sitenote_category":0,"csco_singular_sidebar":"","csco_page_header_type":"","csco_page_load_nextpost":"","csco_post_video_location":[],"csco_post_video_url":"","csco_post_video_bg_start_time":0,"csco_post_video_bg_end_time":0,"_jetpack_memberships_contains_paid_content":false,"footnotes":""},"categories":[103,586,117],"tags":[360,735,671],"class_list":{"0":"post-7008","1":"post","2":"type-post","3":"status-publish","4":"format-standard","5":"has-post-thumbnail","7":"category-clubbing-it","8":"category-gestioneclub","9":"category-news-it","10":"tag-amsterdam-it","11":"tag-eventi","12":"tag-industria-musicale","13":"cs-entry","14":"cs-video-wrap"},"acf":[],"yoast_head":"<!-- This site is optimized with the Yoast SEO plugin v27.3 - https:\/\/yoast.com\/product\/yoast-seo-wordpress\/ -->\n<title>Amsterdam impone restrizioni sonore agli eventi outdoor e warehouse - NIGHTMAG<\/title>\n<meta name=\"robots\" content=\"index, follow, max-snippet:-1, max-image-preview:large, max-video-preview:-1\" \/>\n<link rel=\"canonical\" href=\"https:\/\/xceed.me\/blog\/it\/amsterdam-impone-restrizioni-sonore-agli-eventi-outdoor-e-warehouse\/\" \/>\n<meta property=\"og:locale\" content=\"en_US\" \/>\n<meta property=\"og:type\" content=\"article\" \/>\n<meta property=\"og:title\" content=\"Amsterdam impone restrizioni sonore agli eventi outdoor e warehouse - NIGHTMAG\" \/>\n<meta property=\"og:description\" content=\"Dal prossimo anno la capitale olandese imporr\u00e0 una nuova serie di restrizioni sonore agli eventi all\u2019aperto ed in&hellip;\" \/>\n<meta property=\"og:url\" content=\"https:\/\/xceed.me\/blog\/it\/amsterdam-impone-restrizioni-sonore-agli-eventi-outdoor-e-warehouse\/\" \/>\n<meta property=\"og:site_name\" content=\"NIGHTMAG\" \/>\n<meta property=\"article:publisher\" content=\"https:\/\/www.facebook.com\/Xceed\/\" \/>\n<meta property=\"article:published_time\" content=\"2017-09-14T17:01:18+00:00\" \/>\n<meta property=\"article:modified_time\" content=\"2017-09-20T08:20:40+00:00\" \/>\n<meta property=\"og:image\" content=\"https:\/\/images.xceed.me\/blog\/wp-content\/uploads\/2017\/09\/29122059\/Warehouse-Elementenstraat.jpg\" \/>\n\t<meta property=\"og:image:width\" content=\"1200\" \/>\n\t<meta property=\"og:image:height\" content=\"630\" \/>\n\t<meta property=\"og:image:type\" content=\"image\/jpeg\" \/>\n<meta name=\"twitter:card\" content=\"summary_large_image\" \/>\n<meta name=\"twitter:creator\" content=\"@Xceed_World\" \/>\n<meta name=\"twitter:site\" content=\"@Xceed_World\" \/>\n<meta name=\"twitter:label1\" content=\"Written by\" \/>\n\t<meta name=\"twitter:data1\" content=\"\" \/>\n\t<meta name=\"twitter:label2\" content=\"Est. reading time\" \/>\n\t<meta name=\"twitter:data2\" content=\"1 minute\" \/>\n<script type=\"application\/ld+json\" class=\"yoast-schema-graph\">{\"@context\":\"https:\\\/\\\/schema.org\",\"@graph\":[{\"@type\":\"Article\",\"@id\":\"https:\\\/\\\/xceed.me\\\/blog\\\/it\\\/amsterdam-impone-restrizioni-sonore-agli-eventi-outdoor-e-warehouse\\\/#article\",\"isPartOf\":{\"@id\":\"https:\\\/\\\/xceed.me\\\/blog\\\/it\\\/amsterdam-impone-restrizioni-sonore-agli-eventi-outdoor-e-warehouse\\\/\"},\"author\":{\"name\":\"\",\"@id\":\"\"},\"headline\":\"Amsterdam impone restrizioni sonore agli eventi outdoor e warehouse\",\"datePublished\":\"2017-09-14T17:01:18+00:00\",\"dateModified\":\"2017-09-20T08:20:40+00:00\",\"mainEntityOfPage\":{\"@id\":\"https:\\\/\\\/xceed.me\\\/blog\\\/it\\\/amsterdam-impone-restrizioni-sonore-agli-eventi-outdoor-e-warehouse\\\/\"},\"wordCount\":205,\"commentCount\":0,\"image\":{\"@id\":\"https:\\\/\\\/xceed.me\\\/blog\\\/it\\\/amsterdam-impone-restrizioni-sonore-agli-eventi-outdoor-e-warehouse\\\/#primaryimage\"},\"thumbnailUrl\":\"https:\\\/\\\/images.xceed.me\\\/blog\\\/wp-content\\\/uploads\\\/2017\\\/09\\\/29122059\\\/Warehouse-Elementenstraat.jpg\",\"keywords\":[\"amsterdam\",\"eventi\",\"industria musicale\"],\"articleSection\":[\"#Clubbing\",\"#GestioneClub\",\"#Novit\u00e0\"],\"inLanguage\":\"en-US\",\"potentialAction\":[{\"@type\":\"CommentAction\",\"name\":\"Comment\",\"target\":[\"https:\\\/\\\/xceed.me\\\/blog\\\/it\\\/amsterdam-impone-restrizioni-sonore-agli-eventi-outdoor-e-warehouse\\\/#respond\"]}]},{\"@type\":\"WebPage\",\"@id\":\"https:\\\/\\\/xceed.me\\\/blog\\\/it\\\/amsterdam-impone-restrizioni-sonore-agli-eventi-outdoor-e-warehouse\\\/\",\"url\":\"https:\\\/\\\/xceed.me\\\/blog\\\/it\\\/amsterdam-impone-restrizioni-sonore-agli-eventi-outdoor-e-warehouse\\\/\",\"name\":\"Amsterdam impone restrizioni sonore agli eventi outdoor e warehouse - NIGHTMAG\",\"isPartOf\":{\"@id\":\"https:\\\/\\\/xceed.me\\\/blog\\\/#website\"},\"primaryImageOfPage\":{\"@id\":\"https:\\\/\\\/xceed.me\\\/blog\\\/it\\\/amsterdam-impone-restrizioni-sonore-agli-eventi-outdoor-e-warehouse\\\/#primaryimage\"},\"image\":{\"@id\":\"https:\\\/\\\/xceed.me\\\/blog\\\/it\\\/amsterdam-impone-restrizioni-sonore-agli-eventi-outdoor-e-warehouse\\\/#primaryimage\"},\"thumbnailUrl\":\"https:\\\/\\\/images.xceed.me\\\/blog\\\/wp-content\\\/uploads\\\/2017\\\/09\\\/29122059\\\/Warehouse-Elementenstraat.jpg\",\"datePublished\":\"2017-09-14T17:01:18+00:00\",\"dateModified\":\"2017-09-20T08:20:40+00:00\",\"author\":{\"@id\":\"\"},\"breadcrumb\":{\"@id\":\"https:\\\/\\\/xceed.me\\\/blog\\\/it\\\/amsterdam-impone-restrizioni-sonore-agli-eventi-outdoor-e-warehouse\\\/#breadcrumb\"},\"inLanguage\":\"en-US\",\"potentialAction\":[{\"@type\":\"ReadAction\",\"target\":[\"https:\\\/\\\/xceed.me\\\/blog\\\/it\\\/amsterdam-impone-restrizioni-sonore-agli-eventi-outdoor-e-warehouse\\\/\"]}]},{\"@type\":\"ImageObject\",\"inLanguage\":\"en-US\",\"@id\":\"https:\\\/\\\/xceed.me\\\/blog\\\/it\\\/amsterdam-impone-restrizioni-sonore-agli-eventi-outdoor-e-warehouse\\\/#primaryimage\",\"url\":\"https:\\\/\\\/images.xceed.me\\\/blog\\\/wp-content\\\/uploads\\\/2017\\\/09\\\/29122059\\\/Warehouse-Elementenstraat.jpg\",\"contentUrl\":\"https:\\\/\\\/images.xceed.me\\\/blog\\\/wp-content\\\/uploads\\\/2017\\\/09\\\/29122059\\\/Warehouse-Elementenstraat.jpg\",\"width\":1200,\"height\":630},{\"@type\":\"BreadcrumbList\",\"@id\":\"https:\\\/\\\/xceed.me\\\/blog\\\/it\\\/amsterdam-impone-restrizioni-sonore-agli-eventi-outdoor-e-warehouse\\\/#breadcrumb\",\"itemListElement\":[{\"@type\":\"ListItem\",\"position\":1,\"name\":\"Home\",\"item\":\"https:\\\/\\\/xceed.me\\\/blog\\\/en\\\/\"},{\"@type\":\"ListItem\",\"position\":2,\"name\":\"Amsterdam impone restrizioni sonore agli eventi outdoor e warehouse\"}]},{\"@type\":\"WebSite\",\"@id\":\"https:\\\/\\\/xceed.me\\\/blog\\\/#website\",\"url\":\"https:\\\/\\\/xceed.me\\\/blog\\\/\",\"name\":\"NIGHTMAG\",\"description\":\"NIGHTMAG\",\"potentialAction\":[{\"@type\":\"SearchAction\",\"target\":{\"@type\":\"EntryPoint\",\"urlTemplate\":\"https:\\\/\\\/xceed.me\\\/blog\\\/?s={search_term_string}\"},\"query-input\":{\"@type\":\"PropertyValueSpecification\",\"valueRequired\":true,\"valueName\":\"search_term_string\"}}],\"inLanguage\":\"en-US\"},{\"@type\":\"Person\",\"@id\":\"\",\"url\":\"https:\\\/\\\/xceed.me\\\/blog\\\/author\\\/\"}]}<\/script>\n<!-- \/ Yoast SEO plugin. -->","yoast_head_json":{"title":"Amsterdam impone restrizioni sonore agli eventi outdoor e warehouse - NIGHTMAG","robots":{"index":"index","follow":"follow","max-snippet":"max-snippet:-1","max-image-preview":"max-image-preview:large","max-video-preview":"max-video-preview:-1"},"canonical":"https:\/\/xceed.me\/blog\/it\/amsterdam-impone-restrizioni-sonore-agli-eventi-outdoor-e-warehouse\/","og_locale":"en_US","og_type":"article","og_title":"Amsterdam impone restrizioni sonore agli eventi outdoor e warehouse - NIGHTMAG","og_description":"Dal prossimo anno la capitale olandese imporr\u00e0 una nuova serie di restrizioni sonore agli eventi all\u2019aperto ed in&hellip;","og_url":"https:\/\/xceed.me\/blog\/it\/amsterdam-impone-restrizioni-sonore-agli-eventi-outdoor-e-warehouse\/","og_site_name":"NIGHTMAG","article_publisher":"https:\/\/www.facebook.com\/Xceed\/","article_published_time":"2017-09-14T17:01:18+00:00","article_modified_time":"2017-09-20T08:20:40+00:00","og_image":[{"width":1200,"height":630,"url":"https:\/\/images.xceed.me\/blog\/wp-content\/uploads\/2017\/09\/29122059\/Warehouse-Elementenstraat.jpg","type":"image\/jpeg"}],"twitter_card":"summary_large_image","twitter_creator":"@Xceed_World","twitter_site":"@Xceed_World","twitter_misc":{"Written by":"","Est. reading time":"1 minute"},"schema":{"@context":"https:\/\/schema.org","@graph":[{"@type":"Article","@id":"https:\/\/xceed.me\/blog\/it\/amsterdam-impone-restrizioni-sonore-agli-eventi-outdoor-e-warehouse\/#article","isPartOf":{"@id":"https:\/\/xceed.me\/blog\/it\/amsterdam-impone-restrizioni-sonore-agli-eventi-outdoor-e-warehouse\/"},"author":{"name":"","@id":""},"headline":"Amsterdam impone restrizioni sonore agli eventi outdoor e warehouse","datePublished":"2017-09-14T17:01:18+00:00","dateModified":"2017-09-20T08:20:40+00:00","mainEntityOfPage":{"@id":"https:\/\/xceed.me\/blog\/it\/amsterdam-impone-restrizioni-sonore-agli-eventi-outdoor-e-warehouse\/"},"wordCount":205,"commentCount":0,"image":{"@id":"https:\/\/xceed.me\/blog\/it\/amsterdam-impone-restrizioni-sonore-agli-eventi-outdoor-e-warehouse\/#primaryimage"},"thumbnailUrl":"https:\/\/images.xceed.me\/blog\/wp-content\/uploads\/2017\/09\/29122059\/Warehouse-Elementenstraat.jpg","keywords":["amsterdam","eventi","industria musicale"],"articleSection":["#Clubbing","#GestioneClub","#Novit\u00e0"],"inLanguage":"en-US","potentialAction":[{"@type":"CommentAction","name":"Comment","target":["https:\/\/xceed.me\/blog\/it\/amsterdam-impone-restrizioni-sonore-agli-eventi-outdoor-e-warehouse\/#respond"]}]},{"@type":"WebPage","@id":"https:\/\/xceed.me\/blog\/it\/amsterdam-impone-restrizioni-sonore-agli-eventi-outdoor-e-warehouse\/","url":"https:\/\/xceed.me\/blog\/it\/amsterdam-impone-restrizioni-sonore-agli-eventi-outdoor-e-warehouse\/","name":"Amsterdam impone restrizioni sonore agli eventi outdoor e warehouse - NIGHTMAG","isPartOf":{"@id":"https:\/\/xceed.me\/blog\/#website"},"primaryImageOfPage":{"@id":"https:\/\/xceed.me\/blog\/it\/amsterdam-impone-restrizioni-sonore-agli-eventi-outdoor-e-warehouse\/#primaryimage"},"image":{"@id":"https:\/\/xceed.me\/blog\/it\/amsterdam-impone-restrizioni-sonore-agli-eventi-outdoor-e-warehouse\/#primaryimage"},"thumbnailUrl":"https:\/\/images.xceed.me\/blog\/wp-content\/uploads\/2017\/09\/29122059\/Warehouse-Elementenstraat.jpg","datePublished":"2017-09-14T17:01:18+00:00","dateModified":"2017-09-20T08:20:40+00:00","author":{"@id":""},"breadcrumb":{"@id":"https:\/\/xceed.me\/blog\/it\/amsterdam-impone-restrizioni-sonore-agli-eventi-outdoor-e-warehouse\/#breadcrumb"},"inLanguage":"en-US","potentialAction":[{"@type":"ReadAction","target":["https:\/\/xceed.me\/blog\/it\/amsterdam-impone-restrizioni-sonore-agli-eventi-outdoor-e-warehouse\/"]}]},{"@type":"ImageObject","inLanguage":"en-US","@id":"https:\/\/xceed.me\/blog\/it\/amsterdam-impone-restrizioni-sonore-agli-eventi-outdoor-e-warehouse\/#primaryimage","url":"https:\/\/images.xceed.me\/blog\/wp-content\/uploads\/2017\/09\/29122059\/Warehouse-Elementenstraat.jpg","contentUrl":"https:\/\/images.xceed.me\/blog\/wp-content\/uploads\/2017\/09\/29122059\/Warehouse-Elementenstraat.jpg","width":1200,"height":630},{"@type":"BreadcrumbList","@id":"https:\/\/xceed.me\/blog\/it\/amsterdam-impone-restrizioni-sonore-agli-eventi-outdoor-e-warehouse\/#breadcrumb","itemListElement":[{"@type":"ListItem","position":1,"name":"Home","item":"https:\/\/xceed.me\/blog\/en\/"},{"@type":"ListItem","position":2,"name":"Amsterdam impone restrizioni sonore agli eventi outdoor e warehouse"}]},{"@type":"WebSite","@id":"https:\/\/xceed.me\/blog\/#website","url":"https:\/\/xceed.me\/blog\/","name":"NIGHTMAG","description":"NIGHTMAG","potentialAction":[{"@type":"SearchAction","target":{"@type":"EntryPoint","urlTemplate":"https:\/\/xceed.me\/blog\/?s={search_term_string}"},"query-input":{"@type":"PropertyValueSpecification","valueRequired":true,"valueName":"search_term_string"}}],"inLanguage":"en-US"},{"@type":"Person","@id":"","url":"https:\/\/xceed.me\/blog\/author\/"}]}},"jetpack_featured_media_url":"https:\/\/images.xceed.me\/blog\/wp-content\/uploads\/2017\/09\/29122059\/Warehouse-Elementenstraat.jpg","jetpack_sharing_enabled":true,"_links":{"self":[{"href":"https:\/\/xceed.me\/blog\/wp-json\/wp\/v2\/posts\/7008","targetHints":{"allow":["GET"]}}],"collection":[{"href":"https:\/\/xceed.me\/blog\/wp-json\/wp\/v2\/posts"}],"about":[{"href":"https:\/\/xceed.me\/blog\/wp-json\/wp\/v2\/types\/post"}],"author":[{"embeddable":true,"href":"https:\/\/xceed.me\/blog\/wp-json\/wp\/v2\/users\/1"}],"replies":[{"embeddable":true,"href":"https:\/\/xceed.me\/blog\/wp-json\/wp\/v2\/comments?post=7008"}],"version-history":[{"count":5,"href":"https:\/\/xceed.me\/blog\/wp-json\/wp\/v2\/posts\/7008\/revisions"}],"predecessor-version":[{"id":7128,"href":"https:\/\/xceed.me\/blog\/wp-json\/wp\/v2\/posts\/7008\/revisions\/7128"}],"wp:featuredmedia":[{"embeddable":true,"href":"https:\/\/xceed.me\/blog\/wp-json\/wp\/v2\/media\/7011"}],"wp:attachment":[{"href":"https:\/\/xceed.me\/blog\/wp-json\/wp\/v2\/media?parent=7008"}],"wp:term":[{"taxonomy":"category","embeddable":true,"href":"https:\/\/xceed.me\/blog\/wp-json\/wp\/v2\/categories?post=7008"},{"taxonomy":"post_tag","embeddable":true,"href":"https:\/\/xceed.me\/blog\/wp-json\/wp\/v2\/tags?post=7008"}],"curies":[{"name":"wp","href":"https:\/\/api.w.org\/{rel}","templated":true}]}}