{"id":30494,"date":"2025-04-15T12:55:48","date_gmt":"2025-04-15T10:55:48","guid":{"rendered":"https:\/\/xceed.me\/blog\/?p=30494"},"modified":"2025-04-15T12:55:52","modified_gmt":"2025-04-15T10:55:52","slug":"les-meilleurs-festivals-de-musique-en-italie","status":"publish","type":"post","link":"https:\/\/xceed.me\/blog\/fr\/les-meilleurs-festivals-de-musique-en-italie\/","title":{"rendered":"Les Meilleurs Festivals de Musique en Italie 2025 : Dates, Lieux et Tout Ce Qu\u2019il Faut Savoir"},"content":{"rendered":"\n<p>Quel meilleur moyen de passer ton \u00e9t\u00e9 \u2014 ou m\u00eame de commencer plus t\u00f4t \u2014 qu\u2019en plongeant dans les meilleurs festivals de musique en <strong><a href=\"https:\/\/xceed.me\/fr\/italy\" target=\"_blank\" rel=\"noreferrer noopener\">Italie<\/a><\/strong> en 2025 ? Imagine : des soir\u00e9es house dans les cours de ch\u00e2teaux historiques, des sets open-air dans des amphith\u00e9\u00e2tres antiques, et des sc\u00e8nes ensoleill\u00e9es plant\u00e9es au c\u0153ur des collines toscanes ou en bord de mer. C\u2019est \u00e7a, la vraie dolce vita.<\/p>\n\n\n\n<p>La saison des festivals 2025 en Italie, c\u2019est plus que de la bonne musique \u2014 c\u2019est l\u2019exp\u00e9rience m\u00e9diterran\u00e9enne ultime : \u00e9lectro de haut niveau + d\u00e9cors \u00e0 couper le souffle. Pr\u00eat \u00e0 d\u00e9couvrir les festivals italiens qui vont te faire vivre un vrai roadtrip musical ?<\/p>\n\n\n\n<hr class=\"wp-block-separator has-alpha-channel-opacity\"\/>\n\n\n\n<p style=\"font-size:28px\"><strong>Les Meilleurs Choix de XCEED<\/strong>:<\/p>\n\n\n\n<nav class=\"wp-block-table-of-contents\"><ol><li><a class=\"wp-block-table-of-contents__entry\" href=\"https:\/\/xceed.me\/blog\/fr\/les-meilleurs-festivals-de-musique-en-italie\/#decibel-open-air-decibel-easter-festival\">Decibel Open Air &amp; Decibel Easter Festival <\/a><\/li><li><a class=\"wp-block-table-of-contents__entry\" href=\"https:\/\/xceed.me\/blog\/fr\/les-meilleurs-festivals-de-musique-en-italie\/#superaurora-festival\">Superaurora Festival<\/a><\/li><li><a class=\"wp-block-table-of-contents__entry\" href=\"https:\/\/xceed.me\/blog\/fr\/les-meilleurs-festivals-de-musique-en-italie\/#robot-festival\">ROBOT Festival<\/a><\/li><li><a class=\"wp-block-table-of-contents__entry\" href=\"https:\/\/xceed.me\/blog\/fr\/les-meilleurs-festivals-de-musique-en-italie\/#bright-festival\">Bright Festival<\/a><\/li><li><a class=\"wp-block-table-of-contents__entry\" href=\"https:\/\/xceed.me\/blog\/fr\/les-meilleurs-festivals-de-musique-en-italie\/#gemini-festival\">Gemini Festival <\/a><\/li><li><a class=\"wp-block-table-of-contents__entry\" href=\"https:\/\/xceed.me\/blog\/fr\/les-meilleurs-festivals-de-musique-en-italie\/#komorebi-festival\">Komorebi Festival<\/a><\/li><li><a class=\"wp-block-table-of-contents__entry\" href=\"https:\/\/xceed.me\/blog\/fr\/les-meilleurs-festivals-de-musique-en-italie\/#limbo-rise-festival\">Limbo &#8216;RISE&#8217; Festival<\/a><\/li><li><a class=\"wp-block-table-of-contents__entry\" href=\"https:\/\/xceed.me\/blog\/fr\/les-meilleurs-festivals-de-musique-en-italie\/#invincible-festival\">In The Land 2025<\/a><\/li><li><a class=\"wp-block-table-of-contents__entry\" href=\"https:\/\/xceed.me\/blog\/fr\/les-meilleurs-festivals-de-musique-en-italie\/#invincible-festival\">Invincible Festival <\/a><\/li><li><a class=\"wp-block-table-of-contents__entry\" href=\"https:\/\/xceed.me\/blog\/fr\/les-meilleurs-festivals-de-musique-en-italie\/#siren-festival\">Siren Festival<\/a><\/li><\/ol><\/nav>\n\n\n\n<hr class=\"wp-block-separator has-alpha-channel-opacity\"\/>\n\n\n\n<h2 class=\"wp-block-heading\" id=\"decibel-open-air-decibel-easter-festival\" style=\"font-size:25px\"><a href=\"https:\/\/xceed.me\/fr\/firenze\/event\/decibel-easter-festival-full-pass--177561?utm_source=blog&amp;utm_medium=event&amp;utm_campaign=270325-ENG-%20ITAFESTIVALS-MAR-W4\" target=\"_blank\" rel=\"noreferrer noopener\"><strong>Decibel Open Air &amp; Decibel Easter Festival <\/strong><\/a><\/h2>\n\n\n\n<figure class=\"wp-block-image size-large\"><a href=\"https:\/\/xceed.me\/fr\/firenze\/event\/decibel-easter-festival-full-pass--177561?utm_source=blog&amp;utm_medium=event&amp;utm_campaign=270325-ENG-%20ITAFESTIVALS-MAR-W4\" target=\"_blank\" rel=\"noreferrer noopener\"><img loading=\"lazy\" decoding=\"async\" width=\"1365\" height=\"767\" src=\"https:\/\/images.xceed.me\/blog\/wp-content\/uploads\/2025\/03\/26193534\/decibel-edited.jpg\" alt=\"Decibel Easter Festival \u2013 Avril 2025\nFlorence, Italie | Un DJ envoie de l\u2019amour \u00e0 la foule en d\u00e9lire avec un geste de la main, dans un immense lieu vibrant.\" class=\"wp-image-30249\" srcset=\"https:\/\/images.xceed.me\/blog\/wp-content\/uploads\/2025\/03\/26193534\/decibel-edited.jpg 1365w, https:\/\/images.xceed.me\/blog\/wp-content\/uploads\/2025\/03\/26193534\/decibel-edited-360x202.jpg 360w, https:\/\/images.xceed.me\/blog\/wp-content\/uploads\/2025\/03\/26193534\/decibel-edited-1024x575.jpg 1024w, https:\/\/images.xceed.me\/blog\/wp-content\/uploads\/2025\/03\/26193534\/decibel-edited-680x382.jpg 680w, https:\/\/images.xceed.me\/blog\/wp-content\/uploads\/2025\/03\/26193534\/decibel-edited-380x214.jpg 380w, https:\/\/images.xceed.me\/blog\/wp-content\/uploads\/2025\/03\/26193534\/decibel-edited-800x450.jpg 800w, https:\/\/images.xceed.me\/blog\/wp-content\/uploads\/2025\/03\/26193534\/decibel-edited-1160x652.jpg 1160w\" sizes=\"auto, (max-width: 1365px) 100vw, 1365px\" \/><\/a><\/figure>\n\n\n\n<p>Florence d\u00e9marre la saison avec le <a href=\"https:\/\/xceed.me\/fr\/firenze\/event\/decibel-easter-festival-full-pass--177561?utm_source=blog&amp;utm_medium=event&amp;utm_campaign=270325-ENG-%20ITAFESTIVALS-MAR-W4\" target=\"_blank\" rel=\"noreferrer noopener\"><strong>Decibel Easter Festival<\/strong><\/a>, deux jours de techno et house \u00e0 fond les platines. Chaque style a sa journ\u00e9e d\u00e9di\u00e9e, de quoi faire kiffer autant les amoureux de kicks lourds que les fans de groove solaire. Au menu : <a href=\"https:\/\/xceed.me\/fr\/artist\/fatboy-slim?utm_source=blog&amp;utm_medium=artist&amp;utm_campaign=270325-ENG-%20ITAFESTIVALS-MAR-W4\"><strong>Fatboy Slim<\/strong><\/a>, <a href=\"https:\/\/xceed.me\/fr\/artist\/i-hate-models?utm_source=blog&amp;utm_medium=artist&amp;utm_campaign=270325-ENG-%20ITAFESTIVALS-MAR-W4\" target=\"_blank\" rel=\"noreferrer noopener\">&nbsp;<strong>I Hate Models<\/strong><\/a>, <strong><a href=\"https:\/\/xceed.me\/fr\/artist\/fantasm?utm_source=blog&amp;utm_medium=artist&amp;utm_campaign=270325-ENG-%20ITAFESTIVALS-MAR-W4\" target=\"_blank\" rel=\"noreferrer noopener\">Fantasm<\/a><\/strong>, <strong><a href=\"https:\/\/xceed.me\/fr\/artist\/luca-agnelli?utm_source=blog&amp;utm_medium=artist&amp;utm_campaign=270325-ENG-%20ITAFESTIVALS-MAR-W4\" target=\"_blank\" rel=\"noreferrer noopener\">Luca Agnelli<\/a><\/strong> et plus encore. Week-end de P\u00e2ques = garanti sans pause.<\/p>\n\n\n\n<p>Et en septembre, retour \u00e0 Florence avec <em>Decibel Open Air<\/em>, pour un final de saison explosif. Dans le Parc des Cascine, \u00e0 deux pas du centre-ville, l\u2019ambiance est aussi verte que vibrante. Le lineup reste \u00e0 venir, mais une chose est s\u00fbre : tu vas t\u2019en souvenir.<\/p>\n\n\n\n<p>Quand? <strong>Dim-Lun, 20-21 Avril \/ Sam-Dim, 6-7 Septembre<\/strong><\/p>\n\n\n\n<p>O\u00f9?<strong> <a href=\"https:\/\/xceed.me\/firenze\/club\/nelson-mandela-forum?utm_source=blog&amp;utm_medium=event&amp;utm_campaign=270325-ENG-%20ITAFESTIVALS-MAR-W4\">Nelson Mandela Forum, Florence<\/a>&nbsp;<\/strong>\/ Parco Delle Cascine<\/p>\n\n\n\n<p>Qui joue? <strong><a href=\"https:\/\/xceed.me\/fr\/artist\/fatboy-slim?utm_source=blog&amp;utm_medium=event&amp;utm_campaign=270325-ENG-%20ITAFESTIVALS-MAR-W4\">Fatboy Slim<\/a>, <a href=\"https:\/\/xceed.me\/fr\/artist\/i-hate-models?utm_source=blog&amp;utm_medium=artist&amp;utm_campaign=270325-ENG-%20ITAFESTIVALS-MAR-W4\">I Hate Models<\/a>, <a href=\"https:\/\/xceed.me\/fr\/artist\/fantasm?utm_source=blog&amp;utm_medium=artist&amp;utm_campaign=270325-ENG-%20ITAFESTIVALS-MAR-W4\">Fantasm<\/a>, <a href=\"https:\/\/xceed.me\/fr\/artist\/luca-agnelli?utm_source=blog&amp;utm_medium=artist&amp;utm_campaign=270325-ENG-%20ITAFESTIVALS-MAR-W4\">Luca Agnelli<\/a> &amp; plus<\/strong>.<\/p>\n\n\n\n<div class=\"wp-block-buttons is-layout-flex wp-block-buttons-is-layout-flex\">\n<div class=\"wp-block-button\"><a class=\"wp-block-button__link has-white-color has-black-background-color has-text-color has-background wp-element-button\" href=\"https:\/\/xceed.me\/fr\/firenze\/event\/decibel-easter-festival-full-pass--177561?utm_source=blog&amp;utm_medium=event&amp;utm_campaign=270325-ENG-%20ITAFESTIVALS-MAR-W4\" target=\"_blank\" rel=\"noreferrer noopener\">billets decibel EASTER<\/a><\/div>\n\n\n\n<div class=\"wp-block-button\"><a class=\"wp-block-button__link has-white-color has-black-background-color has-text-color has-background wp-element-button\" href=\"https:\/\/xceed.me\/fr\/firenze\/event\/decibel-open-air-2025-full-week-end-pass--185108?utm_source=blog&amp;utm_medium=event&amp;utm_campaign=270325-ENG-%20ITAFESTIVALS-MAR-W4\" target=\"_blank\" rel=\"noreferrer noopener\">billets DECIBEL OPEN AIR<\/a><\/div>\n<\/div>\n\n\n\n<hr class=\"wp-block-separator has-alpha-channel-opacity\"\/>\n\n\n\n<h2 class=\"wp-block-heading\" id=\"superaurora-festival\" style=\"font-size:25px\"><a href=\"https:\/\/xceed.me\/fr\/roma\/event\/full-pass-superaurora-festival-2025--178400?utm_source=blog&amp;utm_medium=event&amp;utm_campaign=270325-ENG-%20ITAFESTIVALS-MAR-W4\" target=\"_blank\" rel=\"noreferrer noopener\">Superaurora Festival<\/a><\/h2>\n\n\n\n<figure class=\"wp-block-image size-large is-resized\"><a href=\"https:\/\/xceed.me\/fr\/roma\/event\/full-pass-superaurora-festival-2025--178400?utm_source=blog&amp;utm_medium=event&amp;utm_campaign=270325-ENG-%20ITAFESTIVALS-MAR-W4\"><img loading=\"lazy\" decoding=\"async\" src=\"https:\/\/images.xceed.me\/blog\/wp-content\/uploads\/2025\/03\/26193553\/superaurorafestival-edited.jpeg\" alt=\"Superaurora Festival | Juin 2025\nRome, Italie | Une fille pose avec l\u2019\u00e9ventail Superaurora, habill\u00e9e d\u2019un look tropical et styl\u00e9.\" class=\"wp-image-30250\" width=\"690\" height=\"388\" srcset=\"https:\/\/images.xceed.me\/blog\/wp-content\/uploads\/2025\/03\/26193553\/superaurorafestival-edited.jpeg 1440w, https:\/\/images.xceed.me\/blog\/wp-content\/uploads\/2025\/03\/26193553\/superaurorafestival-edited-360x203.jpeg 360w, https:\/\/images.xceed.me\/blog\/wp-content\/uploads\/2025\/03\/26193553\/superaurorafestival-edited-1024x576.jpeg 1024w, https:\/\/images.xceed.me\/blog\/wp-content\/uploads\/2025\/03\/26193553\/superaurorafestival-edited-680x383.jpeg 680w, https:\/\/images.xceed.me\/blog\/wp-content\/uploads\/2025\/03\/26193553\/superaurorafestival-edited-380x214.jpeg 380w, https:\/\/images.xceed.me\/blog\/wp-content\/uploads\/2025\/03\/26193553\/superaurorafestival-edited-800x450.jpeg 800w, https:\/\/images.xceed.me\/blog\/wp-content\/uploads\/2025\/03\/26193553\/superaurorafestival-edited-1160x653.jpeg 1160w\" sizes=\"auto, (max-width: 690px) 100vw, 690px\" \/><\/a><\/figure>\n\n\n\n<p>Un ch\u00e2teau, 4 sc\u00e8nes, 35+ artistes : <strong><a href=\"https:\/\/xceed.me\/fr\/roma\/event\/full-pass-superaurora-festival-2025--178400?utm_source=blog&amp;utm_medium=event&amp;utm_campaign=270325-ENG-%20ITAFESTIVALS-MAR-W4\" target=\"_blank\" rel=\"noreferrer noopener\">Superaurora Festival<\/a><\/strong>, c\u2019est l\u2019Italie comme tu l\u2019as jamais vue. <strong><a href=\"https:\/\/xceed.me\/fr\/artist\/carl-cox?utm_source=blog&amp;utm_medium=artist&amp;utm_campaign=270325-ENG-%20ITAFESTIVALS-MAR-W4\">Carl Cox<\/a>, <a href=\"https:\/\/xceed.me\/fr\/artist\/kid-yugi-1?utm_source=blog&amp;utm_medium=artist&amp;utm_campaign=270325-ENG-%20ITAFESTIVALS-MAR-W4\" target=\"_blank\" rel=\"noreferrer noopener\">Kid Yugi<\/a>, <a href=\"https:\/\/xceed.me\/fr\/artist\/nic-fanciulli?utm_source=blog&amp;utm_medium=artist&amp;utm_campaign=270325-ENG-%20ITAFESTIVALS-MAR-W4\" target=\"_blank\" rel=\"noreferrer noopener\">Nic Fanciulli<\/a><\/strong> et d\u2019autres enflamment les abords de Rome. Entre nature, mer et son, l\u2019exp\u00e9rience est totale.<\/p>\n\n\n\n<p>Quand? <strong>Ven-Dim, 20-22 Juin<\/strong><\/p>\n\n\n\n<p>O\u00f9? <strong><a href=\"https:\/\/xceed.me\/roma\/club\/superaurora-festival-parco-di-castello-chigi?utm_source=blog&amp;utm_medium=event&amp;utm_campaign=270325-ENG-%20ITAFESTIVALS-MAR-W4\">Parco di Castello Chigi, Rome<\/a>&nbsp;<\/strong><\/p>\n\n\n\n<p>Qui joue? <strong><a href=\"https:\/\/xceed.me\/fr\/artist\/carl-cox?utm_source=blog&amp;utm_medium=artist&amp;utm_campaign=270325-ENG-%20ITAFESTIVALS-MAR-W4\">Carl Cox<\/a>, <a href=\"https:\/\/xceed.me\/fr\/artist\/kid-yugi-1?utm_source=blog&amp;utm_medium=artist&amp;utm_campaign=270325-ENG-%20ITAFESTIVALS-MAR-W4\" target=\"_blank\" rel=\"noreferrer noopener\">Kid Yugi<\/a>, <a href=\"https:\/\/xceed.me\/fr\/artist\/nic-fanciulli?utm_source=blog&amp;utm_medium=artist&amp;utm_campaign=270325-ENG-%20ITAFESTIVALS-MAR-W4\" target=\"_blank\" rel=\"noreferrer noopener\">Nic Fanciulli<\/a>,<a href=\"https:\/\/xceed.me\/fr\/artist\/mace?utm_source=blog&amp;utm_medium=artist&amp;utm_campaign=270325-ENG-%20ITAFESTIVALS-MAR-W4\" target=\"_blank\" rel=\"noreferrer noopener\"> MACE,<\/a><a href=\"https:\/\/xceed.me\/fr\/artist\/anna-tur?utm_source=blog&amp;utm_medium=artist&amp;utm_campaign=270325-ENG-%20ITAFESTIVALS-MAR-W4\" target=\"_blank\" rel=\"noreferrer noopener\"> Anna Tur<\/a> &amp; more.<\/strong><\/p>\n\n\n\n<div class=\"wp-block-buttons is-layout-flex wp-block-buttons-is-layout-flex\">\n<div class=\"wp-block-button\"><a class=\"wp-block-button__link has-white-color has-black-background-color has-text-color has-background wp-element-button\" href=\"https:\/\/xceed.me\/en\/roma\/event\/full-pass-superaurora-festival-2025--178400?utm_source=blog&amp;utm_medium=event&amp;utm_campaign=270325-ENG-%20ITAFESTIVALS-MAR-W4\" target=\"_blank\" rel=\"noreferrer noopener\">billets superaurora<\/a><\/div>\n<\/div>\n\n\n\n<hr class=\"wp-block-separator has-alpha-channel-opacity\"\/>\n\n\n\n<h2 class=\"wp-block-heading\" id=\"robot-festival\" style=\"font-size:25px\"><a href=\"https:\/\/xceed.me\/fr\/bologna\/event\/robot-festival-16-night-pass--176065?utm_source=blog&amp;utm_medium=event&amp;utm_campaign=270325-ENG-%20ITAFESTIVALS-MAR-W4\" target=\"_blank\" rel=\"noreferrer noopener\">ROBOT Festival<\/a><\/h2>\n\n\n\n<figure class=\"wp-block-image size-large is-resized\"><a href=\"https:\/\/xceed.me\/fr\/bologna\/event\/robot-festival-16-night-pass--176065?utm_source=blog&amp;utm_medium=event&amp;utm_campaign=270325-ENG-%20ITAFESTIVALS-MAR-W4\"><img loading=\"lazy\" decoding=\"async\" src=\"https:\/\/images.xceed.me\/blog\/wp-content\/uploads\/2025\/03\/26193704\/robot-edited.jpg\" alt=\"Robot Festival | Octobre 2025\nBologne, Italie | Une salle plong\u00e9e dans des lumi\u00e8res rouge fonc\u00e9 et bleu, avec des clubbers pr\u00eats \u00e0 faire la f\u00eate.\n\" class=\"wp-image-30252\" width=\"690\" height=\"387\" srcset=\"https:\/\/images.xceed.me\/blog\/wp-content\/uploads\/2025\/03\/26193704\/robot-edited.jpg 1920w, https:\/\/images.xceed.me\/blog\/wp-content\/uploads\/2025\/03\/26193704\/robot-edited-360x202.jpg 360w, https:\/\/images.xceed.me\/blog\/wp-content\/uploads\/2025\/03\/26193704\/robot-edited-1024x575.jpg 1024w, https:\/\/images.xceed.me\/blog\/wp-content\/uploads\/2025\/03\/26193704\/robot-edited-680x382.jpg 680w, https:\/\/images.xceed.me\/blog\/wp-content\/uploads\/2025\/03\/26193704\/robot-edited-1536x863.jpg 1536w, https:\/\/images.xceed.me\/blog\/wp-content\/uploads\/2025\/03\/26193704\/robot-edited-380x214.jpg 380w, https:\/\/images.xceed.me\/blog\/wp-content\/uploads\/2025\/03\/26193704\/robot-edited-800x450.jpg 800w, https:\/\/images.xceed.me\/blog\/wp-content\/uploads\/2025\/03\/26193704\/robot-edited-1160x652.jpg 1160w\" sizes=\"auto, (max-width: 690px) 100vw, 690px\" \/><\/a><\/figure>\n\n\n\n<p><strong><a href=\"https:\/\/xceed.me\/fr\/bologna\/event\/robot-festival-16-night-pass--176065?utm_source=blog&amp;utm_medium=event&amp;utm_campaign=270325-ENG-%20ITAFESTIVALS-MAR-W4\" target=\"_blank\" rel=\"noreferrer noopener\">ROBOT Festival<\/a><\/strong>, c\u2019est le rendez-vous des esprits curieux. Au c\u0153ur du spot underground DumBO, ce festival hybride mixe musique \u00e9lectronique exp\u00e9rimentale et arts num\u00e9riques. Ambiance industrielle, visuels hallucinants et sound design futuriste.<\/p>\n\n\n\n<p>Quand? <strong>Ven-Dim, 10-12 Octobre<\/strong><\/p>\n\n\n\n<p>O\u00f9? <a href=\"https:\/\/xceed.me\/bologna\/club\/dumbo?utm_source=blog&amp;utm_medium=club&amp;utm_campaign=270325-ENG-%20ITAFESTIVALS-MAR-W4\" target=\"_blank\" rel=\"noreferrer noopener\"><strong>DumBO, Bologna<\/strong><\/a><\/p>\n\n\n\n<p>Qui joue? &nbsp;<strong>\u00c0 venir<\/strong><\/p>\n\n\n\n<div class=\"wp-block-buttons is-layout-flex wp-block-buttons-is-layout-flex\">\n<div class=\"wp-block-button\"><a class=\"wp-block-button__link has-white-color has-black-background-color has-text-color has-background wp-element-button\" href=\"https:\/\/xceed.me\/fr\/bologna\/event\/robot-festival-16-night-pass--176065?utm_source=blog&amp;utm_medium=event&amp;utm_campaign=270325-ENG-%20ITAFESTIVALS-MAR-W4\" target=\"_blank\" rel=\"noreferrer noopener\">billets ROBOT<\/a><\/div>\n<\/div>\n\n\n\n<hr class=\"wp-block-separator has-alpha-channel-opacity\"\/>\n\n\n\n<h2 class=\"wp-block-heading\" id=\"bright-festival\" style=\"font-size:25px\"><a href=\"https:\/\/xceed.me\/fr\/firenze\/event\/combo-art-music-12-13-april-bright-festival--179165?utm_source=blog&amp;utm_medium=event&amp;utm_campaign=270325-ENG-%20ITAFESTIVALS-MAR-W4\">Bright Festival<\/a><\/h2>\n\n\n\n<figure class=\"wp-block-image size-large\"><a href=\"https:\/\/xceed.me\/fr\/firenze\/event\/combo-art-music-12-13-april-bright-festival--179165?utm_source=blog&amp;utm_medium=event&amp;utm_campaign=270325-ENG-%20ITAFESTIVALS-MAR-W4\"><img loading=\"lazy\" decoding=\"async\" width=\"1440\" height=\"810\" src=\"https:\/\/images.xceed.me\/blog\/wp-content\/uploads\/2025\/03\/26193925\/brightfestival-1-edited.jpeg\" alt=\"Bright Festival | Avril 2025\nFlorence, Italie | Des faisceaux lumineux blancs et scintillants traversent la sc\u00e8ne en lignes nettes, illuminant une fille qui se tient face \u00e0 eux.\" class=\"wp-image-30253\" srcset=\"https:\/\/images.xceed.me\/blog\/wp-content\/uploads\/2025\/03\/26193925\/brightfestival-1-edited.jpeg 1440w, https:\/\/images.xceed.me\/blog\/wp-content\/uploads\/2025\/03\/26193925\/brightfestival-1-edited-360x203.jpeg 360w, https:\/\/images.xceed.me\/blog\/wp-content\/uploads\/2025\/03\/26193925\/brightfestival-1-edited-1024x576.jpeg 1024w, https:\/\/images.xceed.me\/blog\/wp-content\/uploads\/2025\/03\/26193925\/brightfestival-1-edited-680x383.jpeg 680w, https:\/\/images.xceed.me\/blog\/wp-content\/uploads\/2025\/03\/26193925\/brightfestival-1-edited-380x214.jpeg 380w, https:\/\/images.xceed.me\/blog\/wp-content\/uploads\/2025\/03\/26193925\/brightfestival-1-edited-800x450.jpeg 800w, https:\/\/images.xceed.me\/blog\/wp-content\/uploads\/2025\/03\/26193925\/brightfestival-1-edited-1160x653.jpeg 1160w\" sizes=\"auto, (max-width: 1440px) 100vw, 1440px\" \/><\/a><\/figure>\n\n\n\n<p><a href=\"http:\/\/xceed.me\/fr\/italy?utm_source=blog&amp;utm_medium=city&amp;utm_campaign=270325-ENG-%20ITAFESTIVALS-MAR-W4\" target=\"_blank\" rel=\"noreferrer noopener\"><strong>Florence<\/strong><\/a> se transforme en playground fluo le temps du <em><strong><a href=\"https:\/\/xceed.me\/en\/firenze\/event\/combo-art-music-12-13-april-bright-festival--179165?utm_source=blog&amp;utm_medium=event&amp;utm_campaign=270325-ENG-%20ITAFESTIVALS-MAR-W4\">Bright Festival<\/a><\/strong><\/em>. \u00c9lectro, installations immersives et vibes sci-fi au menu. Les meilleurs DJs et artistes digitaux t\u2019y attendent pour une claque sensorielle.<\/p>\n\n\n\n<p>Quand? <strong>Sam-Dim, 12-13 Avril<\/strong><\/p>\n\n\n\n<p>O\u00f9? <strong><a href=\"https:\/\/xceed.me\/fr\/firenze\/club\/stazione-leopolda?utm_source=blog&amp;utm_medium=event&amp;utm_campaign=270325-ENG-%20ITAFESTIVALS-MAR-W4\">Stazione Leopolda, Florence<\/a><\/strong><\/p>\n\n\n\n<p>Qui joue? <strong>\u00c0 venir<\/strong><\/p>\n\n\n\n<div class=\"wp-block-buttons is-layout-flex wp-block-buttons-is-layout-flex\">\n<div class=\"wp-block-button\"><a class=\"wp-block-button__link has-white-color has-black-background-color has-text-color has-background wp-element-button\" href=\"https:\/\/xceed.me\/fr\/firenze\/event\/combo-art-music-12-13-april-bright-festival--179165?utm_source=blog&amp;utm_medium=event&amp;utm_campaign=270325-ENG-%20ITAFESTIVALS-MAR-W4\">billets BRIGHT<\/a><\/div>\n<\/div>\n\n\n\n<hr class=\"wp-block-separator has-alpha-channel-opacity\"\/>\n\n\n\n<h2 class=\"wp-block-heading\" id=\"gemini-festival\" style=\"font-size:25px\"><a href=\"https:\/\/xceed.me\/fr\/bologna\/event\/gemini-festival-2025-day02--175760?utm_source=blog&amp;utm_medium=event&amp;utm_campaign=270325-ENG-%20ITAFESTIVALS-MAR-W4\" target=\"_blank\" rel=\"noreferrer noopener\">Gemini Festival <\/a><\/h2>\n\n\n\n<figure class=\"wp-block-image size-large\"><a href=\"https:\/\/xceed.me\/fr\/bologna\/event\/gemini-festival-2025-day02--175760?utm_source=blog&amp;utm_medium=event&amp;utm_campaign=270325-ENG-%20ITAFESTIVALS-MAR-W4\" target=\"_blank\" rel=\"noreferrer noopener\"><img loading=\"lazy\" decoding=\"async\" width=\"2048\" height=\"1151\" src=\"https:\/\/images.xceed.me\/blog\/wp-content\/uploads\/2025\/03\/26193939\/gemini-edited.jpg\" alt=\"Gemini Music Festival 2025 \u2013 Mai 2025 | Bologne, Italie\nLe DJ aux platines, en train de faire vibrer la foule avec un set techno et house.\" class=\"wp-image-30254\" srcset=\"https:\/\/images.xceed.me\/blog\/wp-content\/uploads\/2025\/03\/26193939\/gemini-edited.jpg 2048w, https:\/\/images.xceed.me\/blog\/wp-content\/uploads\/2025\/03\/26193939\/gemini-edited-360x202.jpg 360w, https:\/\/images.xceed.me\/blog\/wp-content\/uploads\/2025\/03\/26193939\/gemini-edited-1024x576.jpg 1024w, https:\/\/images.xceed.me\/blog\/wp-content\/uploads\/2025\/03\/26193939\/gemini-edited-680x382.jpg 680w, https:\/\/images.xceed.me\/blog\/wp-content\/uploads\/2025\/03\/26193939\/gemini-edited-1536x863.jpg 1536w, https:\/\/images.xceed.me\/blog\/wp-content\/uploads\/2025\/03\/26193939\/gemini-edited-380x214.jpg 380w, https:\/\/images.xceed.me\/blog\/wp-content\/uploads\/2025\/03\/26193939\/gemini-edited-800x450.jpg 800w, https:\/\/images.xceed.me\/blog\/wp-content\/uploads\/2025\/03\/26193939\/gemini-edited-1160x652.jpg 1160w\" sizes=\"auto, (max-width: 2048px) 100vw, 2048px\" \/><\/a><\/figure>\n\n\n\n<p>Troisi\u00e8me \u00e9dition pour <strong><a href=\"https:\/\/xceed.me\/fr\/bologna\/event\/gemini-festival-2025-day02--175760?utm_source=blog&amp;utm_medium=event&amp;utm_campaign=270325-ENG-%20ITAFESTIVALS-MAR-W4\" target=\"_blank\" rel=\"noreferrer noopener\">Gemini Festival<\/a><\/strong>, toujours \u00e0 <strong><a href=\"http:\/\/xceed.me\/fr\/italy?utm_source=blog&amp;utm_medium=city&amp;utm_campaign=270325-ENG-%20ITAFESTIVALS-MAR-W4\" target=\"_blank\" rel=\"noreferrer noopener\">Bologne<\/a><\/strong>, toujours \u00e0 fond. Entre house, electro, sons exp\u00e9rimentaux et performances arty, la prog s\u2019annonce solide avec <strong><a href=\"https:\/\/xceed.me\/fr\/artist\/cassius?utm_source=blog&amp;utm_medium=event&amp;utm_campaign=270325-ENG-%20ITAFESTIVALS-MAR-W4\" target=\"_blank\" rel=\"noreferrer noopener\">Cassius<\/a><\/strong>, &nbsp;<strong><a href=\"https:\/\/xceed.me\/fr\/artist\/sofia-kourtesis?utm_source=blog&amp;utm_medium=event&amp;utm_campaign=270325-ENG-%20ITAFESTIVALS-MAR-W4\">Sofia Kourtesis<\/a><\/strong>, La Femme\u2026 Weekend intense garanti.<\/p>\n\n\n\n<p>Quand? <strong>Ven-Sam, 16-17 Mai<\/strong><\/p>\n\n\n\n<p>O\u00f9? <a href=\"https:\/\/xceed.me\/en\/bologna\/club\/dumbo?utm_source=blog&amp;utm_medium=event&amp;utm_campaign=270325-ENG-%20ITAFESTIVALS-MAR-W4\"><strong>DumBo, Bologne<\/strong><\/a><\/p>\n\n\n\n<p>Qui joue? <a href=\"https:\/\/xceed.me\/fr\/artist\/cassius?utm_source=blog&amp;utm_medium=event&amp;utm_campaign=270325-ENG-%20ITAFESTIVALS-MAR-W4\"><strong>Cassius<\/strong><\/a>, <a href=\"https:\/\/xceed.me\/fr\/artist\/dove-liana-1?utm_source=blog&amp;utm_medium=event&amp;utm_campaign=270325-ENG-%20ITAFESTIVALS-MAR-W4\"><strong>Where is Liana<\/strong><\/a>,<a href=\"https:\/\/xceed.me\/fr\/artist\/sofia-kourtesis?utm_source=blog&amp;utm_medium=event&amp;utm_campaign=270325-ENG-%20ITAFESTIVALS-MAR-W4\"> <strong>Sofia Kourtesis<\/strong><\/a>, <strong><a href=\"https:\/\/xceed.me\/fr\/artist\/la-femme?utm_source=blog&amp;utm_medium=event&amp;utm_campaign=270325-ENG-%20ITAFESTIVALS-MAR-W4\">La Femme<\/a><\/strong>, <strong>and &amp; more<\/strong>.<\/p>\n\n\n\n<div class=\"wp-block-buttons is-layout-flex wp-block-buttons-is-layout-flex\">\n<div class=\"wp-block-button\"><a class=\"wp-block-button__link has-white-color has-black-background-color has-text-color has-background wp-element-button\" href=\"https:\/\/xceed.me\/fr\/bologna\/event\/gemini-festival-2025-day02--175760?utm_source=blog&amp;utm_medium=event&amp;utm_campaign=270325-ENG-%20ITAFESTIVALS-MAR-W4\" target=\"_blank\" rel=\"noreferrer noopener\">billets GEMINI<\/a><\/div>\n<\/div>\n\n\n\n<hr class=\"wp-block-separator has-alpha-channel-opacity\"\/>\n\n\n\n<h2 class=\"wp-block-heading\" id=\"komorebi-festival\" style=\"font-size:25px\"><a href=\"https:\/\/xceed.me\/fr\/cuneo\/event\/komorebi-music-festival-2025--176926?utm_source=blog&amp;utm_medium=event&amp;utm_campaign=270325-ENG-%20ITAFESTIVALS-MAR-W4\">Komorebi Festival<\/a><\/h2>\n\n\n\n<figure class=\"wp-block-image size-large\"><a href=\"https:\/\/xceed.me\/fr\/cuneo\/event\/komorebi-music-festival-2025--176926?utm_source=blog&amp;utm_medium=event&amp;utm_campaign=270325-ENG-%20ITAFESTIVALS-MAR-W4\" target=\"_blank\" rel=\"noreferrer noopener\"><img loading=\"lazy\" decoding=\"async\" width=\"2048\" height=\"1152\" src=\"https:\/\/images.xceed.me\/blog\/wp-content\/uploads\/2025\/03\/26193955\/komorebi-2-edited.jpg\" alt=\"Komorebi festival | September 2025 | F\u00eate musicale en plein jour dans un festival en Italie, dans les Alpes, avec une foule joyeuse qui vibre au rythme de la musique.\n\n\n\n\n\n\" class=\"wp-image-30255\" srcset=\"https:\/\/images.xceed.me\/blog\/wp-content\/uploads\/2025\/03\/26193955\/komorebi-2-edited.jpg 2048w, https:\/\/images.xceed.me\/blog\/wp-content\/uploads\/2025\/03\/26193955\/komorebi-2-edited-360x203.jpg 360w, https:\/\/images.xceed.me\/blog\/wp-content\/uploads\/2025\/03\/26193955\/komorebi-2-edited-1024x576.jpg 1024w, https:\/\/images.xceed.me\/blog\/wp-content\/uploads\/2025\/03\/26193955\/komorebi-2-edited-680x383.jpg 680w, https:\/\/images.xceed.me\/blog\/wp-content\/uploads\/2025\/03\/26193955\/komorebi-2-edited-1536x864.jpg 1536w, https:\/\/images.xceed.me\/blog\/wp-content\/uploads\/2025\/03\/26193955\/komorebi-2-edited-380x214.jpg 380w, https:\/\/images.xceed.me\/blog\/wp-content\/uploads\/2025\/03\/26193955\/komorebi-2-edited-800x450.jpg 800w, https:\/\/images.xceed.me\/blog\/wp-content\/uploads\/2025\/03\/26193955\/komorebi-2-edited-1160x653.jpg 1160w\" sizes=\"auto, (max-width: 2048px) 100vw, 2048px\" \/><\/a><\/figure>\n\n\n\n<p>Nich\u00e9 dans les Alpes italiennes, <strong><a href=\"https:\/\/xceed.me\/fr\/cuneo\/event\/komorebi-music-festival-2025--176926?utm_source=blog&amp;utm_medium=event&amp;utm_campaign=270325-ENG-%20ITAFESTIVALS-MAR-W4\" target=\"_blank\" rel=\"noreferrer noopener\">Komorebi Music Festival<\/a><\/strong> te propose une escapade sonore dans la <strong><a href=\"https:\/\/xceed.me\/fr\/cuneo\/club\/forte-di-vinadio?utm_source=blog&amp;utm_medium=event&amp;utm_campaign=270325-ENG-%20ITAFESTIVALS-MAR-W4\" target=\"_blank\" rel=\"noreferrer noopener\">Forte di Vinadio<\/a><\/strong>. Un cadre brut, une ambiance intime, et des lives immersifs sign\u00e9s <strong><a href=\"http:\/\/xceed.me\/fr\/artist\/circle-of-live?utm_source=blog&amp;utm_medium=artist&amp;utm_campaign=270325-ENG-%20ITAFESTIVALS-MAR-W4\" target=\"_blank\" rel=\"noreferrer noopener\">Circle of Live<\/a><\/strong>,&nbsp;<strong><a href=\"https:\/\/xceed.me\/fr\/artist\/sebastian-mullaert?utm_source=blog&amp;utm_medium=artist&amp;utm_campaign=270325-ENG-%20ITAFESTIVALS-MAR-W4\" target=\"_blank\" rel=\"noreferrer noopener\">Sebastian Mullaert<\/a><\/strong> et <strong><a href=\"https:\/\/xceed.me\/fr\/artist\/efdemin?utm_source=blog&amp;utm_medium=artist&amp;utm_campaign=270325-ENG-%20ITAFESTIVALS-MAR-W4\" target=\"_blank\" rel=\"noreferrer noopener\">Efdemin<\/a><\/strong>. Vibes profondes et d\u00e9connexion totale.<\/p>\n\n\n\n<p>Quand? <strong>Ven-Dim, 5-7 Septembre<\/strong><\/p>\n\n\n\n<p>O\u00f9? <a href=\"https:\/\/xceed.me\/en\/cuneo\/club\/forte-di-vinadio?utm_source=blog&amp;utm_medium=event&amp;utm_campaign=270325-ENG-%20ITAFESTIVALS-MAR-W4\"><strong>Forte di Vinadio, Vinadio<\/strong><\/a><\/p>\n\n\n\n<p>Qui joue? <strong><a href=\"http:\/\/xceed.me\/fr\/artist\/circle-of-live?utm_source=blog&amp;utm_medium=artist&amp;utm_campaign=270325-ENG-%20ITAFESTIVALS-MAR-W4\" target=\"_blank\" rel=\"noreferrer noopener\">Circle Of Live<\/a>, <a href=\"http:\/\/xceed.me\/fr\/artist\/danieli?utm_source=blog&amp;utm_medium=artist&amp;utm_campaign=270325-ENG-%20ITAFESTIVALS-MAR-W4\" target=\"_blank\" rel=\"noreferrer noopener\">Sebastian Mullaert<\/a>, <a href=\"https:\/\/xceed.me\/fr\/artist\/feral?utm_source=blog&amp;utm_medium=event&amp;utm_campaign=270325-ENG-%20ITAFESTIVALS-MAR-W4\">Daniel<\/a><a href=\"https:\/\/xceed.me\/fr\/artist\/feral\">, Feral<\/a><a href=\"https:\/\/xceed.me\/en\/artist\/polygonia\">,<\/a> <a href=\"https:\/\/xceed.me\/fr\/artist\/polygonia?utm_source=blog&amp;utm_medium=event&amp;utm_campaign=270325-ENG-%20ITAFESTIVALS-MAR-W4\">Polygonia<\/a>, <a href=\"https:\/\/xceed.me\/fr\/artist\/efdemin?utm_source=blog&amp;utm_medium=event&amp;utm_campaign=270325-ENG-%20ITAFESTIVALS-MAR-W4\">Efdemin<\/a> &amp; plus<\/strong>.<\/p>\n\n\n\n<div class=\"wp-block-buttons is-layout-flex wp-block-buttons-is-layout-flex\">\n<div class=\"wp-block-button\"><a class=\"wp-block-button__link has-white-color has-black-background-color has-text-color has-background wp-element-button\" href=\"https:\/\/xceed.me\/fr\/cuneo\/event\/komorebi-music-festival-2025--176926?utm_source=blog&amp;utm_medium=event&amp;utm_campaign=270325-ENG-%20ITAFESTIVALS-MAR-W4\" target=\"_blank\" rel=\"noreferrer noopener\">billets komorebi<\/a><\/div>\n<\/div>\n\n\n\n<hr class=\"wp-block-separator has-alpha-channel-opacity\"\/>\n\n\n\n<h2 class=\"wp-block-heading\" id=\"limbo-rise-festival\" style=\"font-size:25px\"><a href=\"https:\/\/xceed.me\/fr\/barga\/event\/full-packages-limbo-2025-1--182924?utm_source=blog&amp;utm_medium=event&amp;utm_campaign=270325-ENG-%20ITAFESTIVALS-MAR-W4\">Limbo &#8216;RISE&#8217; Festival<\/a><\/h2>\n\n\n\n<figure class=\"wp-block-image size-large\"><a href=\"https:\/\/xceed.me\/fr\/barga\/event\/full-packages-limbo-2025-1--182924?utm_source=blog&amp;utm_medium=event&amp;utm_campaign=270325-ENG-%20ITAFESTIVALS-MAR-W4\" target=\"_blank\" rel=\"noreferrer noopener\"><img loading=\"lazy\" decoding=\"async\" width=\"1440\" height=\"810\" src=\"https:\/\/images.xceed.me\/blog\/wp-content\/uploads\/2025\/03\/26194013\/limbo.festival-edited.jpeg\" alt=\"Limbo 'Rise' Festival Julliet 2025 Photo groovy d'une fille qui danse en festival avec un look styl\u00e9 en Toscane, Italie.\n\n\n\n\n\n\" class=\"wp-image-30256\" srcset=\"https:\/\/images.xceed.me\/blog\/wp-content\/uploads\/2025\/03\/26194013\/limbo.festival-edited.jpeg 1440w, https:\/\/images.xceed.me\/blog\/wp-content\/uploads\/2025\/03\/26194013\/limbo.festival-edited-360x203.jpeg 360w, https:\/\/images.xceed.me\/blog\/wp-content\/uploads\/2025\/03\/26194013\/limbo.festival-edited-1024x576.jpeg 1024w, https:\/\/images.xceed.me\/blog\/wp-content\/uploads\/2025\/03\/26194013\/limbo.festival-edited-680x383.jpeg 680w, https:\/\/images.xceed.me\/blog\/wp-content\/uploads\/2025\/03\/26194013\/limbo.festival-edited-380x214.jpeg 380w, https:\/\/images.xceed.me\/blog\/wp-content\/uploads\/2025\/03\/26194013\/limbo.festival-edited-800x450.jpeg 800w, https:\/\/images.xceed.me\/blog\/wp-content\/uploads\/2025\/03\/26194013\/limbo.festival-edited-1160x653.jpeg 1160w\" sizes=\"auto, (max-width: 1440px) 100vw, 1440px\" \/><\/a><\/figure>\n\n\n\n<p>Entre nature, clubbing en plein air et chill vibes, <strong><a href=\"https:\/\/xceed.me\/fr\/barga\/event\/full-packages-limbo-2025-1--182924?utm_source=blog&amp;utm_medium=event&amp;utm_campaign=270325-ENG-%20ITAFESTIVALS-MAR-W4\">Limbo &#8216;RISE&#8217; Festival<\/a><\/strong> t\u2019accueille pour 4 jours dans un coin de paradis en Toscane. Luxe, mindfulness et \u00e9lectro bien sentie au programme. Intime, arty, et ultra humain. C\u2019est l\u2019un des meilleurs <strong>festivals musique en Italie<\/strong>.<\/p>\n\n\n\n<p>Quand?&nbsp;<strong>Jeu-Dim, 10-13 Juillet<\/strong><\/p>\n\n\n\n<p>O\u00f9? <a href=\"https:\/\/maps.app.goo.gl\/EoM583B8XKkRL4KA8?g_st=com.google.maps.preview.copy\"><strong>Il Ciocco, Tuscany<\/strong><\/a><\/p>\n\n\n\n<p>Qui joue? <a href=\"https:\/\/xceed.me\/fr\/artist\/acid-pauli-1\"><strong>Acid Pauli<\/strong><\/a>, <a href=\"https:\/\/xceed.me\/fr\/artist\/osunlade\"><strong>Osunlade<\/strong><\/a>, <a href=\"https:\/\/xceed.me\/en\/artist\/luca-bacchetti\"><strong>Luca <\/strong><\/a><strong><a href=\"https:\/\/xceed.me\/fr\/artist\/luca-bacchetti\">Bacchetti<\/a>, &amp; plus<\/strong>.<\/p>\n\n\n\n<div class=\"wp-block-buttons is-layout-flex wp-block-buttons-is-layout-flex\">\n<div class=\"wp-block-button\"><a class=\"wp-block-button__link has-white-color has-black-background-color has-text-color has-background wp-element-button\" href=\"https:\/\/xceed.me\/fr\/barga\/event\/full-packages-limbo-2025-1--182924?utm_source=blog&amp;utm_medium=event&amp;utm_campaign=270325-ENG-%20ITAFESTIVALS-MAR-W4\" target=\"_blank\" rel=\"noreferrer noopener\">billets limbo rise<\/a><\/div>\n<\/div>\n\n\n\n<hr class=\"wp-block-separator has-alpha-channel-opacity\"\/>\n\n\n\n<h2 class=\"wp-block-heading\" id=\"invincible-festival\" style=\"font-size:25px\"><span id=\"in-the-land-2025\"><a href=\"https:\/\/xceed.me\/fr\/monopoli\/club\/masseria-del-turco\/channel--masseria-del-turco\" target=\"_blank\" rel=\"noreferrer noopener\">In The Land 2025<\/a><\/span><\/h2>\n\n\n\n<figure class=\"wp-block-image size-large\"><a href=\"https:\/\/xceed.me\/fr\/monopoli\/club\/masseria-del-turco\/channel--masseria-del-turco\"><img loading=\"lazy\" decoding=\"async\" width=\"1024\" height=\"576\" src=\"https:\/\/images.xceed.me\/blog\/wp-content\/uploads\/2025\/04\/07113827\/in-the-land-2025-monopoli-xceed-1024x576.webp\" alt=\"Affiche officielle du festival In The Land avec un costume de lapin rose et un ciel bleu nuageux \u2013 l\u2019un des meilleurs festivals musique en Italie.\n\n\n\n\n\n\" class=\"wp-image-30478\" srcset=\"https:\/\/images.xceed.me\/blog\/wp-content\/uploads\/2025\/04\/07113827\/in-the-land-2025-monopoli-xceed-1024x576.webp 1024w, https:\/\/images.xceed.me\/blog\/wp-content\/uploads\/2025\/04\/07113827\/in-the-land-2025-monopoli-xceed-360x202.webp 360w, https:\/\/images.xceed.me\/blog\/wp-content\/uploads\/2025\/04\/07113827\/in-the-land-2025-monopoli-xceed-680x382.webp 680w, https:\/\/images.xceed.me\/blog\/wp-content\/uploads\/2025\/04\/07113827\/in-the-land-2025-monopoli-xceed-380x214.webp 380w, https:\/\/images.xceed.me\/blog\/wp-content\/uploads\/2025\/04\/07113827\/in-the-land-2025-monopoli-xceed-800x450.webp 800w, https:\/\/images.xceed.me\/blog\/wp-content\/uploads\/2025\/04\/07113827\/in-the-land-2025-monopoli-xceed-1160x652.webp 1160w, https:\/\/images.xceed.me\/blog\/wp-content\/uploads\/2025\/04\/07113827\/in-the-land-2025-monopoli-xceed.webp 1522w\" sizes=\"auto, (max-width: 1024px) 100vw, 1024px\" \/><\/a><\/figure>\n\n\n\n<p>Au c\u0153ur des oliveraies des Pouilles, <strong><a href=\"https:\/\/xceed.me\/fr\/monopoli\/event\/in-the-land-2025--185335\" target=\"_blank\" rel=\"noreferrer noopener\">In The Land<\/a><\/strong> revient pour sa 4e \u00e9dition \u00e0 la <a href=\"https:\/\/xceed.me\/fr\/monopoli\/club\/masseria-del-turco\/channel--masseria-del-turco\" target=\"_blank\" rel=\"noreferrer noopener\">Masseria del Turco<\/a>\u2014une parenth\u00e8se hors r\u00e9seau o\u00f9 la nature, le rythme et la cr\u00e9ativit\u00e9 prennent le dessus le temps d\u2019une journ\u00e9e. Trois sc\u00e8nes bien distinctes, entre lives enflamm\u00e9s et sets hypnotiques, sans oublier l\u2019art immersif, le yoga, les march\u00e9s artisanaux et les sp\u00e9cialit\u00e9s culinaires locales. <\/p>\n\n\n\n<p>Ce n\u2019est pas juste un festival, c\u2019est une vraie remise \u00e0 z\u00e9ro. Pas de stress, pas d\u2019algorithmes\u2014juste du soleil, de la musique et la libert\u00e9 de danser pieds nus sous les arbres.<br><br>Quand?<strong> Lun, 21 Avril<\/strong><\/p>\n\n\n\n<p>O\u00f9? <strong><a href=\"https:\/\/xceed.me\/it\/monopoli\/club\/masseria-del-turco\/channel--masseria-del-turco\" target=\"_blank\" rel=\"noreferrer noopener\">Turkish Farm<\/a><\/strong><\/p>\n\n\n\n<p>Qui joue? <a href=\"https:\/\/xceed.me\/fr\/artist\/pellegrino\/channel--masseria-del-turco\" target=\"_blank\" rel=\"noreferrer noopener\"><strong>Pellegrino &amp; Zodyaco<\/strong><\/a>, <strong><a href=\"https:\/\/xceed.me\/fr\/artist\/tommy-soul\" target=\"_blank\" rel=\"noreferrer noopener\">Tommy Soul<\/a><\/strong>,<strong><a href=\"https:\/\/xceed.me\/fr\/artist\/peter-lc\" target=\"_blank\" rel=\"noreferrer noopener\"> Peter LC<\/a><\/strong>, <a href=\"https:\/\/xceed.me\/fr\/artist\/disco-fritto\/channel--masseria-del-turco\" target=\"_blank\" rel=\"noreferrer noopener\"><strong>Disco Fritto<\/strong><\/a> &amp; plus<\/p>\n\n\n\n<div class=\"wp-block-buttons is-layout-flex wp-block-buttons-is-layout-flex\">\n<div class=\"wp-block-button\"><a class=\"wp-block-button__link has-white-color has-black-background-color has-text-color has-background wp-element-button\" href=\"https:\/\/xceed.me\/fr\/monopoli\/event\/in-the-land-2025--185335\" target=\"_blank\" rel=\"noreferrer noopener\"><strong>Billets IN THE LAND<\/strong><\/a><\/div>\n<\/div>\n\n\n\n<h2 class=\"wp-block-heading\" id=\"invincible-festival\" style=\"font-size:25px\"><a href=\"https:\/\/xceed.me\/fr\/roma\/event\/the-blessed-madonna-carl-craig-invincible-fest-10-may-2025--179175?utm_source=blog&amp;utm_medium=event&amp;utm_campaign=270325-ENG-%20ITAFESTIVALS-MAR-W4\" target=\"_blank\" rel=\"noreferrer noopener\">Invincible Festival <\/a><\/h2>\n\n\n\n<figure class=\"wp-block-image size-large\"><a href=\"https:\/\/xceed.me\/fr\/roma\/event\/the-blessed-madonna-carl-craig-invincible-fest-10-may-2025--179175?utm_source=blog&amp;utm_medium=event&amp;utm_campaign=270325-ENG-%20ITAFESTIVALS-MAR-W4\"><img loading=\"lazy\" decoding=\"async\" width=\"1440\" height=\"810\" src=\"https:\/\/images.xceed.me\/blog\/wp-content\/uploads\/2025\/03\/26194032\/digitalism-edited.jpeg\" alt=\"Invincible festival  Mai 2025 Lumi\u00e8re bleue intense projet\u00e9e sur une sc\u00e8ne de festival avec des DJs en pleine performance, tandis qu\u2019une foule enthousiaste danse au rythme de la musique \u00e9lectronique.\" class=\"wp-image-30257\" srcset=\"https:\/\/images.xceed.me\/blog\/wp-content\/uploads\/2025\/03\/26194032\/digitalism-edited.jpeg 1440w, https:\/\/images.xceed.me\/blog\/wp-content\/uploads\/2025\/03\/26194032\/digitalism-edited-360x203.jpeg 360w, https:\/\/images.xceed.me\/blog\/wp-content\/uploads\/2025\/03\/26194032\/digitalism-edited-1024x576.jpeg 1024w, https:\/\/images.xceed.me\/blog\/wp-content\/uploads\/2025\/03\/26194032\/digitalism-edited-680x383.jpeg 680w, https:\/\/images.xceed.me\/blog\/wp-content\/uploads\/2025\/03\/26194032\/digitalism-edited-380x214.jpeg 380w, https:\/\/images.xceed.me\/blog\/wp-content\/uploads\/2025\/03\/26194032\/digitalism-edited-800x450.jpeg 800w, https:\/\/images.xceed.me\/blog\/wp-content\/uploads\/2025\/03\/26194032\/digitalism-edited-1160x653.jpeg 1160w\" sizes=\"auto, (max-width: 1440px) 100vw, 1440px\" \/><\/a><\/figure>\n\n\n\n<p>Techno, house et une touche de rock ? C\u2019est <strong><a href=\"https:\/\/xceed.me\/fr\/roma\/event\/the-blessed-madonna-carl-craig-invincible-fest-10-may-2025--179175?utm_source=blog&amp;utm_medium=event&amp;utm_campaign=270325-ENG-%20ITAFESTIVALS-MAR-W4\" target=\"_blank\" rel=\"noreferrer noopener\">Invincible Festiva<\/a>l<\/strong>. <strong><a href=\"http:\/\/&quot;https:\/\/xceed.me\/fr\/artist\/digitalism?utm_source=blog&amp;utm_medium=artist&amp;utm_campaign=270325-ENG-%20ITAFESTIVALS-MAR-W4\t\t\t&quot;\" target=\"_blank\" rel=\"noreferrer noopener\">Digitalism<\/a><\/strong>, <strong><a href=\"http:\/\/&quot;https:\/\/xceed.me\/fr\/artist\/erol-alkan?utm_source=blog&amp;utm_medium=artist&amp;utm_campaign=270325-ENG-%20ITAFESTIVALS-MAR-W4\t\t\t&quot;\" target=\"_blank\" rel=\"noreferrer noopener\">Erol Alkan<\/a><\/strong>, <a href=\"http:\/\/&quot;https:\/\/xceed.me\/fr\/artist\/the-blessed-madonna?utm_source=blog&amp;utm_medium=artist&amp;utm_campaign=270325-ENG-%20ITAFESTIVALS-MAR-W4\t\t\t&quot;\" target=\"_blank\" rel=\"noreferrer noopener\"><strong>The Blessed<\/strong> <strong>Madonna<\/strong><\/a> et <strong><a href=\"http:\/\/&quot;https:\/\/xceed.me\/fr\/artist\/carl-craig?utm_source=blog&amp;utm_medium=artist&amp;utm_campaign=270325-ENG-%20ITAFESTIVALS-MAR-W4\t\t\t&quot;\" target=\"_blank\" rel=\"noreferrer noopener\">Carl Craig<\/a><\/strong> r\u00e9unis pour une s\u00e9rie de dates dans le sud de <strong><a href=\"https:\/\/xceed.me\/fr\/roma?utm_source=blog&amp;utm_medium=city&amp;utm_campaign=270325-ENG-%20ITAFESTIVALS-MAR-W4\" target=\"_blank\" rel=\"noreferrer noopener\">Rome<\/a><\/strong>. Un mix international et une ambiance qui tape fort.<\/p>\n\n\n\n<p>Quand? <strong>Ven-Dim, 9th-11th&nbsp;Mai + plus<\/strong><\/p>\n\n\n\n<p>O\u00f9? <a href=\"https:\/\/xceed.me\/en\/roma\/club\/invincible-festival\"><strong>Viale di Val Fiorita, Rome<\/strong><\/a><\/p>\n\n\n\n<p>Qui joue? <a href=\"http:\/\/&quot;https:\/\/xceed.me\/fr\/artist\/digitalism?utm_source=blog&amp;utm_medium=artist&amp;utm_campaign=270325-ENG-%20ITAFESTIVALS-MAR-W4\t\t\t&quot;\" target=\"_blank\" rel=\"noreferrer noopener\"><strong>Digitalism<\/strong>,<\/a> <a href=\"http:\/\/&quot;https:\/\/xceed.me\/en\/artist\/erol-alkan?utm_source=blog&amp;utm_medium=artist&amp;utm_campaign=270325-ENG-%20ITAFESTIVALS-MAR-W4\t\t\t&quot;\" target=\"_blank\" rel=\"noreferrer noopener\"><strong>Erol Alkan<\/strong>,<\/a> <a href=\"http:\/\/&quot;https:\/\/xceed.me\/fr\/artist\/erol-alkan?utm_source=blog&amp;utm_medium=artist&amp;utm_campaign=270325-ENG-%20ITAFESTIVALS-MAR-W4\t\t\t&quot;\" target=\"_blank\" rel=\"noreferrer noopener\"><strong>The Blessed<\/strong> <strong>Madonna<\/strong><\/a>, <strong><a href=\"http:\/\/&quot;https:\/\/xceed.me\/fr\/artist\/carl-craig?utm_source=blog&amp;utm_medium=artist&amp;utm_campaign=270325-ENG-%20ITAFESTIVALS-MAR-W4\t\t\t&quot;\" target=\"_blank\" rel=\"noreferrer noopener\">Carl Craig<\/a><\/strong>,<strong> &amp; plus<\/strong>.<\/p>\n\n\n\n<div class=\"wp-block-buttons is-layout-flex wp-block-buttons-is-layout-flex\">\n<div class=\"wp-block-button\"><a class=\"wp-block-button__link has-white-color has-black-background-color has-text-color has-background wp-element-button\" href=\"https:\/\/xceed.me\/fr\/roma\/event\/the-blessed-madonna-carl-craig-invincible-fest-10-may-2025--179175?utm_source=blog&amp;utm_medium=event&amp;utm_campaign=270325-ENG-%20ITAFESTIVALS-MAR-W4\" target=\"_blank\" rel=\"noreferrer noopener\">billets invincible<\/a><\/div>\n<\/div>\n\n\n\n<hr class=\"wp-block-separator has-alpha-channel-opacity\"\/>\n\n\n\n<h2 class=\"wp-block-heading\" id=\"siren-festival\" style=\"font-size:25px\"><a href=\"https:\/\/xceed.me\/fr\/cagliari\/event\/full-pass-event-siren-festival-2025--184924?utm_source=blog&amp;utm_medium=event&amp;utm_campaign=270325-ENG-%20ITAFESTIVALS-MAR-W4\" target=\"_blank\" rel=\"noreferrer noopener\">Siren Festival<\/a><\/h2>\n\n\n\n<figure class=\"wp-block-image size-large\"><a href=\"https:\/\/xceed.me\/fr\/cagliari\/event\/full-pass-event-siren-festival-2025--184924?utm_source=blog&amp;utm_medium=event&amp;utm_campaign=270325-ENG-%20ITAFESTIVALS-MAR-W4\"><img loading=\"lazy\" decoding=\"async\" width=\"1440\" height=\"810\" src=\"https:\/\/images.xceed.me\/blog\/wp-content\/uploads\/2025\/03\/26194111\/sirenfestival-edited.jpeg\" alt=\"Siren festival  julliet 2025, festivals musique en Italie\t\n\n\n\" class=\"wp-image-30258\" srcset=\"https:\/\/images.xceed.me\/blog\/wp-content\/uploads\/2025\/03\/26194111\/sirenfestival-edited.jpeg 1440w, https:\/\/images.xceed.me\/blog\/wp-content\/uploads\/2025\/03\/26194111\/sirenfestival-edited-360x203.jpeg 360w, https:\/\/images.xceed.me\/blog\/wp-content\/uploads\/2025\/03\/26194111\/sirenfestival-edited-1024x576.jpeg 1024w, https:\/\/images.xceed.me\/blog\/wp-content\/uploads\/2025\/03\/26194111\/sirenfestival-edited-680x383.jpeg 680w, https:\/\/images.xceed.me\/blog\/wp-content\/uploads\/2025\/03\/26194111\/sirenfestival-edited-380x214.jpeg 380w, https:\/\/images.xceed.me\/blog\/wp-content\/uploads\/2025\/03\/26194111\/sirenfestival-edited-800x450.jpeg 800w, https:\/\/images.xceed.me\/blog\/wp-content\/uploads\/2025\/03\/26194111\/sirenfestival-edited-1160x653.jpeg 1160w\" sizes=\"auto, (max-width: 1440px) 100vw, 1440px\" \/><\/a><\/figure>\n\n\n\n<p><strong><a href=\"https:\/\/xceed.me\/fr\/cagliari\/event\/full-pass-event-siren-festival-2025--184924?utm_source=blog&amp;utm_medium=event&amp;utm_campaign=270325-ENG-%20ITAFESTIVALS-MAR-W4\">Siren Festival<\/a><\/strong>&nbsp;revient en <strong><a href=\"https:\/\/xceed.me\/fr\/&quot;https:\/\/xceed.me\/en\/italy?utm_source=blog&amp;utm_medium=city&amp;utm_campaign=270325-ENG-%20ITAFESTIVALS-MAR-W4\t\t\t&quot;\" target=\"_blank\" rel=\"noreferrer noopener\">Sardaigne<\/a><\/strong> avec une line-up indie\/underground bien styl\u00e9e : <a href=\"http:\/\/&quot;https:\/\/xceed.me\/fr\/artist\/the-horrors?utm_source=blog&amp;utm_medium=artist&amp;utm_campaign=270325-ENG-%20ITAFESTIVALS-MAR-W4\t\t\t&quot;\" target=\"_blank\" rel=\"noreferrer noopener\"><strong>The Horrors<\/strong><\/a>, <a href=\"https:\/\/xceed.me\/fr\/artist\/stereolab?utm_source=blog&amp;utm_medium=artist&amp;utm_campaign=270325-ENG-%20ITAFESTIVALS-MAR-W4\"><strong>Stereolab<\/strong><\/a> et d\u2019autres t\u2019invitent \u00e0 m\u00ealer musique live et culture locale dans un cadre insulaire \u00e0 tomber.<\/p>\n\n\n\n<p>Quand? <strong>Ven-Sam, 11th-12th Juillet<\/strong>&nbsp;<\/p>\n\n\n\n<p>O\u00f9?<a href=\"https:\/\/xceed.me\/en\/cagliari\/club\/arena-in-fiera-1\"> <strong>Arena in Fiera, Cagliari<\/strong><\/a><\/p>\n\n\n\n<p>Qui joue?<a href=\"http:\/\/&quot;https:\/\/xceed.me\/fr\/artist\/the-horrors?utm_source=blog&amp;utm_medium=artist&amp;utm_campaign=270325-ENG-%20ITAFESTIVALS-MAR-W4\t\t\t&quot;\" target=\"_blank\" rel=\"noreferrer noopener\"><strong> The Horrors<\/strong><\/a> and <a href=\"https:\/\/xceed.me\/fr\/artist\/stereolab?utm_source=blog&amp;utm_medium=artist&amp;utm_campaign=270325-ENG-%20ITAFESTIVALS-MAR-W4\"><strong>Stereolab<\/strong><\/a><\/p>\n\n\n\n<div class=\"wp-block-buttons is-layout-flex wp-block-buttons-is-layout-flex\">\n<div class=\"wp-block-button\"><a class=\"wp-block-button__link has-white-color has-black-background-color has-text-color has-background wp-element-button\" href=\"https:\/\/xceed.me\/fr\/cagliari\/event\/full-pass-event-siren-festival-2025--184924?utm_source=blog&amp;utm_medium=event&amp;utm_campaign=270325-ENG-%20ITAFESTIVALS-MAR-W4\" target=\"_blank\" rel=\"noreferrer noopener\">Billets siren<\/a><\/div>\n<\/div>\n\n\n\n<p>Alors, <em>andiamo<\/em> \u2014 choisis ton festoche et vis un \u00e9t\u00e9 \u00e0 l\u2019italienne comme il se doit.<\/p>\n\n\n\n<div class=\"wp-block-buttons is-content-justification-center is-layout-flex wp-container-core-buttons-is-layout-16018d1d wp-block-buttons-is-layout-flex\">\n<div class=\"wp-block-button\"><a class=\"wp-block-button__link has-white-color has-black-background-color has-text-color has-background wp-element-button\" href=\"https:\/\/xceed.me\/fr\/italy\/events\/all\/festivals?utm_source=blog&amp;utm_medium=event&amp;utm_campaign=270325-ENG-%20ITAFESTIVALS-MAR-W4\" target=\"_blank\" rel=\"noreferrer noopener\">EXPLORE ITALIAN FESTIVALS<\/a><\/div>\n<\/div>\n\n\n\n<p>L\u2019Italie, ce n\u2019est pas que des p\u00e2tes et des piazzas \u2014 c\u2019est aussi un vrai terrain de jeu nocturne. On t\u2019a pr\u00e9par\u00e9 une s\u00e9lection des meilleurs clubs et soir\u00e9es \u00e0 ne pas manquer. Clique, choisis ton mood, monte le son, et repars avec des souvenirs qui claquent.<\/p>\n\n\n\n<div class=\"wp-block-buttons is-content-justification-center is-layout-flex wp-container-core-buttons-is-layout-16018d1d wp-block-buttons-is-layout-flex\">\n<div class=\"wp-block-button\"><a class=\"wp-block-button__link has-white-color has-black-background-color has-text-color has-background wp-element-button\" href=\"https:\/\/xceed.me\/blog\/fr\/best-clubs-milan\/?utm_source=blog&amp;utm_medium=city&amp;utm_campaign=270325-ENG-%20ITAFESTIVALS-MAR-W4\" target=\"_blank\" rel=\"noreferrer noopener\">Explore la vie nocturne \u00e0 Milan<\/a><\/div>\n\n\n\n<div class=\"wp-block-button\"><a class=\"wp-block-button__link has-white-color has-black-background-color has-text-color has-background wp-element-button\" href=\"https:\/\/xceed.me\/blog\/fr\/best-clubs-milan\/?utm_source=blog&amp;utm_medium=city&amp;utm_campaign=270325-ENG-%20ITAFESTIVALS-MAR-W4\" target=\"_blank\" rel=\"noreferrer noopener\">Explore la vie nocturne \u00e0 Turin<\/a><\/div>\n<\/div>\n","protected":false},"excerpt":{"rendered":"Quel meilleur moyen de passer ton \u00e9t\u00e9 \u2014 ou m\u00eame de commencer plus t\u00f4t \u2014 qu\u2019en plongeant dans&hellip;\n","protected":false},"author":1,"featured_media":30263,"comment_status":"open","ping_status":"open","sticky":false,"template":"","format":"standard","meta":{"_acf_changed":false,"_monsterinsights_skip_tracking":false,"_monsterinsights_sitenote_active":false,"_monsterinsights_sitenote_note":"","_monsterinsights_sitenote_category":0,"csco_singular_sidebar":"","csco_page_header_type":"","csco_page_load_nextpost":"","csco_post_video_location":[],"csco_post_video_url":"","csco_post_video_bg_start_time":0,"csco_post_video_bg_end_time":0,"_jetpack_memberships_contains_paid_content":false,"footnotes":""},"categories":[6229,7323,7333],"tags":[9585,9566,9575,9580,9560,9565,9559,9557,9571,9582,9570,9578,9577,9569,9563],"class_list":{"0":"post-30494","1":"post","2":"type-post","3":"status-publish","4":"format-standard","5":"has-post-thumbnail","7":"category-festivals-fr","8":"category-italy-fr","9":"category-top-italy-fr","10":"tag-billets-festivals-musique-italie-2025","11":"tag-festivals-a-florence-2025","12":"tag-festivals-a-milan-2025","13":"tag-festivals-a-naples-2025","14":"tag-festivals-a-rome-2025","15":"tag-festivals-dete-en-italie","16":"tag-festivals-de-musique-electronique-italie","17":"tag-festivals-de-musique-en-italie-2025","18":"tag-festivals-incontournables-italie","19":"tag-festivals-open-air-italie","20":"tag-house-music-festival-italie","21":"tag-lineup-festivals-italie-2025","22":"tag-meilleurs-festivals-en-italie","23":"tag-ou-sortir-en-italie-ete-2025","24":"tag-techno-festival-italie","25":"cs-entry","26":"cs-video-wrap"},"acf":[],"yoast_head":"<!-- This site is optimized with the Yoast SEO plugin v27.3 - https:\/\/yoast.com\/product\/yoast-seo-wordpress\/ -->\n<title>les-meilleurs-festivals-de-musique-en-italie-2025-Dates, Lieux et...<\/title>\n<meta name=\"description\" content=\"Que faire en italie \u00e9t\u00e9? Les meilleurs festivals de musique en italie 2025- techno, house, \u00e9lectro et sc\u00e8nes iconiques. Choisis ton festival.\" \/>\n<meta name=\"robots\" content=\"index, follow, max-snippet:-1, max-image-preview:large, max-video-preview:-1\" \/>\n<link rel=\"canonical\" href=\"https:\/\/xceed.me\/blog\/fr\/les-meilleurs-festivals-de-musique-en-italie\/\" \/>\n<meta property=\"og:locale\" content=\"en_US\" \/>\n<meta property=\"og:type\" content=\"article\" \/>\n<meta property=\"og:title\" content=\"les-meilleurs-festivals-de-musique-en-italie-2025-Dates, Lieux et...\" \/>\n<meta property=\"og:description\" content=\"Que faire en italie \u00e9t\u00e9? Les meilleurs festivals de musique en italie 2025- techno, house, \u00e9lectro et sc\u00e8nes iconiques. Choisis ton festival.\" \/>\n<meta property=\"og:url\" content=\"https:\/\/xceed.me\/blog\/fr\/les-meilleurs-festivals-de-musique-en-italie\/\" \/>\n<meta property=\"og:site_name\" content=\"NIGHTMAG\" \/>\n<meta property=\"article:publisher\" content=\"https:\/\/www.facebook.com\/Xceed\/\" \/>\n<meta property=\"article:published_time\" content=\"2025-04-15T10:55:48+00:00\" \/>\n<meta property=\"article:modified_time\" content=\"2025-04-15T10:55:52+00:00\" \/>\n<meta property=\"og:image\" content=\"https:\/\/images.xceed.me\/blog\/wp-content\/uploads\/2025\/03\/26200317\/316966312_676324157188312_2741729808736149085_n-e1743012233956.jpg\" \/>\n\t<meta property=\"og:image:width\" content=\"2048\" \/>\n\t<meta property=\"og:image:height\" content=\"1152\" \/>\n\t<meta property=\"og:image:type\" content=\"image\/jpeg\" \/>\n<meta name=\"twitter:card\" content=\"summary_large_image\" \/>\n<meta name=\"twitter:creator\" content=\"@Xceed_World\" \/>\n<meta name=\"twitter:site\" content=\"@Xceed_World\" \/>\n<meta name=\"twitter:label1\" content=\"Written by\" \/>\n\t<meta name=\"twitter:data1\" content=\"\" \/>\n\t<meta name=\"twitter:label2\" content=\"Est. reading time\" \/>\n\t<meta name=\"twitter:data2\" content=\"7 minutes\" \/>\n<script type=\"application\/ld+json\" class=\"yoast-schema-graph\">{\"@context\":\"https:\\\/\\\/schema.org\",\"@graph\":[{\"@type\":\"Article\",\"@id\":\"https:\\\/\\\/xceed.me\\\/blog\\\/fr\\\/les-meilleurs-festivals-de-musique-en-italie\\\/#article\",\"isPartOf\":{\"@id\":\"https:\\\/\\\/xceed.me\\\/blog\\\/fr\\\/les-meilleurs-festivals-de-musique-en-italie\\\/\"},\"author\":{\"name\":\"\",\"@id\":\"\"},\"headline\":\"Les Meilleurs Festivals de Musique en Italie 2025 : Dates, Lieux et Tout Ce Qu\u2019il Faut Savoir\",\"datePublished\":\"2025-04-15T10:55:48+00:00\",\"dateModified\":\"2025-04-15T10:55:52+00:00\",\"mainEntityOfPage\":{\"@id\":\"https:\\\/\\\/xceed.me\\\/blog\\\/fr\\\/les-meilleurs-festivals-de-musique-en-italie\\\/\"},\"wordCount\":1030,\"commentCount\":0,\"image\":{\"@id\":\"https:\\\/\\\/xceed.me\\\/blog\\\/fr\\\/les-meilleurs-festivals-de-musique-en-italie\\\/#primaryimage\"},\"thumbnailUrl\":\"https:\\\/\\\/images.xceed.me\\\/blog\\\/wp-content\\\/uploads\\\/2025\\\/03\\\/26200317\\\/316966312_676324157188312_2741729808736149085_n-e1743012233956.jpg\",\"keywords\":[\"billets festivals musique Italie 2025\",\"festivals \u00e0 Florence 2025\",\"festivals \u00e0 Milan 2025\",\"festivals \u00e0 Naples 2025\",\"festivals \u00e0 Rome 2025\",\"festivals d&#039;\u00e9t\u00e9 en Italie\",\"festivals de musique \u00e9lectronique Italie\",\"festivals de musique en Italie 2025\",\"festivals incontournables Italie\",\"festivals open air Italie\",\"house music festival Italie\",\"lineup festivals Italie 2025\",\"meilleurs festivals en Italie\",\"o\u00f9 sortir en Italie \u00e9t\u00e9 2025\",\"techno festival Italie\"],\"articleSection\":[\"#Festivals\",\"#Italy\",\"#Top Italy\"],\"inLanguage\":\"en-US\",\"potentialAction\":[{\"@type\":\"CommentAction\",\"name\":\"Comment\",\"target\":[\"https:\\\/\\\/xceed.me\\\/blog\\\/fr\\\/les-meilleurs-festivals-de-musique-en-italie\\\/#respond\"]}]},{\"@type\":\"WebPage\",\"@id\":\"https:\\\/\\\/xceed.me\\\/blog\\\/fr\\\/les-meilleurs-festivals-de-musique-en-italie\\\/\",\"url\":\"https:\\\/\\\/xceed.me\\\/blog\\\/fr\\\/les-meilleurs-festivals-de-musique-en-italie\\\/\",\"name\":\"les-meilleurs-festivals-de-musique-en-italie-2025-Dates, Lieux et...\",\"isPartOf\":{\"@id\":\"https:\\\/\\\/xceed.me\\\/blog\\\/#website\"},\"primaryImageOfPage\":{\"@id\":\"https:\\\/\\\/xceed.me\\\/blog\\\/fr\\\/les-meilleurs-festivals-de-musique-en-italie\\\/#primaryimage\"},\"image\":{\"@id\":\"https:\\\/\\\/xceed.me\\\/blog\\\/fr\\\/les-meilleurs-festivals-de-musique-en-italie\\\/#primaryimage\"},\"thumbnailUrl\":\"https:\\\/\\\/images.xceed.me\\\/blog\\\/wp-content\\\/uploads\\\/2025\\\/03\\\/26200317\\\/316966312_676324157188312_2741729808736149085_n-e1743012233956.jpg\",\"datePublished\":\"2025-04-15T10:55:48+00:00\",\"dateModified\":\"2025-04-15T10:55:52+00:00\",\"author\":{\"@id\":\"\"},\"description\":\"Que faire en italie \u00e9t\u00e9? Les meilleurs festivals de musique en italie 2025- techno, house, \u00e9lectro et sc\u00e8nes iconiques. Choisis ton festival.\",\"breadcrumb\":{\"@id\":\"https:\\\/\\\/xceed.me\\\/blog\\\/fr\\\/les-meilleurs-festivals-de-musique-en-italie\\\/#breadcrumb\"},\"inLanguage\":\"en-US\",\"potentialAction\":[{\"@type\":\"ReadAction\",\"target\":[\"https:\\\/\\\/xceed.me\\\/blog\\\/fr\\\/les-meilleurs-festivals-de-musique-en-italie\\\/\"]}]},{\"@type\":\"ImageObject\",\"inLanguage\":\"en-US\",\"@id\":\"https:\\\/\\\/xceed.me\\\/blog\\\/fr\\\/les-meilleurs-festivals-de-musique-en-italie\\\/#primaryimage\",\"url\":\"https:\\\/\\\/images.xceed.me\\\/blog\\\/wp-content\\\/uploads\\\/2025\\\/03\\\/26200317\\\/316966312_676324157188312_2741729808736149085_n-e1743012233956.jpg\",\"contentUrl\":\"https:\\\/\\\/images.xceed.me\\\/blog\\\/wp-content\\\/uploads\\\/2025\\\/03\\\/26200317\\\/316966312_676324157188312_2741729808736149085_n-e1743012233956.jpg\",\"width\":2048,\"height\":1152,\"caption\":\"top Italian music festivals 2025 XCEED\"},{\"@type\":\"BreadcrumbList\",\"@id\":\"https:\\\/\\\/xceed.me\\\/blog\\\/fr\\\/les-meilleurs-festivals-de-musique-en-italie\\\/#breadcrumb\",\"itemListElement\":[{\"@type\":\"ListItem\",\"position\":1,\"name\":\"Home\",\"item\":\"https:\\\/\\\/xceed.me\\\/blog\\\/en\\\/\"},{\"@type\":\"ListItem\",\"position\":2,\"name\":\"Les Meilleurs Festivals de Musique en Italie 2025 : Dates, Lieux et Tout Ce Qu\u2019il Faut Savoir\"}]},{\"@type\":\"WebSite\",\"@id\":\"https:\\\/\\\/xceed.me\\\/blog\\\/#website\",\"url\":\"https:\\\/\\\/xceed.me\\\/blog\\\/\",\"name\":\"NIGHTMAG\",\"description\":\"NIGHTMAG\",\"potentialAction\":[{\"@type\":\"SearchAction\",\"target\":{\"@type\":\"EntryPoint\",\"urlTemplate\":\"https:\\\/\\\/xceed.me\\\/blog\\\/?s={search_term_string}\"},\"query-input\":{\"@type\":\"PropertyValueSpecification\",\"valueRequired\":true,\"valueName\":\"search_term_string\"}}],\"inLanguage\":\"en-US\"},{\"@type\":\"Person\",\"@id\":\"\",\"url\":\"https:\\\/\\\/xceed.me\\\/blog\\\/author\\\/\"}]}<\/script>\n<!-- \/ Yoast SEO plugin. -->","yoast_head_json":{"title":"les-meilleurs-festivals-de-musique-en-italie-2025-Dates, Lieux et...","description":"Que faire en italie \u00e9t\u00e9? Les meilleurs festivals de musique en italie 2025- techno, house, \u00e9lectro et sc\u00e8nes iconiques. Choisis ton festival.","robots":{"index":"index","follow":"follow","max-snippet":"max-snippet:-1","max-image-preview":"max-image-preview:large","max-video-preview":"max-video-preview:-1"},"canonical":"https:\/\/xceed.me\/blog\/fr\/les-meilleurs-festivals-de-musique-en-italie\/","og_locale":"en_US","og_type":"article","og_title":"les-meilleurs-festivals-de-musique-en-italie-2025-Dates, Lieux et...","og_description":"Que faire en italie \u00e9t\u00e9? Les meilleurs festivals de musique en italie 2025- techno, house, \u00e9lectro et sc\u00e8nes iconiques. Choisis ton festival.","og_url":"https:\/\/xceed.me\/blog\/fr\/les-meilleurs-festivals-de-musique-en-italie\/","og_site_name":"NIGHTMAG","article_publisher":"https:\/\/www.facebook.com\/Xceed\/","article_published_time":"2025-04-15T10:55:48+00:00","article_modified_time":"2025-04-15T10:55:52+00:00","og_image":[{"width":2048,"height":1152,"url":"https:\/\/images.xceed.me\/blog\/wp-content\/uploads\/2025\/03\/26200317\/316966312_676324157188312_2741729808736149085_n-e1743012233956.jpg","type":"image\/jpeg"}],"twitter_card":"summary_large_image","twitter_creator":"@Xceed_World","twitter_site":"@Xceed_World","twitter_misc":{"Written by":"","Est. reading time":"7 minutes"},"schema":{"@context":"https:\/\/schema.org","@graph":[{"@type":"Article","@id":"https:\/\/xceed.me\/blog\/fr\/les-meilleurs-festivals-de-musique-en-italie\/#article","isPartOf":{"@id":"https:\/\/xceed.me\/blog\/fr\/les-meilleurs-festivals-de-musique-en-italie\/"},"author":{"name":"","@id":""},"headline":"Les Meilleurs Festivals de Musique en Italie 2025 : Dates, Lieux et Tout Ce Qu\u2019il Faut Savoir","datePublished":"2025-04-15T10:55:48+00:00","dateModified":"2025-04-15T10:55:52+00:00","mainEntityOfPage":{"@id":"https:\/\/xceed.me\/blog\/fr\/les-meilleurs-festivals-de-musique-en-italie\/"},"wordCount":1030,"commentCount":0,"image":{"@id":"https:\/\/xceed.me\/blog\/fr\/les-meilleurs-festivals-de-musique-en-italie\/#primaryimage"},"thumbnailUrl":"https:\/\/images.xceed.me\/blog\/wp-content\/uploads\/2025\/03\/26200317\/316966312_676324157188312_2741729808736149085_n-e1743012233956.jpg","keywords":["billets festivals musique Italie 2025","festivals \u00e0 Florence 2025","festivals \u00e0 Milan 2025","festivals \u00e0 Naples 2025","festivals \u00e0 Rome 2025","festivals d&#039;\u00e9t\u00e9 en Italie","festivals de musique \u00e9lectronique Italie","festivals de musique en Italie 2025","festivals incontournables Italie","festivals open air Italie","house music festival Italie","lineup festivals Italie 2025","meilleurs festivals en Italie","o\u00f9 sortir en Italie \u00e9t\u00e9 2025","techno festival Italie"],"articleSection":["#Festivals","#Italy","#Top Italy"],"inLanguage":"en-US","potentialAction":[{"@type":"CommentAction","name":"Comment","target":["https:\/\/xceed.me\/blog\/fr\/les-meilleurs-festivals-de-musique-en-italie\/#respond"]}]},{"@type":"WebPage","@id":"https:\/\/xceed.me\/blog\/fr\/les-meilleurs-festivals-de-musique-en-italie\/","url":"https:\/\/xceed.me\/blog\/fr\/les-meilleurs-festivals-de-musique-en-italie\/","name":"les-meilleurs-festivals-de-musique-en-italie-2025-Dates, Lieux et...","isPartOf":{"@id":"https:\/\/xceed.me\/blog\/#website"},"primaryImageOfPage":{"@id":"https:\/\/xceed.me\/blog\/fr\/les-meilleurs-festivals-de-musique-en-italie\/#primaryimage"},"image":{"@id":"https:\/\/xceed.me\/blog\/fr\/les-meilleurs-festivals-de-musique-en-italie\/#primaryimage"},"thumbnailUrl":"https:\/\/images.xceed.me\/blog\/wp-content\/uploads\/2025\/03\/26200317\/316966312_676324157188312_2741729808736149085_n-e1743012233956.jpg","datePublished":"2025-04-15T10:55:48+00:00","dateModified":"2025-04-15T10:55:52+00:00","author":{"@id":""},"description":"Que faire en italie \u00e9t\u00e9? Les meilleurs festivals de musique en italie 2025- techno, house, \u00e9lectro et sc\u00e8nes iconiques. Choisis ton festival.","breadcrumb":{"@id":"https:\/\/xceed.me\/blog\/fr\/les-meilleurs-festivals-de-musique-en-italie\/#breadcrumb"},"inLanguage":"en-US","potentialAction":[{"@type":"ReadAction","target":["https:\/\/xceed.me\/blog\/fr\/les-meilleurs-festivals-de-musique-en-italie\/"]}]},{"@type":"ImageObject","inLanguage":"en-US","@id":"https:\/\/xceed.me\/blog\/fr\/les-meilleurs-festivals-de-musique-en-italie\/#primaryimage","url":"https:\/\/images.xceed.me\/blog\/wp-content\/uploads\/2025\/03\/26200317\/316966312_676324157188312_2741729808736149085_n-e1743012233956.jpg","contentUrl":"https:\/\/images.xceed.me\/blog\/wp-content\/uploads\/2025\/03\/26200317\/316966312_676324157188312_2741729808736149085_n-e1743012233956.jpg","width":2048,"height":1152,"caption":"top Italian music festivals 2025 XCEED"},{"@type":"BreadcrumbList","@id":"https:\/\/xceed.me\/blog\/fr\/les-meilleurs-festivals-de-musique-en-italie\/#breadcrumb","itemListElement":[{"@type":"ListItem","position":1,"name":"Home","item":"https:\/\/xceed.me\/blog\/en\/"},{"@type":"ListItem","position":2,"name":"Les Meilleurs Festivals de Musique en Italie 2025 : Dates, Lieux et Tout Ce Qu\u2019il Faut Savoir"}]},{"@type":"WebSite","@id":"https:\/\/xceed.me\/blog\/#website","url":"https:\/\/xceed.me\/blog\/","name":"NIGHTMAG","description":"NIGHTMAG","potentialAction":[{"@type":"SearchAction","target":{"@type":"EntryPoint","urlTemplate":"https:\/\/xceed.me\/blog\/?s={search_term_string}"},"query-input":{"@type":"PropertyValueSpecification","valueRequired":true,"valueName":"search_term_string"}}],"inLanguage":"en-US"},{"@type":"Person","@id":"","url":"https:\/\/xceed.me\/blog\/author\/"}]}},"jetpack_featured_media_url":"https:\/\/images.xceed.me\/blog\/wp-content\/uploads\/2025\/03\/26200317\/316966312_676324157188312_2741729808736149085_n-e1743012233956.jpg","jetpack_sharing_enabled":true,"_links":{"self":[{"href":"https:\/\/xceed.me\/blog\/wp-json\/wp\/v2\/posts\/30494","targetHints":{"allow":["GET"]}}],"collection":[{"href":"https:\/\/xceed.me\/blog\/wp-json\/wp\/v2\/posts"}],"about":[{"href":"https:\/\/xceed.me\/blog\/wp-json\/wp\/v2\/types\/post"}],"author":[{"embeddable":true,"href":"https:\/\/xceed.me\/blog\/wp-json\/wp\/v2\/users\/1"}],"replies":[{"embeddable":true,"href":"https:\/\/xceed.me\/blog\/wp-json\/wp\/v2\/comments?post=30494"}],"version-history":[{"count":8,"href":"https:\/\/xceed.me\/blog\/wp-json\/wp\/v2\/posts\/30494\/revisions"}],"predecessor-version":[{"id":30622,"href":"https:\/\/xceed.me\/blog\/wp-json\/wp\/v2\/posts\/30494\/revisions\/30622"}],"wp:featuredmedia":[{"embeddable":true,"href":"https:\/\/xceed.me\/blog\/wp-json\/wp\/v2\/media\/30263"}],"wp:attachment":[{"href":"https:\/\/xceed.me\/blog\/wp-json\/wp\/v2\/media?parent=30494"}],"wp:term":[{"taxonomy":"category","embeddable":true,"href":"https:\/\/xceed.me\/blog\/wp-json\/wp\/v2\/categories?post=30494"},{"taxonomy":"post_tag","embeddable":true,"href":"https:\/\/xceed.me\/blog\/wp-json\/wp\/v2\/tags?post=30494"}],"curies":[{"name":"wp","href":"https:\/\/api.w.org\/{rel}","templated":true}]}}