{"id":29946,"date":"2025-02-25T12:47:35","date_gmt":"2025-02-25T10:47:35","guid":{"rendered":"https:\/\/xceed.me\/blog\/?p=29946"},"modified":"2025-02-25T12:47:38","modified_gmt":"2025-02-25T10:47:38","slug":"dias-de-campo-2025","status":"publish","type":"post","link":"https:\/\/xceed.me\/blog\/es\/dias-de-campo-2025\/","title":{"rendered":"D\u00edas de Campo 2025 &#8211; Todo lo que necesitas saber: line-up y tickets"},"content":{"rendered":"\n<p>Vuelve la fecha favorita de los mel\u00f3manos, la reuni\u00f3n definitiva de aquellos que saben ver m\u00e1s all\u00e1 en la escena electr\u00f3nica espa\u00f1ola. Como cada a\u00f1o, <strong><a href=\"https:\/\/www.instagram.com\/diasdecampo_fest\/\" target=\"_blank\" rel=\"noreferrer noopener\">D\u00ed<\/a><a href=\"https:\/\/xceed.me\/es\/valencia\/event\/dias-de-campo-2025-montanejos--172594?utm_source=blog&amp;utm_medium=event&amp;utm_campaign=210225-ENG-%20DDC25-FEB-W4\" target=\"_blank\" rel=\"noreferrer noopener\">as de Campo<\/a><\/strong> convierte <strong>Montanejos<\/strong> en un para\u00edso para los amantes de la electr\u00f3nica, un punto de encuentro para quienes buscan m\u00e1s all\u00e1 del circuito comercial. Este festival boutique ha cultivado una comunidad fiel, fusionando el amor por la m\u00fasica, la naturaleza y la conexi\u00f3n en uno de los enclaves m\u00e1s impresionantes de Espa\u00f1a.<br><br>Del <strong>8 al 11 de mayo de 2025<\/strong>, regresa con su edici\u00f3n m\u00e1s ambiciosa hasta la fecha. <strong>El house, el minimal, <\/strong>y sus diferentes variables tomar\u00e1n los manantiales, bosques y pistas de baile al aire libre de Montanejos. Por la aventura campera pasar\u00e1n m\u00e1s de <strong>160 artistas<\/strong>, desde iconos internacionales hasta figuras clave del underground que marcan el sonido actual de la electr\u00f3nica nacional.<\/p>\n\n\n\n<figure class=\"wp-block-image size-large\"><a href=\"https:\/\/xceed.me\/en\/valencia\/event\/dias-de-campo-2025-montanejos--172594?utm_source=blog&amp;utm_medium=event&amp;utm_campaign=210225-ENG-%20DDC25-FEB-W4\" target=\"_blank\" rel=\"noreferrer noopener\"><img loading=\"lazy\" decoding=\"async\" width=\"1024\" height=\"683\" src=\"https:\/\/images.xceed.me\/blog\/wp-content\/uploads\/2025\/02\/21164544\/DDC-24-Viernes-014-2-1024x683.jpg\" alt=\"Festival attendees enjoying the scenic riverside at Montanejos, a natural paradise that hosts D\u00edas de Campo 2025.\" class=\"wp-image-29938\" srcset=\"https:\/\/images.xceed.me\/blog\/wp-content\/uploads\/2025\/02\/21164544\/DDC-24-Viernes-014-2-1024x683.jpg 1024w, https:\/\/images.xceed.me\/blog\/wp-content\/uploads\/2025\/02\/21164544\/DDC-24-Viernes-014-2-360x240.jpg 360w, https:\/\/images.xceed.me\/blog\/wp-content\/uploads\/2025\/02\/21164544\/DDC-24-Viernes-014-2-680x453.jpg 680w, https:\/\/images.xceed.me\/blog\/wp-content\/uploads\/2025\/02\/21164544\/DDC-24-Viernes-014-2-1536x1024.jpg 1536w, https:\/\/images.xceed.me\/blog\/wp-content\/uploads\/2025\/02\/21164544\/DDC-24-Viernes-014-2-380x253.jpg 380w, https:\/\/images.xceed.me\/blog\/wp-content\/uploads\/2025\/02\/21164544\/DDC-24-Viernes-014-2-800x533.jpg 800w, https:\/\/images.xceed.me\/blog\/wp-content\/uploads\/2025\/02\/21164544\/DDC-24-Viernes-014-2-1160x773.jpg 1160w, https:\/\/images.xceed.me\/blog\/wp-content\/uploads\/2025\/02\/21164544\/DDC-24-Viernes-014-2.jpg 2048w\" sizes=\"auto, (max-width: 1024px) 100vw, 1024px\" \/><\/a><\/figure>\n\n\n\n<p>Esta edici\u00f3n destaca a selectores legendarios como el residente de Fabric <strong><a href=\"https:\/\/xceed.me\/en\/artist\/craig-richards\" target=\"_blank\" rel=\"noreferrer noopener\">Craig Richards<\/a>, <a href=\"https:\/\/xceed.me\/en\/artist\/eris-drew\" target=\"_blank\" rel=\"noreferrer noopener\">Eris Drew<\/a>,<\/strong>, el live de electro y synth de <strong> <a href=\"https:\/\/xceed.me\/en\/artist\/dmx-krew\" target=\"_blank\" rel=\"noreferrer noopener\">DMX Krew<\/a><\/strong>, el icono japon\u00e9s <strong>Fumiya Tanaka<\/strong> o la energ\u00eda positiva de <a href=\"https:\/\/xceed.me\/en\/artist\/dmx-krew\" target=\"_blank\" rel=\"noreferrer noopener\"><strong>Shanti Celeste<\/strong><\/a> y <strong>Peach<\/strong>. Como reflejo de su compromiso por la visibilidad emergente, D\u00edas de Campo 2025 contar\u00e1 con propuestas in\u00e9ditas de artistas como <strong>Alexis Cabrera, Pau P\u00e9rez<\/strong> y colectivos como <a href=\"https:\/\/xceed.me\/en\/artist\/thebasement-soundsystem\" target=\"_blank\" rel=\"noreferrer noopener\"><strong>theBasement Soundsystem<\/strong>.<\/a><br><\/p>\n\n\n\n<p>Camperos, camperas, el mejor momento del a\u00f1o est\u00e1 a la vuelta de la esquina. <strong>D\u00edas de Campo 2025<\/strong> es casi una realidad, desempolva la tienda y llena la cantimplora. \u00a1Nos vemos en Montanejos!<\/p>\n\n\n\n<div class=\"wp-block-buttons is-content-justification-center is-layout-flex wp-container-core-buttons-is-layout-16018d1d wp-block-buttons-is-layout-flex\">\n<div class=\"wp-block-button has-custom-font-size has-small-font-size\"><a class=\"wp-block-button__link has-white-color has-black-background-color has-text-color has-background wp-element-button\" href=\"https:\/\/xceed.me\/es\/valencia\/event\/dias-de-campo-2025-montanejos--172594?utm_source=blog&amp;utm_medium=event&amp;utm_campaign=210225-ENG-%20DDC25-FEB-W4\" target=\"_blank\" rel=\"noreferrer noopener\"><strong>CONSIGUE TU ENTRADA<\/strong><\/a><\/div>\n<\/div>\n\n\n\n<figure class=\"wp-block-image size-large is-resized\"><a href=\"https:\/\/xceed.me\/en\/valencia\/event\/dias-de-campo-2025-montanejos--172594?utm_source=blog&amp;utm_medium=event&amp;utm_campaign=210225-ENG-%20DDC25-FEB-W4\" target=\"_blank\" rel=\"noreferrer noopener\"><img loading=\"lazy\" decoding=\"async\" src=\"https:\/\/images.xceed.me\/blog\/wp-content\/uploads\/2025\/02\/21164335\/ad9e13ae7a85561bf9fdf786690c52668ff453d2-819x1024.webp\" alt=\"Official lineup poster for D\u00edas de Campo 2025, featuring the full list of artists performing at Montanejos from May 8-11, 2025.\" class=\"wp-image-29935\" width=\"690\" height=\"862\" srcset=\"https:\/\/images.xceed.me\/blog\/wp-content\/uploads\/2025\/02\/21164335\/ad9e13ae7a85561bf9fdf786690c52668ff453d2-819x1024.webp 819w, https:\/\/images.xceed.me\/blog\/wp-content\/uploads\/2025\/02\/21164335\/ad9e13ae7a85561bf9fdf786690c52668ff453d2-240x300.webp 240w, https:\/\/images.xceed.me\/blog\/wp-content\/uploads\/2025\/02\/21164335\/ad9e13ae7a85561bf9fdf786690c52668ff453d2-680x850.webp 680w, https:\/\/images.xceed.me\/blog\/wp-content\/uploads\/2025\/02\/21164335\/ad9e13ae7a85561bf9fdf786690c52668ff453d2-1229x1536.webp 1229w, https:\/\/images.xceed.me\/blog\/wp-content\/uploads\/2025\/02\/21164335\/ad9e13ae7a85561bf9fdf786690c52668ff453d2-380x475.webp 380w, https:\/\/images.xceed.me\/blog\/wp-content\/uploads\/2025\/02\/21164335\/ad9e13ae7a85561bf9fdf786690c52668ff453d2-800x1000.webp 800w, https:\/\/images.xceed.me\/blog\/wp-content\/uploads\/2025\/02\/21164335\/ad9e13ae7a85561bf9fdf786690c52668ff453d2-1160x1450.webp 1160w, https:\/\/images.xceed.me\/blog\/wp-content\/uploads\/2025\/02\/21164335\/ad9e13ae7a85561bf9fdf786690c52668ff453d2.webp 1280w\" sizes=\"auto, (max-width: 690px) 100vw, 690px\" \/><\/a><\/figure>\n\n\n\n<p><\/p>\n","protected":false},"excerpt":{"rendered":"Vuelve la fecha favorita de los mel\u00f3manos, la reuni\u00f3n definitiva de aquellos que saben ver m\u00e1s all\u00e1 en&hellip;\n","protected":false},"author":1,"featured_media":29937,"comment_status":"open","ping_status":"open","sticky":false,"template":"","format":"standard","meta":{"_acf_changed":false,"_monsterinsights_skip_tracking":false,"_monsterinsights_sitenote_active":false,"_monsterinsights_sitenote_note":"","_monsterinsights_sitenote_category":0,"csco_singular_sidebar":"","csco_page_header_type":"","csco_page_load_nextpost":"","csco_post_video_location":[],"csco_post_video_url":"","csco_post_video_bg_start_time":0,"csco_post_video_bg_end_time":0,"_jetpack_memberships_contains_paid_content":false,"footnotes":""},"categories":[6227,7303],"tags":[],"class_list":{"0":"post-29946","1":"post","2":"type-post","3":"status-publish","4":"format-standard","5":"has-post-thumbnail","7":"category-festivales","8":"category-spain-es","9":"cs-entry","10":"cs-video-wrap"},"acf":[],"yoast_head":"<!-- This site is optimized with the Yoast SEO plugin v27.3 - https:\/\/yoast.com\/product\/yoast-seo-wordpress\/ -->\n<title>D\u00edas de Campo 2025 - Todo lo que necesitas saber: line-up y tickets - NIGHTMAG<\/title>\n<meta name=\"description\" content=\"D\u00edas de Campo 2025 vuelve a Montanejos con m\u00e1s de 160 artistas, house, minimal y naturaleza. \u00a1Vive la mejor escapada underground!\" \/>\n<meta name=\"robots\" content=\"index, follow, max-snippet:-1, max-image-preview:large, max-video-preview:-1\" \/>\n<link rel=\"canonical\" href=\"https:\/\/xceed.me\/blog\/es\/dias-de-campo-2025\/\" \/>\n<meta property=\"og:locale\" content=\"en_US\" \/>\n<meta property=\"og:type\" content=\"article\" \/>\n<meta property=\"og:title\" content=\"D\u00edas de Campo 2025 - Todo lo que necesitas saber: line-up y tickets - NIGHTMAG\" \/>\n<meta property=\"og:description\" content=\"D\u00edas de Campo 2025 vuelve a Montanejos con m\u00e1s de 160 artistas, house, minimal y naturaleza. \u00a1Vive la mejor escapada underground!\" \/>\n<meta property=\"og:url\" content=\"https:\/\/xceed.me\/blog\/es\/dias-de-campo-2025\/\" \/>\n<meta property=\"og:site_name\" content=\"NIGHTMAG\" \/>\n<meta property=\"article:publisher\" content=\"https:\/\/www.facebook.com\/Xceed\/\" \/>\n<meta property=\"article:published_time\" content=\"2025-02-25T10:47:35+00:00\" \/>\n<meta property=\"article:modified_time\" content=\"2025-02-25T10:47:38+00:00\" \/>\n<meta property=\"og:image\" content=\"https:\/\/images.xceed.me\/blog\/wp-content\/uploads\/2025\/02\/21164455\/DDC-24-Viernes-159-1024x683.jpg\" \/>\n\t<meta property=\"og:image:width\" content=\"1024\" \/>\n\t<meta property=\"og:image:height\" content=\"683\" \/>\n\t<meta property=\"og:image:type\" content=\"image\/jpeg\" \/>\n<meta name=\"twitter:card\" content=\"summary_large_image\" \/>\n<meta name=\"twitter:creator\" content=\"@Xceed_World\" \/>\n<meta name=\"twitter:site\" content=\"@Xceed_World\" \/>\n<meta name=\"twitter:label1\" content=\"Written by\" \/>\n\t<meta name=\"twitter:data1\" content=\"\" \/>\n\t<meta name=\"twitter:label2\" content=\"Est. reading time\" \/>\n\t<meta name=\"twitter:data2\" content=\"2 minutes\" \/>\n<script type=\"application\/ld+json\" class=\"yoast-schema-graph\">{\"@context\":\"https:\\\/\\\/schema.org\",\"@graph\":[{\"@type\":\"Article\",\"@id\":\"https:\\\/\\\/xceed.me\\\/blog\\\/es\\\/dias-de-campo-2025\\\/#article\",\"isPartOf\":{\"@id\":\"https:\\\/\\\/xceed.me\\\/blog\\\/es\\\/dias-de-campo-2025\\\/\"},\"author\":{\"name\":\"\",\"@id\":\"\"},\"headline\":\"D\u00edas de Campo 2025 &#8211; Todo lo que necesitas saber: line-up y tickets\",\"datePublished\":\"2025-02-25T10:47:35+00:00\",\"dateModified\":\"2025-02-25T10:47:38+00:00\",\"mainEntityOfPage\":{\"@id\":\"https:\\\/\\\/xceed.me\\\/blog\\\/es\\\/dias-de-campo-2025\\\/\"},\"wordCount\":281,\"commentCount\":0,\"image\":{\"@id\":\"https:\\\/\\\/xceed.me\\\/blog\\\/es\\\/dias-de-campo-2025\\\/#primaryimage\"},\"thumbnailUrl\":\"https:\\\/\\\/images.xceed.me\\\/blog\\\/wp-content\\\/uploads\\\/2025\\\/02\\\/21164455\\\/DDC-24-Viernes-159.jpg\",\"articleSection\":[\"#Festivales\",\"#Spain\"],\"inLanguage\":\"en-US\",\"potentialAction\":[{\"@type\":\"CommentAction\",\"name\":\"Comment\",\"target\":[\"https:\\\/\\\/xceed.me\\\/blog\\\/es\\\/dias-de-campo-2025\\\/#respond\"]}]},{\"@type\":\"WebPage\",\"@id\":\"https:\\\/\\\/xceed.me\\\/blog\\\/es\\\/dias-de-campo-2025\\\/\",\"url\":\"https:\\\/\\\/xceed.me\\\/blog\\\/es\\\/dias-de-campo-2025\\\/\",\"name\":\"D\u00edas de Campo 2025 - Todo lo que necesitas saber: line-up y tickets - NIGHTMAG\",\"isPartOf\":{\"@id\":\"https:\\\/\\\/xceed.me\\\/blog\\\/#website\"},\"primaryImageOfPage\":{\"@id\":\"https:\\\/\\\/xceed.me\\\/blog\\\/es\\\/dias-de-campo-2025\\\/#primaryimage\"},\"image\":{\"@id\":\"https:\\\/\\\/xceed.me\\\/blog\\\/es\\\/dias-de-campo-2025\\\/#primaryimage\"},\"thumbnailUrl\":\"https:\\\/\\\/images.xceed.me\\\/blog\\\/wp-content\\\/uploads\\\/2025\\\/02\\\/21164455\\\/DDC-24-Viernes-159.jpg\",\"datePublished\":\"2025-02-25T10:47:35+00:00\",\"dateModified\":\"2025-02-25T10:47:38+00:00\",\"author\":{\"@id\":\"\"},\"description\":\"D\u00edas de Campo 2025 vuelve a Montanejos con m\u00e1s de 160 artistas, house, minimal y naturaleza. \u00a1Vive la mejor escapada underground!\",\"breadcrumb\":{\"@id\":\"https:\\\/\\\/xceed.me\\\/blog\\\/es\\\/dias-de-campo-2025\\\/#breadcrumb\"},\"inLanguage\":\"en-US\",\"potentialAction\":[{\"@type\":\"ReadAction\",\"target\":[\"https:\\\/\\\/xceed.me\\\/blog\\\/es\\\/dias-de-campo-2025\\\/\"]}]},{\"@type\":\"ImageObject\",\"inLanguage\":\"en-US\",\"@id\":\"https:\\\/\\\/xceed.me\\\/blog\\\/es\\\/dias-de-campo-2025\\\/#primaryimage\",\"url\":\"https:\\\/\\\/images.xceed.me\\\/blog\\\/wp-content\\\/uploads\\\/2025\\\/02\\\/21164455\\\/DDC-24-Viernes-159.jpg\",\"contentUrl\":\"https:\\\/\\\/images.xceed.me\\\/blog\\\/wp-content\\\/uploads\\\/2025\\\/02\\\/21164455\\\/DDC-24-Viernes-159.jpg\",\"width\":2048,\"height\":1365,\"caption\":\"A vibrant night at D\u00edas de Campo, with a packed crowd dancing under vibrant red lights in the middle of nature.\"},{\"@type\":\"BreadcrumbList\",\"@id\":\"https:\\\/\\\/xceed.me\\\/blog\\\/es\\\/dias-de-campo-2025\\\/#breadcrumb\",\"itemListElement\":[{\"@type\":\"ListItem\",\"position\":1,\"name\":\"Home\",\"item\":\"https:\\\/\\\/xceed.me\\\/blog\\\/en\\\/\"},{\"@type\":\"ListItem\",\"position\":2,\"name\":\"D\u00edas de Campo 2025 &#8211; Todo lo que necesitas saber: line-up y tickets\"}]},{\"@type\":\"WebSite\",\"@id\":\"https:\\\/\\\/xceed.me\\\/blog\\\/#website\",\"url\":\"https:\\\/\\\/xceed.me\\\/blog\\\/\",\"name\":\"NIGHTMAG\",\"description\":\"NIGHTMAG\",\"potentialAction\":[{\"@type\":\"SearchAction\",\"target\":{\"@type\":\"EntryPoint\",\"urlTemplate\":\"https:\\\/\\\/xceed.me\\\/blog\\\/?s={search_term_string}\"},\"query-input\":{\"@type\":\"PropertyValueSpecification\",\"valueRequired\":true,\"valueName\":\"search_term_string\"}}],\"inLanguage\":\"en-US\"},{\"@type\":\"Person\",\"@id\":\"\",\"url\":\"https:\\\/\\\/xceed.me\\\/blog\\\/author\\\/\"}]}<\/script>\n<!-- \/ Yoast SEO plugin. -->","yoast_head_json":{"title":"D\u00edas de Campo 2025 - Todo lo que necesitas saber: line-up y tickets - NIGHTMAG","description":"D\u00edas de Campo 2025 vuelve a Montanejos con m\u00e1s de 160 artistas, house, minimal y naturaleza. \u00a1Vive la mejor escapada underground!","robots":{"index":"index","follow":"follow","max-snippet":"max-snippet:-1","max-image-preview":"max-image-preview:large","max-video-preview":"max-video-preview:-1"},"canonical":"https:\/\/xceed.me\/blog\/es\/dias-de-campo-2025\/","og_locale":"en_US","og_type":"article","og_title":"D\u00edas de Campo 2025 - Todo lo que necesitas saber: line-up y tickets - NIGHTMAG","og_description":"D\u00edas de Campo 2025 vuelve a Montanejos con m\u00e1s de 160 artistas, house, minimal y naturaleza. \u00a1Vive la mejor escapada underground!","og_url":"https:\/\/xceed.me\/blog\/es\/dias-de-campo-2025\/","og_site_name":"NIGHTMAG","article_publisher":"https:\/\/www.facebook.com\/Xceed\/","article_published_time":"2025-02-25T10:47:35+00:00","article_modified_time":"2025-02-25T10:47:38+00:00","og_image":[{"width":1024,"height":683,"url":"https:\/\/images.xceed.me\/blog\/wp-content\/uploads\/2025\/02\/21164455\/DDC-24-Viernes-159-1024x683.jpg","type":"image\/jpeg"}],"twitter_card":"summary_large_image","twitter_creator":"@Xceed_World","twitter_site":"@Xceed_World","twitter_misc":{"Written by":"","Est. reading time":"2 minutes"},"schema":{"@context":"https:\/\/schema.org","@graph":[{"@type":"Article","@id":"https:\/\/xceed.me\/blog\/es\/dias-de-campo-2025\/#article","isPartOf":{"@id":"https:\/\/xceed.me\/blog\/es\/dias-de-campo-2025\/"},"author":{"name":"","@id":""},"headline":"D\u00edas de Campo 2025 &#8211; Todo lo que necesitas saber: line-up y tickets","datePublished":"2025-02-25T10:47:35+00:00","dateModified":"2025-02-25T10:47:38+00:00","mainEntityOfPage":{"@id":"https:\/\/xceed.me\/blog\/es\/dias-de-campo-2025\/"},"wordCount":281,"commentCount":0,"image":{"@id":"https:\/\/xceed.me\/blog\/es\/dias-de-campo-2025\/#primaryimage"},"thumbnailUrl":"https:\/\/images.xceed.me\/blog\/wp-content\/uploads\/2025\/02\/21164455\/DDC-24-Viernes-159.jpg","articleSection":["#Festivales","#Spain"],"inLanguage":"en-US","potentialAction":[{"@type":"CommentAction","name":"Comment","target":["https:\/\/xceed.me\/blog\/es\/dias-de-campo-2025\/#respond"]}]},{"@type":"WebPage","@id":"https:\/\/xceed.me\/blog\/es\/dias-de-campo-2025\/","url":"https:\/\/xceed.me\/blog\/es\/dias-de-campo-2025\/","name":"D\u00edas de Campo 2025 - Todo lo que necesitas saber: line-up y tickets - NIGHTMAG","isPartOf":{"@id":"https:\/\/xceed.me\/blog\/#website"},"primaryImageOfPage":{"@id":"https:\/\/xceed.me\/blog\/es\/dias-de-campo-2025\/#primaryimage"},"image":{"@id":"https:\/\/xceed.me\/blog\/es\/dias-de-campo-2025\/#primaryimage"},"thumbnailUrl":"https:\/\/images.xceed.me\/blog\/wp-content\/uploads\/2025\/02\/21164455\/DDC-24-Viernes-159.jpg","datePublished":"2025-02-25T10:47:35+00:00","dateModified":"2025-02-25T10:47:38+00:00","author":{"@id":""},"description":"D\u00edas de Campo 2025 vuelve a Montanejos con m\u00e1s de 160 artistas, house, minimal y naturaleza. \u00a1Vive la mejor escapada underground!","breadcrumb":{"@id":"https:\/\/xceed.me\/blog\/es\/dias-de-campo-2025\/#breadcrumb"},"inLanguage":"en-US","potentialAction":[{"@type":"ReadAction","target":["https:\/\/xceed.me\/blog\/es\/dias-de-campo-2025\/"]}]},{"@type":"ImageObject","inLanguage":"en-US","@id":"https:\/\/xceed.me\/blog\/es\/dias-de-campo-2025\/#primaryimage","url":"https:\/\/images.xceed.me\/blog\/wp-content\/uploads\/2025\/02\/21164455\/DDC-24-Viernes-159.jpg","contentUrl":"https:\/\/images.xceed.me\/blog\/wp-content\/uploads\/2025\/02\/21164455\/DDC-24-Viernes-159.jpg","width":2048,"height":1365,"caption":"A vibrant night at D\u00edas de Campo, with a packed crowd dancing under vibrant red lights in the middle of nature."},{"@type":"BreadcrumbList","@id":"https:\/\/xceed.me\/blog\/es\/dias-de-campo-2025\/#breadcrumb","itemListElement":[{"@type":"ListItem","position":1,"name":"Home","item":"https:\/\/xceed.me\/blog\/en\/"},{"@type":"ListItem","position":2,"name":"D\u00edas de Campo 2025 &#8211; Todo lo que necesitas saber: line-up y tickets"}]},{"@type":"WebSite","@id":"https:\/\/xceed.me\/blog\/#website","url":"https:\/\/xceed.me\/blog\/","name":"NIGHTMAG","description":"NIGHTMAG","potentialAction":[{"@type":"SearchAction","target":{"@type":"EntryPoint","urlTemplate":"https:\/\/xceed.me\/blog\/?s={search_term_string}"},"query-input":{"@type":"PropertyValueSpecification","valueRequired":true,"valueName":"search_term_string"}}],"inLanguage":"en-US"},{"@type":"Person","@id":"","url":"https:\/\/xceed.me\/blog\/author\/"}]}},"jetpack_featured_media_url":"https:\/\/images.xceed.me\/blog\/wp-content\/uploads\/2025\/02\/21164455\/DDC-24-Viernes-159.jpg","jetpack_sharing_enabled":true,"_links":{"self":[{"href":"https:\/\/xceed.me\/blog\/wp-json\/wp\/v2\/posts\/29946","targetHints":{"allow":["GET"]}}],"collection":[{"href":"https:\/\/xceed.me\/blog\/wp-json\/wp\/v2\/posts"}],"about":[{"href":"https:\/\/xceed.me\/blog\/wp-json\/wp\/v2\/types\/post"}],"author":[{"embeddable":true,"href":"https:\/\/xceed.me\/blog\/wp-json\/wp\/v2\/users\/1"}],"replies":[{"embeddable":true,"href":"https:\/\/xceed.me\/blog\/wp-json\/wp\/v2\/comments?post=29946"}],"version-history":[{"count":3,"href":"https:\/\/xceed.me\/blog\/wp-json\/wp\/v2\/posts\/29946\/revisions"}],"predecessor-version":[{"id":31308,"href":"https:\/\/xceed.me\/blog\/wp-json\/wp\/v2\/posts\/29946\/revisions\/31308"}],"wp:featuredmedia":[{"embeddable":true,"href":"https:\/\/xceed.me\/blog\/wp-json\/wp\/v2\/media\/29937"}],"wp:attachment":[{"href":"https:\/\/xceed.me\/blog\/wp-json\/wp\/v2\/media?parent=29946"}],"wp:term":[{"taxonomy":"category","embeddable":true,"href":"https:\/\/xceed.me\/blog\/wp-json\/wp\/v2\/categories?post=29946"},{"taxonomy":"post_tag","embeddable":true,"href":"https:\/\/xceed.me\/blog\/wp-json\/wp\/v2\/tags?post=29946"}],"curies":[{"name":"wp","href":"https:\/\/api.w.org\/{rel}","templated":true}]}}