{"id":20606,"date":"2020-06-17T09:57:37","date_gmt":"2020-06-17T07:57:37","guid":{"rendered":"https:\/\/xceed.me\/blog\/?p=20606"},"modified":"2021-03-23T11:58:53","modified_gmt":"2021-03-23T09:58:53","slug":"xceed-premiere-014-ian-axide-project-7","status":"publish","type":"post","link":"https:\/\/xceed.me\/blog\/es\/xceed-premiere-014-ian-axide-project-7\/","title":{"rendered":"Xceed Premiere 014: Ian Axide \u2013 Project 7"},"content":{"rendered":"\n<p><em>Debido a la situaci\u00f3n causada por la covid-19, pude pasar mucho tiempo en el estudio sin ninguna presi\u00f3n. Eso fue lo que me permiti\u00f3 acabar por fin <\/em>Spherical<em>.<\/em><\/p>\n\n\n\n<p>As\u00ed de sincero se muestra el espa\u00f1ol <a href=\"https:\/\/xceed.me\/es\/artist\/ian-axide?utm_source=blog&amp;utm_medium=artist&amp;utm_campaign=200615-GEN-ESP-BLOG-IAN%20AXIDE%20PREMIERE\" target=\"_blank\" rel=\"noreferrer noopener\">Ian Axide<\/a>, que desde su estudio en <a href=\"https:\/\/xceed.me\/es\/london?utm_source=blog&amp;utm_medium=city&amp;utm_campaign=200615-GEN-ESP-BLOG-IAN%20AXIDE%20PREMIERE\" target=\"_blank\" rel=\"noreferrer noopener\">Londres<\/a> ha podido por fin terminar un proyecto en el que llevaba ya dos a\u00f1os trabajando. <em><a href=\"https:\/\/emphaticrecords.bandcamp.com\/album\/spherical\" target=\"_blank\" rel=\"noreferrer noopener\">Spherical<\/a> <\/em>es el \u00e1lbum debut del productor hispano. Se trata de un trabajo de 10 pistas que ve la luz el pr\u00f3ximo 29 de junio v\u00eda <a href=\"https:\/\/emphaticrecords.bandcamp.com\/\" target=\"_blank\" rel=\"noreferrer noopener\">Emphatic Records<\/a>, su propio sello discogr\u00e1fico.<\/p>\n\n\n\n<p><em>Empec\u00e9 a planear mi primer \u00e1lbum hace dos a\u00f1os. He publicado muchos EPs en distintos sellos durante los \u00faltimos tiempos, pero un \u00e1lbum era lo que yo siempre hab\u00eda querido hacer. Simplemente, nunca tuve el tiempo suficiente para centrarme en ello. Ten\u00eda demasiados proyectos a medias en mi ordenador.<\/em><\/p>\n\n\n\n\n\n<figure class=\"wp-block-image alignnone size-full wp-image-20601\"><img loading=\"lazy\" decoding=\"async\" width=\"920\" height=\"460\" src=\"https:\/\/images.xceed.me\/blog\/wp-content\/uploads\/2020\/06\/29121121\/Xceed-Artist-Ian-Axide.png\" alt=\"Xceed-Artist-Ian Axide\" class=\"wp-image-20601\"\/><figcaption>Imagen: \u00a9 Press Kit de Ian Axide<\/figcaption><\/figure>\n\n\n\n\n\n<p><em>Spherical <\/em>es un trabajo de alto vuelo. Aunque los sonidos techno mentales, introspectivos y psicod\u00e9licos son protagonistas, el \u00e1lbum deja espacio tambi\u00e9n a pistas ambient con fuerte presencia de drones, como en \u201cSpherical\u201d o en \u201cCore\u201d, donde el ritmo lo ponen \u00fanicamente los claps. \u201cExhausted\u201d, la sexta pista del disco, aporta bases mucho m\u00e1s experimentales, con bajos entrecortados y drops ultra t\u00edmidos. \u201cTransitions\u201d tambi\u00e9n se desmarca de la t\u00f3nica general de <em>Spherical <\/em>por desacelerar notablemente el pitch, una t\u00e9cnica no muy com\u00fan en trabajos del g\u00e9nero.<\/p>\n\n\n\n<p>Xceed Night Mag presenta en exclusiva \u201cProject 7\u201d, el tema de clausura, el \u00faltimo de los 10 que componen <em>Spherical<\/em>. En \u00e9l, de nuevo bases rotas conviven con percusiones intensas y sintetizadores lejanos y atmosf\u00e9ricos. En su conjunto, \u201cProject 7\u201d evoca melancol\u00eda, paz y luz tras un trayecto de una hora en el que se visitan distintos parajes m\u00e1s bien oscuros. Un claro ejemplo de lo que podr\u00eda entenderse como techno ambiental.<\/p>\n\n\n\n\n\n<figure class=\"wp-block-embed-soundcloud wp-block-embed is-type-rich is-provider-soundcloud wp-embed-aspect-4-3 wp-has-aspect-ratio\"><div class=\"wp-block-embed__wrapper\">\n<iframe loading=\"lazy\" title=\"Xceed Premiere 014: Ian Axide \u2013 Project 7 by Xceed\" width=\"1200\" height=\"400\" scrolling=\"no\" frameborder=\"no\" src=\"https:\/\/w.soundcloud.com\/player\/?visual=true&#038;url=https%3A%2F%2Fapi.soundcloud.com%2Ftracks%2F841661338&#038;show_artwork=true&#038;maxwidth=1200&#038;maxheight=1000&#038;dnt=1\"><\/iframe>\n<\/div><\/figure>\n\n\n\n\n\n<p><em>Utilic\u00e9 tanto hardware como software para producir este \u00e1lbum. Yo dir\u00eda que 50-50. He utilizado <a href=\"https:\/\/www.apple.com\/es\/logic-pro\/\" target=\"_blank\" rel=\"noreferrer noopener\">Logic<\/a> durante los \u00faltimos 10 a\u00f1os. Me siento muy c\u00f3modo con \u00e9l y la calidad del sonido es impresionante. En cuanto al hardware, utilic\u00e9 <a href=\"https:\/\/www.roland.com\/es-es\/\" target=\"_blank\" rel=\"noreferrer noopener\">Roland<\/a> SE 02, 808, 909 Y 303. Tambi\u00e9n, yo siempre mezclo y masterizo en todos mis temas, incluso cuando produzco para sellos externos. Es algo muy importante para m\u00ed. La mayor\u00eda de este proceso para el \u00e1lbum, lo hice con <a href=\"https:\/\/www.uaudio.com\/\" target=\"_blank\" rel=\"noreferrer noopener\">Universal Audio<\/a>.<\/em><\/p>\n\n\n\n<p>Ian Axide nos cuenta que es uno de los momentos m\u00e1s emocionantes en su carrera art\u00edstica. Produjo m\u00e1s de 30 temas y le llev\u00f3 mucho tiempo y esfuerzo decidir los 10 definitivos. Buscaba la m\u00fasica m\u00e1s deep, org\u00e1nica y, a su vez, energ\u00e9tica. Cree haber encontrado el balance ideal.<\/p>\n\n\n\n<p><em>Yo dir\u00eda que he conseguido dar con un \u00e1lbum profundo e hipn\u00f3tico, pero tambi\u00e9n energ\u00e9tico. Cuando escucho los temas, visualizo distintas situaciones y lugares. Mi objetivo es siempre crear m\u00fasica que pueda escucharse tanto en un club o festival, como, en el caso de algunos temas, en casa o conduciendo el coche. Para m\u00ed, ese es el concepto de un \u00e1lbum.<\/em><\/p>\n\n\n\n\n\n<p><strong>Tracklist:<\/strong><\/p>\n\n\n\n<ol class=\"wp-block-list\"><li>Spherical<\/li><li>Black<\/li><li>Core<\/li><li>Diving<\/li><li>Blue<\/li><li>Exhausted<\/li><li>Transitions<\/li><li>Vertice<\/li><li>Birmingham<\/li><li>Project 7<\/li><\/ol>\n\n\n\n\n\n<p><strong><a href=\"https:\/\/xceed.me\/es\/artist\/ian-axide?utm_source=blog&amp;utm_medium=artist&amp;utm_campaign=200615-GEN-ESP-BLOG-IAN%20AXIDE%20PREMIERE\" target=\"_blank\" rel=\"noreferrer noopener\">ARTISTA: IAN AXIDE<\/a><\/strong><\/p>\n\n\n\n<p style=\"font-size:12px\">(Imagen de Portada: \u00a9 Emphatic Records)<\/p>\n\n\n","protected":false},"excerpt":{"rendered":"Dos a\u00f1os de trabajo han dado como resultado un \u00e1lbum de corte techno en el que las bases experimentales y el drone-ambient tienen mucho que decir\n","protected":false},"author":1,"featured_media":20602,"comment_status":"open","ping_status":"open","sticky":false,"template":"","format":"standard","meta":{"_acf_changed":false,"_monsterinsights_skip_tracking":false,"_monsterinsights_sitenote_active":false,"_monsterinsights_sitenote_note":"","_monsterinsights_sitenote_category":0,"csco_singular_sidebar":"","csco_page_header_type":"","csco_page_load_nextpost":"","csco_post_video_location":[],"csco_post_video_url":"","csco_post_video_bg_start_time":0,"csco_post_video_bg_end_time":0,"_jetpack_memberships_contains_paid_content":false,"footnotes":""},"categories":[125],"tags":[5860,780,5601],"class_list":{"0":"post-20606","1":"post","2":"type-post","3":"status-publish","4":"format-standard","5":"has-post-thumbnail","7":"category-musica","8":"tag-ian-axide","9":"tag-musica","10":"tag-premieres-es","11":"cs-entry","12":"cs-video-wrap"},"acf":[],"yoast_head":"<!-- This site is optimized with the Yoast SEO plugin v27.3 - https:\/\/yoast.com\/product\/yoast-seo-wordpress\/ -->\n<title>Xceed Premiere 014: Ian Axide \u2013 Project 7 - NIGHTMAG<\/title>\n<meta name=\"description\" content=\"Escuchen en exclusiva &quot;Project 7&quot;, el tema de cierre de &#039;Spherical&#039;, que es el \u00e1lbum debut del productor techno espa\u00f1ol Ian Axide en Emphatic Records.\" \/>\n<meta name=\"robots\" content=\"index, follow, max-snippet:-1, max-image-preview:large, max-video-preview:-1\" \/>\n<link rel=\"canonical\" href=\"https:\/\/xceed.me\/blog\/es\/xceed-premiere-014-ian-axide-project-7\/\" \/>\n<meta property=\"og:locale\" content=\"en_US\" \/>\n<meta property=\"og:type\" content=\"article\" \/>\n<meta property=\"og:title\" content=\"Xceed Premiere 014: Ian Axide \u2013 Project 7\" \/>\n<meta property=\"og:description\" content=\"El productor espa\u00f1ol cierra su \u00e1lbum debut con esta gran pieza de techno ambiental.\" \/>\n<meta property=\"og:url\" content=\"https:\/\/xceed.me\/blog\/es\/xceed-premiere-014-ian-axide-project-7\/\" \/>\n<meta property=\"og:site_name\" content=\"NIGHTMAG\" \/>\n<meta property=\"article:publisher\" content=\"https:\/\/www.facebook.com\/Xceed\/\" \/>\n<meta property=\"article:published_time\" content=\"2020-06-17T07:57:37+00:00\" \/>\n<meta property=\"article:modified_time\" content=\"2021-03-23T09:58:53+00:00\" \/>\n<meta property=\"og:image\" content=\"https:\/\/images.xceed.me\/blog\/wp-content\/uploads\/2020\/06\/29121120\/Xceed-Premiere-Ian-Axide-Project-7.png\" \/>\n\t<meta property=\"og:image:width\" content=\"1000\" \/>\n\t<meta property=\"og:image:height\" content=\"600\" \/>\n\t<meta property=\"og:image:type\" content=\"image\/png\" \/>\n<meta name=\"twitter:card\" content=\"summary_large_image\" \/>\n<meta name=\"twitter:title\" content=\"Xceed Premiere 014: Ian Axide \u2013 Project 7\" \/>\n<meta name=\"twitter:description\" content=\"El productor espa\u00f1ol cierra su \u00e1lbum debut con esta gran pieza de techno ambiental.\" \/>\n<meta name=\"twitter:creator\" content=\"@Xceed_World\" \/>\n<meta name=\"twitter:site\" content=\"@Xceed_World\" \/>\n<meta name=\"twitter:label1\" content=\"Written by\" \/>\n\t<meta name=\"twitter:data1\" content=\"\" \/>\n\t<meta name=\"twitter:label2\" content=\"Est. reading time\" \/>\n\t<meta name=\"twitter:data2\" content=\"3 minutes\" \/>\n<script type=\"application\/ld+json\" class=\"yoast-schema-graph\">{\"@context\":\"https:\\\/\\\/schema.org\",\"@graph\":[{\"@type\":\"Article\",\"@id\":\"https:\\\/\\\/xceed.me\\\/blog\\\/es\\\/xceed-premiere-014-ian-axide-project-7\\\/#article\",\"isPartOf\":{\"@id\":\"https:\\\/\\\/xceed.me\\\/blog\\\/es\\\/xceed-premiere-014-ian-axide-project-7\\\/\"},\"author\":{\"name\":\"\",\"@id\":\"\"},\"headline\":\"Xceed Premiere 014: Ian Axide \u2013 Project 7\",\"datePublished\":\"2020-06-17T07:57:37+00:00\",\"dateModified\":\"2021-03-23T09:58:53+00:00\",\"mainEntityOfPage\":{\"@id\":\"https:\\\/\\\/xceed.me\\\/blog\\\/es\\\/xceed-premiere-014-ian-axide-project-7\\\/\"},\"wordCount\":552,\"commentCount\":0,\"image\":{\"@id\":\"https:\\\/\\\/xceed.me\\\/blog\\\/es\\\/xceed-premiere-014-ian-axide-project-7\\\/#primaryimage\"},\"thumbnailUrl\":\"https:\\\/\\\/images.xceed.me\\\/blog\\\/wp-content\\\/uploads\\\/2020\\\/06\\\/29121120\\\/Xceed-Premiere-Ian-Axide-Project-7.png\",\"keywords\":[\"ian axide\",\"musica\",\"premieres\"],\"articleSection\":[\"#M\u00fasica\"],\"inLanguage\":\"en-US\",\"potentialAction\":[{\"@type\":\"CommentAction\",\"name\":\"Comment\",\"target\":[\"https:\\\/\\\/xceed.me\\\/blog\\\/es\\\/xceed-premiere-014-ian-axide-project-7\\\/#respond\"]}]},{\"@type\":\"WebPage\",\"@id\":\"https:\\\/\\\/xceed.me\\\/blog\\\/es\\\/xceed-premiere-014-ian-axide-project-7\\\/\",\"url\":\"https:\\\/\\\/xceed.me\\\/blog\\\/es\\\/xceed-premiere-014-ian-axide-project-7\\\/\",\"name\":\"Xceed Premiere 014: Ian Axide \u2013 Project 7 - NIGHTMAG\",\"isPartOf\":{\"@id\":\"https:\\\/\\\/xceed.me\\\/blog\\\/#website\"},\"primaryImageOfPage\":{\"@id\":\"https:\\\/\\\/xceed.me\\\/blog\\\/es\\\/xceed-premiere-014-ian-axide-project-7\\\/#primaryimage\"},\"image\":{\"@id\":\"https:\\\/\\\/xceed.me\\\/blog\\\/es\\\/xceed-premiere-014-ian-axide-project-7\\\/#primaryimage\"},\"thumbnailUrl\":\"https:\\\/\\\/images.xceed.me\\\/blog\\\/wp-content\\\/uploads\\\/2020\\\/06\\\/29121120\\\/Xceed-Premiere-Ian-Axide-Project-7.png\",\"datePublished\":\"2020-06-17T07:57:37+00:00\",\"dateModified\":\"2021-03-23T09:58:53+00:00\",\"author\":{\"@id\":\"\"},\"description\":\"Escuchen en exclusiva \\\"Project 7\\\", el tema de cierre de 'Spherical', que es el \u00e1lbum debut del productor techno espa\u00f1ol Ian Axide en Emphatic Records.\",\"breadcrumb\":{\"@id\":\"https:\\\/\\\/xceed.me\\\/blog\\\/es\\\/xceed-premiere-014-ian-axide-project-7\\\/#breadcrumb\"},\"inLanguage\":\"en-US\",\"potentialAction\":[{\"@type\":\"ReadAction\",\"target\":[\"https:\\\/\\\/xceed.me\\\/blog\\\/es\\\/xceed-premiere-014-ian-axide-project-7\\\/\"]}]},{\"@type\":\"ImageObject\",\"inLanguage\":\"en-US\",\"@id\":\"https:\\\/\\\/xceed.me\\\/blog\\\/es\\\/xceed-premiere-014-ian-axide-project-7\\\/#primaryimage\",\"url\":\"https:\\\/\\\/images.xceed.me\\\/blog\\\/wp-content\\\/uploads\\\/2020\\\/06\\\/29121120\\\/Xceed-Premiere-Ian-Axide-Project-7.png\",\"contentUrl\":\"https:\\\/\\\/images.xceed.me\\\/blog\\\/wp-content\\\/uploads\\\/2020\\\/06\\\/29121120\\\/Xceed-Premiere-Ian-Axide-Project-7.png\",\"width\":1000,\"height\":600,\"caption\":\"Xceed-Premiere-Ian Axide-Project 7\"},{\"@type\":\"BreadcrumbList\",\"@id\":\"https:\\\/\\\/xceed.me\\\/blog\\\/es\\\/xceed-premiere-014-ian-axide-project-7\\\/#breadcrumb\",\"itemListElement\":[{\"@type\":\"ListItem\",\"position\":1,\"name\":\"Home\",\"item\":\"https:\\\/\\\/xceed.me\\\/blog\\\/en\\\/\"},{\"@type\":\"ListItem\",\"position\":2,\"name\":\"Xceed Premiere 014: Ian Axide \u2013 Project 7\"}]},{\"@type\":\"WebSite\",\"@id\":\"https:\\\/\\\/xceed.me\\\/blog\\\/#website\",\"url\":\"https:\\\/\\\/xceed.me\\\/blog\\\/\",\"name\":\"NIGHTMAG\",\"description\":\"NIGHTMAG\",\"potentialAction\":[{\"@type\":\"SearchAction\",\"target\":{\"@type\":\"EntryPoint\",\"urlTemplate\":\"https:\\\/\\\/xceed.me\\\/blog\\\/?s={search_term_string}\"},\"query-input\":{\"@type\":\"PropertyValueSpecification\",\"valueRequired\":true,\"valueName\":\"search_term_string\"}}],\"inLanguage\":\"en-US\"},{\"@type\":\"Person\",\"@id\":\"\",\"url\":\"https:\\\/\\\/xceed.me\\\/blog\\\/author\\\/\"}]}<\/script>\n<!-- \/ Yoast SEO plugin. -->","yoast_head_json":{"title":"Xceed Premiere 014: Ian Axide \u2013 Project 7 - NIGHTMAG","description":"Escuchen en exclusiva \"Project 7\", el tema de cierre de 'Spherical', que es el \u00e1lbum debut del productor techno espa\u00f1ol Ian Axide en Emphatic Records.","robots":{"index":"index","follow":"follow","max-snippet":"max-snippet:-1","max-image-preview":"max-image-preview:large","max-video-preview":"max-video-preview:-1"},"canonical":"https:\/\/xceed.me\/blog\/es\/xceed-premiere-014-ian-axide-project-7\/","og_locale":"en_US","og_type":"article","og_title":"Xceed Premiere 014: Ian Axide \u2013 Project 7","og_description":"El productor espa\u00f1ol cierra su \u00e1lbum debut con esta gran pieza de techno ambiental.","og_url":"https:\/\/xceed.me\/blog\/es\/xceed-premiere-014-ian-axide-project-7\/","og_site_name":"NIGHTMAG","article_publisher":"https:\/\/www.facebook.com\/Xceed\/","article_published_time":"2020-06-17T07:57:37+00:00","article_modified_time":"2021-03-23T09:58:53+00:00","og_image":[{"width":1000,"height":600,"url":"https:\/\/images.xceed.me\/blog\/wp-content\/uploads\/2020\/06\/29121120\/Xceed-Premiere-Ian-Axide-Project-7.png","type":"image\/png"}],"twitter_card":"summary_large_image","twitter_title":"Xceed Premiere 014: Ian Axide \u2013 Project 7","twitter_description":"El productor espa\u00f1ol cierra su \u00e1lbum debut con esta gran pieza de techno ambiental.","twitter_creator":"@Xceed_World","twitter_site":"@Xceed_World","twitter_misc":{"Written by":"","Est. reading time":"3 minutes"},"schema":{"@context":"https:\/\/schema.org","@graph":[{"@type":"Article","@id":"https:\/\/xceed.me\/blog\/es\/xceed-premiere-014-ian-axide-project-7\/#article","isPartOf":{"@id":"https:\/\/xceed.me\/blog\/es\/xceed-premiere-014-ian-axide-project-7\/"},"author":{"name":"","@id":""},"headline":"Xceed Premiere 014: Ian Axide \u2013 Project 7","datePublished":"2020-06-17T07:57:37+00:00","dateModified":"2021-03-23T09:58:53+00:00","mainEntityOfPage":{"@id":"https:\/\/xceed.me\/blog\/es\/xceed-premiere-014-ian-axide-project-7\/"},"wordCount":552,"commentCount":0,"image":{"@id":"https:\/\/xceed.me\/blog\/es\/xceed-premiere-014-ian-axide-project-7\/#primaryimage"},"thumbnailUrl":"https:\/\/images.xceed.me\/blog\/wp-content\/uploads\/2020\/06\/29121120\/Xceed-Premiere-Ian-Axide-Project-7.png","keywords":["ian axide","musica","premieres"],"articleSection":["#M\u00fasica"],"inLanguage":"en-US","potentialAction":[{"@type":"CommentAction","name":"Comment","target":["https:\/\/xceed.me\/blog\/es\/xceed-premiere-014-ian-axide-project-7\/#respond"]}]},{"@type":"WebPage","@id":"https:\/\/xceed.me\/blog\/es\/xceed-premiere-014-ian-axide-project-7\/","url":"https:\/\/xceed.me\/blog\/es\/xceed-premiere-014-ian-axide-project-7\/","name":"Xceed Premiere 014: Ian Axide \u2013 Project 7 - NIGHTMAG","isPartOf":{"@id":"https:\/\/xceed.me\/blog\/#website"},"primaryImageOfPage":{"@id":"https:\/\/xceed.me\/blog\/es\/xceed-premiere-014-ian-axide-project-7\/#primaryimage"},"image":{"@id":"https:\/\/xceed.me\/blog\/es\/xceed-premiere-014-ian-axide-project-7\/#primaryimage"},"thumbnailUrl":"https:\/\/images.xceed.me\/blog\/wp-content\/uploads\/2020\/06\/29121120\/Xceed-Premiere-Ian-Axide-Project-7.png","datePublished":"2020-06-17T07:57:37+00:00","dateModified":"2021-03-23T09:58:53+00:00","author":{"@id":""},"description":"Escuchen en exclusiva \"Project 7\", el tema de cierre de 'Spherical', que es el \u00e1lbum debut del productor techno espa\u00f1ol Ian Axide en Emphatic Records.","breadcrumb":{"@id":"https:\/\/xceed.me\/blog\/es\/xceed-premiere-014-ian-axide-project-7\/#breadcrumb"},"inLanguage":"en-US","potentialAction":[{"@type":"ReadAction","target":["https:\/\/xceed.me\/blog\/es\/xceed-premiere-014-ian-axide-project-7\/"]}]},{"@type":"ImageObject","inLanguage":"en-US","@id":"https:\/\/xceed.me\/blog\/es\/xceed-premiere-014-ian-axide-project-7\/#primaryimage","url":"https:\/\/images.xceed.me\/blog\/wp-content\/uploads\/2020\/06\/29121120\/Xceed-Premiere-Ian-Axide-Project-7.png","contentUrl":"https:\/\/images.xceed.me\/blog\/wp-content\/uploads\/2020\/06\/29121120\/Xceed-Premiere-Ian-Axide-Project-7.png","width":1000,"height":600,"caption":"Xceed-Premiere-Ian Axide-Project 7"},{"@type":"BreadcrumbList","@id":"https:\/\/xceed.me\/blog\/es\/xceed-premiere-014-ian-axide-project-7\/#breadcrumb","itemListElement":[{"@type":"ListItem","position":1,"name":"Home","item":"https:\/\/xceed.me\/blog\/en\/"},{"@type":"ListItem","position":2,"name":"Xceed Premiere 014: Ian Axide \u2013 Project 7"}]},{"@type":"WebSite","@id":"https:\/\/xceed.me\/blog\/#website","url":"https:\/\/xceed.me\/blog\/","name":"NIGHTMAG","description":"NIGHTMAG","potentialAction":[{"@type":"SearchAction","target":{"@type":"EntryPoint","urlTemplate":"https:\/\/xceed.me\/blog\/?s={search_term_string}"},"query-input":{"@type":"PropertyValueSpecification","valueRequired":true,"valueName":"search_term_string"}}],"inLanguage":"en-US"},{"@type":"Person","@id":"","url":"https:\/\/xceed.me\/blog\/author\/"}]}},"jetpack_featured_media_url":"https:\/\/images.xceed.me\/blog\/wp-content\/uploads\/2020\/06\/29121120\/Xceed-Premiere-Ian-Axide-Project-7.png","jetpack_sharing_enabled":true,"_links":{"self":[{"href":"https:\/\/xceed.me\/blog\/wp-json\/wp\/v2\/posts\/20606","targetHints":{"allow":["GET"]}}],"collection":[{"href":"https:\/\/xceed.me\/blog\/wp-json\/wp\/v2\/posts"}],"about":[{"href":"https:\/\/xceed.me\/blog\/wp-json\/wp\/v2\/types\/post"}],"author":[{"embeddable":true,"href":"https:\/\/xceed.me\/blog\/wp-json\/wp\/v2\/users\/1"}],"replies":[{"embeddable":true,"href":"https:\/\/xceed.me\/blog\/wp-json\/wp\/v2\/comments?post=20606"}],"version-history":[{"count":3,"href":"https:\/\/xceed.me\/blog\/wp-json\/wp\/v2\/posts\/20606\/revisions"}],"predecessor-version":[{"id":20639,"href":"https:\/\/xceed.me\/blog\/wp-json\/wp\/v2\/posts\/20606\/revisions\/20639"}],"wp:featuredmedia":[{"embeddable":true,"href":"https:\/\/xceed.me\/blog\/wp-json\/wp\/v2\/media\/20602"}],"wp:attachment":[{"href":"https:\/\/xceed.me\/blog\/wp-json\/wp\/v2\/media?parent=20606"}],"wp:term":[{"taxonomy":"category","embeddable":true,"href":"https:\/\/xceed.me\/blog\/wp-json\/wp\/v2\/categories?post=20606"},{"taxonomy":"post_tag","embeddable":true,"href":"https:\/\/xceed.me\/blog\/wp-json\/wp\/v2\/tags?post=20606"}],"curies":[{"name":"wp","href":"https:\/\/api.w.org\/{rel}","templated":true}]}}