{"id":17502,"date":"2019-10-29T12:55:05","date_gmt":"2019-10-29T10:55:05","guid":{"rendered":"https:\/\/xceed.me\/blog\/?p=17502"},"modified":"2023-05-11T09:12:59","modified_gmt":"2023-05-11T07:12:59","slug":"guia-mira-festival-5-actuaciones-imperdibles","status":"publish","type":"post","link":"https:\/\/xceed.me\/blog\/es\/guia-mira-festival-5-actuaciones-imperdibles\/","title":{"rendered":"Gu\u00eda MIRA Festival 2019: 5 actuaciones que no te puedes perder"},"content":{"rendered":"<p>Casi no nos hemos dado cuenta y noviembre ya est\u00e1 aqu\u00ed. Y, con \u00e9l, una nueva edici\u00f3n de <a href=\"https:\/\/mirafestival.com\/\" target=\"_blank\" rel=\"noopener noreferrer\">MIRA SON Estrella Galicia<\/a>, el festival de artes digitales que marca tradicionalmente el inicio de temporada para la escena musical de vanguardia en <a href=\"https:\/\/xceed.me\/blog\/es\/13-de-las-mejores-discotecas-en-barcelona-y-el-porque-de-ir-a-todas-este-verano\/?utm_source=blog&amp;utm_medium=article&amp;utm_campaign=191029-BCN-ESP-BLOG-MIRA%20FESTIVAL%20PREVIEW\" target=\"_blank\" rel=\"noopener noreferrer\">Barcelona<\/a>. MIRA celebra este a\u00f1o nueve a\u00f1os de vida. Nueve a\u00f1os de difusi\u00f3n del arte, de reuni\u00f3n de mentes inquietas y p\u00fablico atento que busca en las tendencias m\u00e1s rompedoras y avanzadas una nueva zona de confort.<\/p>\n<p>&nbsp;<\/p>\n<h2 id=\"citas-previas-al-festival\"><strong>Citas previas al festival<\/strong><\/h2>\n<figure id=\"attachment_17503\" aria-describedby=\"caption-attachment-17503\" style=\"width: 920px\" class=\"wp-caption alignnone\"><a href=\"https:\/\/xceed.me\/es\/entradas-discoteca\/barcelona\/razzmatazz?utm_source=blog&amp;utm_medium=venue&amp;utm_campaign=191029-BCN-ESP-BLOG-MIRA%20FESTIVAL%20PREVIEW\" target=\"_blank\" rel=\"noopener noreferrer\"><img loading=\"lazy\" decoding=\"async\" class=\"wp-image-17503 size-full\" src=\"https:\/\/images.xceed.me\/blog\/wp-content\/uploads\/2019\/10\/29121315\/razzmatazz-the-loft-mira-festival-afterparty-xceed-preview-top-5-acts-guide.jpg\" alt=\"razzmatazz the loft mira festival afterparty xceed preview top 5 acts guide\" width=\"920\" height=\"460\" \/><\/a><figcaption id=\"caption-attachment-17503\" class=\"wp-caption-text\">Imagen: \u00a9 Journeys at Razzmatazz<\/figcaption><\/figure>\n<p>&nbsp;<\/p>\n<p>MIRA ha extendido este a\u00f1o m\u00e1s que nunca la duraci\u00f3n del certamen. El pasado viernes 25 de octubre, el festival present\u00f3 una fiesta conjunta en The Loft y Lolita (las dos salas superiores de <a href=\"https:\/\/xceed.me\/es\/entradas-discoteca\/barcelona\/razzmatazz?utm_source=blog&amp;utm_medium=venue&amp;utm_campaign=191029-BCN-ESP-BLOG-MIRA%20FESTIVAL%20PREVIEW\" target=\"_blank\" rel=\"noopener noreferrer\">Razzmatazz<\/a>) con Lee Gamble, Nkisi, Zuli, Object Blue y Shelly como artistas invitados.<\/p>\n<p>La segunda cita sucede este mismo mi\u00e9rcoles 30 de octubre en el Espacio <a href=\"https:\/\/www.facebook.com\/events\/701593350345414\/\" target=\"_blank\" rel=\"noopener noreferrer\">Simon 100<\/a>. All\u00ed, los artistas Antoni Arola, Anna Irina y Guillermo Santom\u00e0 debatir\u00e1n junto a Gennis S\u00e9nnes sobre el poder de la luz en contextos art\u00edsticos y sobre la dualidad entre la propia luz y la oscuridad. La mesa redonda preceder\u00e1 a las actuaciones de Refectori y Mary Lattimore, representando la oscuridad y la luz, respectivamente.<\/p>\n<p>&nbsp;<\/p>\n<figure id=\"attachment_17504\" aria-describedby=\"caption-attachment-17504\" style=\"width: 920px\" class=\"wp-caption alignnone\"><a href=\"https:\/\/auditori.koobin.com\/perich_surface_image_05_11_2019?idioma=ES&amp;_ga=2.221571928.1722987296.1568876885-784533348.1568876885\" target=\"_blank\" rel=\"noopener noreferrer\"><img loading=\"lazy\" decoding=\"async\" class=\"wp-image-17504 size-full\" src=\"https:\/\/images.xceed.me\/blog\/wp-content\/uploads\/2019\/10\/29121315\/lauditori-de-barcelona-sitback-mutek-mira-festival-preview-top-acts-afterparty.jpg\" alt=\"l'auditori de barcelona sitback mutek mira festival preview top acts afterparty\" width=\"920\" height=\"459\" \/><\/a><figcaption id=\"caption-attachment-17504\" class=\"wp-caption-text\">Imagen: \u00a9 Oriol Reverter<\/figcaption><\/figure>\n<p>&nbsp;<\/p>\n<p>De ah\u00ed ya nos vamos a la semana oficial de MIRA, la primera semana completa de noviembre. El martes 5 por la tarde, <a href=\"https:\/\/auditori.koobin.com\/perich_surface_image_05_11_2019?idioma=ES&amp;_ga=2.221571928.1722987296.1568876885-784533348.1568876885\" target=\"_blank\" rel=\"noopener noreferrer\">L\u2019Auditori de Barcelona<\/a> acoger\u00e1 la presentaci\u00f3n de \u201cSurface Image\u201d a cargo de Vicky Chow y Tristan Perich. Se trata de un show en el que el \u201c1-Bit Symphony\u201d de Perich, publicado en 2004, se cruza con su pasado como compositor cl\u00e1sico. El resultado ser\u00e1 una s\u00edntesis polif\u00f3nica de notas de piano y tonos de 1 bit.<\/p>\n<p>El mi\u00e9rcoles 6, nos tocar\u00e1 movilizarnos al <a href=\"https:\/\/tlliure.shop.secutix.com\/selection\/event\/date?productId=1448981706&amp;lang=es\" target=\"_blank\" rel=\"noopener noreferrer\">Teatre Lliure de Gr\u00e0cia<\/a>. All\u00ed, seremos testigos del estreno en nuestro pa\u00eds del espect\u00e1culo \u201cSiblings\u201d a cargo de Colin Self, as\u00ed como del show \u201cSacred Horror in Design\u201d de Sote en colaboraci\u00f3n con Tarik Barri, Arash Bolouri y Behrouz Pashaei.<\/p>\n<p>&nbsp;<\/p>\n<h2 id=\"los-cinco-imperdibles-en-fabra-i-coats\"><a href=\"https:\/\/mirafestival.com\/line-up\/\" target=\"_blank\" rel=\"noopener noreferrer\"><strong>Los cinco imperdibles en Fabra i Coats<\/strong><\/a><\/h2>\n<figure id=\"attachment_17505\" aria-describedby=\"caption-attachment-17505\" style=\"width: 920px\" class=\"wp-caption alignnone\"><a href=\"https:\/\/mirafestival.com\/line-up\/\" target=\"_blank\" rel=\"noopener noreferrer\"><img loading=\"lazy\" decoding=\"async\" class=\"wp-image-17505 size-full\" src=\"https:\/\/images.xceed.me\/blog\/wp-content\/uploads\/2019\/10\/29121315\/mira-festival-fabrica-fabra-i-coats-xceed-best-shows-previa.jpg\" alt=\"mira festival fabrica fabra i coats xceed best shows previa\" width=\"920\" height=\"460\" \/><\/a><figcaption id=\"caption-attachment-17505\" class=\"wp-caption-text\">Imagen: \u00a9 Oriol Reverter<\/figcaption><\/figure>\n<p>&nbsp;<\/p>\n<p>Como siempre, jueves, viernes y s\u00e1bado ser\u00e1n los d\u00edas en los que MIRA nos re\u00fana en su ubicaci\u00f3n tradicional, la antigua f\u00e1brica textil <a href=\"https:\/\/mirafestival.com\/tickets\/\" target=\"_blank\" rel=\"noopener noreferrer\">Fabra i Coats<\/a>. All\u00ed, durante tres jornadas, disfrutaremos de lives audiovisuales, DJ sets, proyecciones 360, debates e instalaciones. Disfrutaremos de Huma, Rally, Skee Mask, Nihiloxica, Giant Swan, Kali Malone + Rainer Kohlberger, 700 Bliss, Beatrice Dillon o DJ Marcelle, entre muchos otros. Pero, sobre todo, disfrutaremos de estos cinco nombres que no os deber\u00edais perder.<\/p>\n<p>&nbsp;<\/p>\n<h3 id=\"floating-points-ft-hamill-industries-live-av-jueves-2110h-main-room\"><strong>Floating Points ft. Hamill Industries (live av) [jueves \/\/ 21:10h \/\/ Main Room]<\/strong><\/h3>\n<figure id=\"attachment_17506\" aria-describedby=\"caption-attachment-17506\" style=\"width: 920px\" class=\"wp-caption alignnone\"><img loading=\"lazy\" decoding=\"async\" class=\"size-full wp-image-17506\" src=\"https:\/\/images.xceed.me\/blog\/wp-content\/uploads\/2019\/10\/29121315\/floating-points-mira-festival-2019-guide-guia-xceed.jpg\" alt=\"floating points mira festival 2019 guide guia xceed\" width=\"920\" height=\"460\" \/><figcaption id=\"caption-attachment-17506\" class=\"wp-caption-text\">Imagen: \u00a9 MIRA Festival<\/figcaption><\/figure>\n<p>&nbsp;<\/p>\n<p>Poco puede decirse hoy en d\u00eda de Floating Points que no se sepa ya. Lo que s\u00ed que podemos es hacer es presenciar, escuchar, disfrutar de material in\u00e9dito reci\u00e9n salido del horno de uno de los artistas m\u00e1s ecl\u00e9cticos e influyentes de la \u00faltima d\u00e9cada en el circuito electr\u00f3nico. El londinense Sam Shepherd ya hab\u00eda trabajado antes con el d\u00fao barcelon\u00e9s de producci\u00f3n visual Hamill Industries, con quienes se fue a grabar al Desierto del Mojave en 2016. En MIRA 2019, ambas fuerzas vuelven a unirse, esta vez sobre un escenario, para ofrecer un espect\u00e1culo audiovisual jam\u00e1s presenciado hasta la fecha.<\/p>\n<p>&nbsp;<\/p>\n<h3 id=\"alessandro-cortini-pres-volume-massimo-live-av-viernes-1900h-main-room\"><strong>Alessandro Cortini pres. Volume Massimo (live av) [viernes \/\/ 19:00h \/\/ Main Room]<\/strong><\/h3>\n<figure id=\"attachment_17507\" aria-describedby=\"caption-attachment-17507\" style=\"width: 920px\" class=\"wp-caption alignnone\"><img loading=\"lazy\" decoding=\"async\" class=\"size-full wp-image-17507\" src=\"https:\/\/images.xceed.me\/blog\/wp-content\/uploads\/2019\/10\/29121315\/alessandro-cortini-volume-massimo-mira-festival-2019-xceed-guide-guia.jpg\" alt=\"alessandro cortini volume massimo mira festival 2019 xceed guide guia\" width=\"920\" height=\"460\" \/><figcaption id=\"caption-attachment-17507\" class=\"wp-caption-text\">Imagen: \u00a9 MIRA Festival<\/figcaption><\/figure>\n<p>&nbsp;<\/p>\n<p>Tal vez algunos a\u00fan record\u00e9is aquella aparici\u00f3n estelar de Alessandro Cortini en MIRA 2016. Por aquel entonces, el m\u00fasico y maestro del ambient basado en sintetizadores presentaba \u201cAvanti\u201d. En esta ocasi\u00f3n, el artista de origen italiano aterriza de nuevo en la F\u00e0brica Fabra i Coats de Barcelona para presentar \u201cVolume Massimo\u201d, su \u00faltimo LP publicado este pasado mes de septiembre. En \u00e9l, Cortini sigue insistiendo en la transmisi\u00f3n de lo m\u00e1s profundo del sentir humano mediante la instrumentaci\u00f3n electr\u00f3nica. Imposible decir que no.<\/p>\n<p>&nbsp;<\/p>\n<h3 id=\"roly-porter-mfo-pres-kistvaen-live-av-viernes-2110h-main-room\"><strong>Roly Porter + MFO pres. Kistvaen (live av) [viernes \/\/ 21:10h \/\/ Main Room]<\/strong><\/h3>\n<figure id=\"attachment_17508\" aria-describedby=\"caption-attachment-17508\" style=\"width: 920px\" class=\"wp-caption alignnone\"><img loading=\"lazy\" decoding=\"async\" class=\"size-full wp-image-17508\" src=\"https:\/\/images.xceed.me\/blog\/wp-content\/uploads\/2019\/10\/29121314\/roly-porter-mfo-mira-festival-2019-guide-guia-xceed.jpg\" alt=\"roly porter mfo mira festival 2019 guide guia xceed\" width=\"920\" height=\"460\" \/><figcaption id=\"caption-attachment-17508\" class=\"wp-caption-text\">Imagen: \u00a9 MIRA Festival<\/figcaption><\/figure>\n<p>&nbsp;<\/p>\n<p>MIRA es un festival que nace del amor por la fusi\u00f3n del audio y el visual. Lo mismo sucede con el d\u00fao formado por Roly Porter (ex miembro del famoso d\u00fao dubstep Vex\u2019d) y MFO (colaborador tambi\u00e9n de gente como Tim Hecker o Ben Frost). Tambi\u00e9n actuaron en MIRA 2016. En esta edici\u00f3n, presentar\u00e1n \u201cKistvaen\u201d, un espect\u00e1culo co-comisionado por el propio festival catal\u00e1n junto a Berlin Atonal y Unsound. En \u00e9l, se contrastan elementos primordiales de nuestra vida, como el sol y la luna o las estaciones del a\u00f1o, con elementos del siglo XXI como entornos dise\u00f1ados o una existencia virtual en evoluci\u00f3n. Ello suceder\u00e1 mediante grabaciones de campo fusionadas con armon\u00edas folcl\u00f3ricas y procesamientos digitales. Para ello, Roly Porter contar\u00e1 tambi\u00e9n con la voz de Mary-Anne Roberts, que interpretar\u00e1 canciones rituales de entierro mientras MFO mezcla efectos de escenario con cortes de cine.<\/p>\n<p>&nbsp;<\/p>\n<h3 id=\"schwefelgelb-live-sabado-2220h-espai-zero\"><strong>Schwefelgelb (live) [s\u00e1bado \/\/ 22:20h \/\/ Espai Zero]<\/strong><\/h3>\n<figure id=\"attachment_17509\" aria-describedby=\"caption-attachment-17509\" style=\"width: 920px\" class=\"wp-caption alignnone\"><img loading=\"lazy\" decoding=\"async\" class=\"size-full wp-image-17509\" src=\"https:\/\/images.xceed.me\/blog\/wp-content\/uploads\/2019\/10\/29121314\/schwefelgelb-mira-festival-2019-guide-guia-xceed.jpg\" alt=\"schwefelgelb mira festival 2019 guide guia xceed\" width=\"920\" height=\"460\" \/><figcaption id=\"caption-attachment-17509\" class=\"wp-caption-text\">Imagen: \u00a9 MIRA Festival<\/figcaption><\/figure>\n<p>&nbsp;<\/p>\n<p>Este d\u00fao berlin\u00e9s viene haciendo las delicias de la escena rave europea desde mediados de los 2000. Su sonido est\u00e1 compuesto por vocales, percusiones y violentos sintetizadores. La combinaci\u00f3n de EBM, techno y electro que aplican en sus directos ha sido autobautizada como Techno Body Music., un concepto que nos har\u00e1 sudar de lo lindo el s\u00e1bado en el Espai Zero de la Fabra i Coats. Sin duda, uno de los shows m\u00e1s exigentes para las zapatillas en todo el fin de semana.<\/p>\n<p>&nbsp;<\/p>\n<h3 id=\"vessel-ft-pedro-maia-live-av-sabado-2250h-main-room\"><strong>Vessel ft. Pedro Maia (live av) [s\u00e1bado \/\/ 22:50h \/\/ Main Room]<\/strong><\/h3>\n<figure id=\"attachment_17510\" aria-describedby=\"caption-attachment-17510\" style=\"width: 920px\" class=\"wp-caption alignnone\"><img loading=\"lazy\" decoding=\"async\" class=\"size-full wp-image-17510\" src=\"https:\/\/images.xceed.me\/blog\/wp-content\/uploads\/2019\/10\/29121314\/vessel-pedro-maia-mira-festival-2019-guide-guia-xceed.jpg\" alt=\"vessel pedro maia mira festival 2019 guide guia xceed\" width=\"920\" height=\"460\" \/><figcaption id=\"caption-attachment-17510\" class=\"wp-caption-text\">Imagen: \u00a9 MIRA Festival<\/figcaption><\/figure>\n<p>&nbsp;<\/p>\n<p>Tras dos LPs y varios EPs, el productor de Bristol Seb Gainsborough, aka Vessel, llega a MIRA para presentar \u201cQueen of Golden Dogs\u201d. Este, que es su \u00faltimo \u00e1lbum, se inspira en la m\u00fasica cl\u00e1sica de c\u00e1mara para expresar la potencia de la liberaci\u00f3n art\u00edstica, espiritual, f\u00edsica y, sobre todo, personal, que el artista siempre ha perseguido a lo largo de su carrera. Vessel estar\u00e1 acompa\u00f1ado por el portugu\u00e9s Pedro Maia, un tipo que ha logrado establecerse como referente en lo suyo gracias a su dominio a la hora de manipular cortes cinematogr\u00e1ficos anal\u00f3gicos.<\/p>\n<p>&nbsp;<\/p>\n<h2 id=\"afterparty-en-razzmatazz\"><a href=\"https:\/\/xceed.me\/es\/events\/barcelona\/78586\/mira-festival-neon-chambers-the-loft-lena-willikens-b2b-alicia-carrera-lolita?utm_source=blog&amp;utm_medium=event&amp;utm_campaign=191029-BCN-ESP-BLOG-MIRA%20FESTIVAL%20PREVIEW\" target=\"_blank\" rel=\"noopener noreferrer\"><strong>Afterparty en Razzmatazz<\/strong><\/a><\/h2>\n<figure id=\"attachment_17511\" aria-describedby=\"caption-attachment-17511\" style=\"width: 920px\" class=\"wp-caption alignnone\"><a href=\"https:\/\/xceed.me\/es\/events\/barcelona\/78586\/mira-festival-neon-chambers-the-loft-lena-willikens-b2b-alicia-carrera-lolita?utm_source=blog&amp;utm_medium=event&amp;utm_campaign=191029-BCN-ESP-BLOG-MIRA%20FESTIVAL%20PREVIEW\" target=\"_blank\" rel=\"noopener noreferrer\"><img loading=\"lazy\" decoding=\"async\" class=\"wp-image-17511 size-full\" src=\"https:\/\/images.xceed.me\/blog\/wp-content\/uploads\/2019\/10\/29121314\/neon-chambers-mira-festival-2019-guia-guide-xceed.jpg\" alt=\"neon chambers mira festival 2019 guia guide xceed\" width=\"920\" height=\"460\" \/><\/a><figcaption id=\"caption-attachment-17511\" class=\"wp-caption-text\">Imagen: \u00a9 MIRA Festival<\/figcaption><\/figure>\n<p>&nbsp;<\/p>\n<p>Un a\u00f1o m\u00e1s, <a href=\"https:\/\/xceed.me\/es\/events\/barcelona\/78586\/mira-festival-neon-chambers-the-loft-lena-willikens-b2b-alicia-carrera-lolita?utm_source=blog&amp;utm_medium=event&amp;utm_campaign=191029-BCN-ESP-BLOG-MIRA%20FESTIVAL%20PREVIEW\" target=\"_blank\" rel=\"noopener noreferrer\">The Loft y Lolita<\/a> ser\u00e1n donde MIRA alargue su programaci\u00f3n hasta las 06h de la ma\u00f1ana (Fabra i Coats cierra sus puertas a las 03h). Lolita recibir\u00e1 a la gran Lena Willikens, una de las DJs m\u00e1s en forma del momento. La alemana estar\u00e1 en cabina b2b con la selectora local Alicia Carrera, pieza importante del sello Hivern Discs, durante toda la noche. Mientras, en The Loft, el aclamado d\u00fao de techno futurista y new trance Neon Chambers, formado por Kangding Ray y Sigha, comanda una fiesta en la que tambi\u00e9n estar\u00e1n Parallax y Or:la.<\/p>\n<p>&nbsp;<\/p>\n<p><a class=\"pinkBtn\" href=\"https:\/\/xceed.me\/es\/events\/barcelona\/78586\/mira-festival-neon-chambers-the-loft-lena-willikens-b2b-alicia-carrera-lolita?utm_source=blog&amp;utm_medium=event&amp;utm_campaign=191029-BCN-ESP-BLOG-MIRA%20FESTIVAL%20PREVIEW\" target=\"_blank\" rel=\"noopener noreferrer\"><strong>ENTRADAS AFTERPARTY MIRA 2019<\/strong><\/a><\/p>\n<p><span style=\"font-size: 8pt;\">(Imagen de Portada: \u00a9 Oriol Reverter)<\/span><\/p>\n<p>&nbsp;<\/p>\n","protected":false},"excerpt":{"rendered":"Esta ser\u00e1 la novena edici\u00f3n del festival de artes digitales y contar\u00e1 con varios eventos y conciertos previos a las tres jornadas en Fabra i Coats, una ubicaci\u00f3n que se despide de MIRA este a\u00f1o\n","protected":false},"author":1,"featured_media":17512,"comment_status":"closed","ping_status":"closed","sticky":false,"template":"","format":"standard","meta":{"_acf_changed":false,"_monsterinsights_skip_tracking":false,"_monsterinsights_sitenote_active":false,"_monsterinsights_sitenote_note":"","_monsterinsights_sitenote_category":0,"csco_singular_sidebar":"","csco_page_header_type":"","csco_page_load_nextpost":"","csco_post_video_location":[],"csco_post_video_url":"","csco_post_video_bg_start_time":0,"csco_post_video_bg_end_time":0,"_jetpack_memberships_contains_paid_content":false,"footnotes":""},"categories":[822,6227,125],"tags":[917,5445,4351],"class_list":{"0":"post-17502","1":"post","2":"type-post","3":"status-publish","4":"format-standard","5":"has-post-thumbnail","7":"category-barcelona-es","8":"category-festivales","9":"category-musica","10":"tag-barcelona-es","11":"tag-guias","12":"tag-mira-festival","13":"cs-entry","14":"cs-video-wrap"},"acf":[],"yoast_head":"<!-- This site is optimized with the Yoast SEO plugin v27.3 - https:\/\/yoast.com\/product\/yoast-seo-wordpress\/ -->\n<title>Gu\u00eda MIRA Festival: 5 actuaciones imperdibles - NIGHTMAG<\/title>\n<meta name=\"description\" content=\"Gu\u00eda completa con todos los eventos que rodean al MIRA Festival y con 5 actuaciones claves que no puedes perderte en Fabra i Coats, Barcelona.\" \/>\n<meta name=\"robots\" content=\"index, follow, max-snippet:-1, max-image-preview:large, max-video-preview:-1\" \/>\n<link rel=\"canonical\" href=\"https:\/\/xceed.me\/blog\/es\/guia-mira-festival-5-actuaciones-imperdibles\/\" \/>\n<meta property=\"og:locale\" content=\"en_US\" \/>\n<meta property=\"og:type\" content=\"article\" \/>\n<meta property=\"og:title\" content=\"Gu\u00eda MIRA Festival 2019: 5 actuaciones imperdibles\" \/>\n<meta property=\"og:description\" content=\"Repasamos todos los eventos que rodean al festival y destacamos 5 shows en Fabra i Coats.\" \/>\n<meta property=\"og:url\" content=\"https:\/\/xceed.me\/blog\/es\/guia-mira-festival-5-actuaciones-imperdibles\/\" \/>\n<meta property=\"og:site_name\" content=\"NIGHTMAG\" \/>\n<meta property=\"article:publisher\" content=\"https:\/\/www.facebook.com\/Xceed\/\" \/>\n<meta property=\"article:published_time\" content=\"2019-10-29T10:55:05+00:00\" \/>\n<meta property=\"article:modified_time\" content=\"2023-05-11T07:12:59+00:00\" \/>\n<meta property=\"og:image\" content=\"https:\/\/images.xceed.me\/blog\/wp-content\/uploads\/2019\/10\/29121314\/mira-festival-5-top-acts-xceed-preview-previa-barcelona.jpg\" \/>\n\t<meta property=\"og:image:width\" content=\"1000\" \/>\n\t<meta property=\"og:image:height\" content=\"600\" \/>\n\t<meta property=\"og:image:type\" content=\"image\/jpeg\" \/>\n<meta name=\"twitter:card\" content=\"summary_large_image\" \/>\n<meta name=\"twitter:title\" content=\"Gu\u00eda MIRA Festival 2019: 5 actuaciones imperdibles\" \/>\n<meta name=\"twitter:description\" content=\"Repasamos todos los eventos que rodean al festival y destacamos 5 shows en Fabra i Coats.\" \/>\n<meta name=\"twitter:creator\" content=\"@Xceed_World\" \/>\n<meta name=\"twitter:site\" content=\"@Xceed_World\" \/>\n<meta name=\"twitter:label1\" content=\"Written by\" \/>\n\t<meta name=\"twitter:data1\" content=\"\" \/>\n\t<meta name=\"twitter:label2\" content=\"Est. reading time\" \/>\n\t<meta name=\"twitter:data2\" content=\"6 minutes\" \/>\n<script type=\"application\/ld+json\" class=\"yoast-schema-graph\">{\"@context\":\"https:\\\/\\\/schema.org\",\"@graph\":[{\"@type\":\"Article\",\"@id\":\"https:\\\/\\\/xceed.me\\\/blog\\\/es\\\/guia-mira-festival-5-actuaciones-imperdibles\\\/#article\",\"isPartOf\":{\"@id\":\"https:\\\/\\\/xceed.me\\\/blog\\\/es\\\/guia-mira-festival-5-actuaciones-imperdibles\\\/\"},\"author\":{\"name\":\"\",\"@id\":\"\"},\"headline\":\"Gu\u00eda MIRA Festival 2019: 5 actuaciones que no te puedes perder\",\"datePublished\":\"2019-10-29T10:55:05+00:00\",\"dateModified\":\"2023-05-11T07:12:59+00:00\",\"mainEntityOfPage\":{\"@id\":\"https:\\\/\\\/xceed.me\\\/blog\\\/es\\\/guia-mira-festival-5-actuaciones-imperdibles\\\/\"},\"wordCount\":1277,\"image\":{\"@id\":\"https:\\\/\\\/xceed.me\\\/blog\\\/es\\\/guia-mira-festival-5-actuaciones-imperdibles\\\/#primaryimage\"},\"thumbnailUrl\":\"https:\\\/\\\/images.xceed.me\\\/blog\\\/wp-content\\\/uploads\\\/2019\\\/10\\\/29121314\\\/mira-festival-5-top-acts-xceed-preview-previa-barcelona.jpg\",\"keywords\":[\"Barcelona\",\"guias\",\"mira festival\"],\"articleSection\":[\"#Barcelona\",\"#Festivales\",\"#M\u00fasica\"],\"inLanguage\":\"en-US\"},{\"@type\":\"WebPage\",\"@id\":\"https:\\\/\\\/xceed.me\\\/blog\\\/es\\\/guia-mira-festival-5-actuaciones-imperdibles\\\/\",\"url\":\"https:\\\/\\\/xceed.me\\\/blog\\\/es\\\/guia-mira-festival-5-actuaciones-imperdibles\\\/\",\"name\":\"Gu\u00eda MIRA Festival: 5 actuaciones imperdibles - NIGHTMAG\",\"isPartOf\":{\"@id\":\"https:\\\/\\\/xceed.me\\\/blog\\\/#website\"},\"primaryImageOfPage\":{\"@id\":\"https:\\\/\\\/xceed.me\\\/blog\\\/es\\\/guia-mira-festival-5-actuaciones-imperdibles\\\/#primaryimage\"},\"image\":{\"@id\":\"https:\\\/\\\/xceed.me\\\/blog\\\/es\\\/guia-mira-festival-5-actuaciones-imperdibles\\\/#primaryimage\"},\"thumbnailUrl\":\"https:\\\/\\\/images.xceed.me\\\/blog\\\/wp-content\\\/uploads\\\/2019\\\/10\\\/29121314\\\/mira-festival-5-top-acts-xceed-preview-previa-barcelona.jpg\",\"datePublished\":\"2019-10-29T10:55:05+00:00\",\"dateModified\":\"2023-05-11T07:12:59+00:00\",\"author\":{\"@id\":\"\"},\"description\":\"Gu\u00eda completa con todos los eventos que rodean al MIRA Festival y con 5 actuaciones claves que no puedes perderte en Fabra i Coats, Barcelona.\",\"breadcrumb\":{\"@id\":\"https:\\\/\\\/xceed.me\\\/blog\\\/es\\\/guia-mira-festival-5-actuaciones-imperdibles\\\/#breadcrumb\"},\"inLanguage\":\"en-US\",\"potentialAction\":[{\"@type\":\"ReadAction\",\"target\":[\"https:\\\/\\\/xceed.me\\\/blog\\\/es\\\/guia-mira-festival-5-actuaciones-imperdibles\\\/\"]}]},{\"@type\":\"ImageObject\",\"inLanguage\":\"en-US\",\"@id\":\"https:\\\/\\\/xceed.me\\\/blog\\\/es\\\/guia-mira-festival-5-actuaciones-imperdibles\\\/#primaryimage\",\"url\":\"https:\\\/\\\/images.xceed.me\\\/blog\\\/wp-content\\\/uploads\\\/2019\\\/10\\\/29121314\\\/mira-festival-5-top-acts-xceed-preview-previa-barcelona.jpg\",\"contentUrl\":\"https:\\\/\\\/images.xceed.me\\\/blog\\\/wp-content\\\/uploads\\\/2019\\\/10\\\/29121314\\\/mira-festival-5-top-acts-xceed-preview-previa-barcelona.jpg\",\"width\":1000,\"height\":600,\"caption\":\"mira festival 5 top acts xceed preview previa barcelona\"},{\"@type\":\"BreadcrumbList\",\"@id\":\"https:\\\/\\\/xceed.me\\\/blog\\\/es\\\/guia-mira-festival-5-actuaciones-imperdibles\\\/#breadcrumb\",\"itemListElement\":[{\"@type\":\"ListItem\",\"position\":1,\"name\":\"Home\",\"item\":\"https:\\\/\\\/xceed.me\\\/blog\\\/en\\\/\"},{\"@type\":\"ListItem\",\"position\":2,\"name\":\"Gu\u00eda MIRA Festival 2019: 5 actuaciones que no te puedes perder\"}]},{\"@type\":\"WebSite\",\"@id\":\"https:\\\/\\\/xceed.me\\\/blog\\\/#website\",\"url\":\"https:\\\/\\\/xceed.me\\\/blog\\\/\",\"name\":\"NIGHTMAG\",\"description\":\"NIGHTMAG\",\"potentialAction\":[{\"@type\":\"SearchAction\",\"target\":{\"@type\":\"EntryPoint\",\"urlTemplate\":\"https:\\\/\\\/xceed.me\\\/blog\\\/?s={search_term_string}\"},\"query-input\":{\"@type\":\"PropertyValueSpecification\",\"valueRequired\":true,\"valueName\":\"search_term_string\"}}],\"inLanguage\":\"en-US\"},{\"@type\":\"Person\",\"@id\":\"\",\"url\":\"https:\\\/\\\/xceed.me\\\/blog\\\/author\\\/\"}]}<\/script>\n<!-- \/ Yoast SEO plugin. -->","yoast_head_json":{"title":"Gu\u00eda MIRA Festival: 5 actuaciones imperdibles - NIGHTMAG","description":"Gu\u00eda completa con todos los eventos que rodean al MIRA Festival y con 5 actuaciones claves que no puedes perderte en Fabra i Coats, Barcelona.","robots":{"index":"index","follow":"follow","max-snippet":"max-snippet:-1","max-image-preview":"max-image-preview:large","max-video-preview":"max-video-preview:-1"},"canonical":"https:\/\/xceed.me\/blog\/es\/guia-mira-festival-5-actuaciones-imperdibles\/","og_locale":"en_US","og_type":"article","og_title":"Gu\u00eda MIRA Festival 2019: 5 actuaciones imperdibles","og_description":"Repasamos todos los eventos que rodean al festival y destacamos 5 shows en Fabra i Coats.","og_url":"https:\/\/xceed.me\/blog\/es\/guia-mira-festival-5-actuaciones-imperdibles\/","og_site_name":"NIGHTMAG","article_publisher":"https:\/\/www.facebook.com\/Xceed\/","article_published_time":"2019-10-29T10:55:05+00:00","article_modified_time":"2023-05-11T07:12:59+00:00","og_image":[{"width":1000,"height":600,"url":"https:\/\/images.xceed.me\/blog\/wp-content\/uploads\/2019\/10\/29121314\/mira-festival-5-top-acts-xceed-preview-previa-barcelona.jpg","type":"image\/jpeg"}],"twitter_card":"summary_large_image","twitter_title":"Gu\u00eda MIRA Festival 2019: 5 actuaciones imperdibles","twitter_description":"Repasamos todos los eventos que rodean al festival y destacamos 5 shows en Fabra i Coats.","twitter_creator":"@Xceed_World","twitter_site":"@Xceed_World","twitter_misc":{"Written by":"","Est. reading time":"6 minutes"},"schema":{"@context":"https:\/\/schema.org","@graph":[{"@type":"Article","@id":"https:\/\/xceed.me\/blog\/es\/guia-mira-festival-5-actuaciones-imperdibles\/#article","isPartOf":{"@id":"https:\/\/xceed.me\/blog\/es\/guia-mira-festival-5-actuaciones-imperdibles\/"},"author":{"name":"","@id":""},"headline":"Gu\u00eda MIRA Festival 2019: 5 actuaciones que no te puedes perder","datePublished":"2019-10-29T10:55:05+00:00","dateModified":"2023-05-11T07:12:59+00:00","mainEntityOfPage":{"@id":"https:\/\/xceed.me\/blog\/es\/guia-mira-festival-5-actuaciones-imperdibles\/"},"wordCount":1277,"image":{"@id":"https:\/\/xceed.me\/blog\/es\/guia-mira-festival-5-actuaciones-imperdibles\/#primaryimage"},"thumbnailUrl":"https:\/\/images.xceed.me\/blog\/wp-content\/uploads\/2019\/10\/29121314\/mira-festival-5-top-acts-xceed-preview-previa-barcelona.jpg","keywords":["Barcelona","guias","mira festival"],"articleSection":["#Barcelona","#Festivales","#M\u00fasica"],"inLanguage":"en-US"},{"@type":"WebPage","@id":"https:\/\/xceed.me\/blog\/es\/guia-mira-festival-5-actuaciones-imperdibles\/","url":"https:\/\/xceed.me\/blog\/es\/guia-mira-festival-5-actuaciones-imperdibles\/","name":"Gu\u00eda MIRA Festival: 5 actuaciones imperdibles - NIGHTMAG","isPartOf":{"@id":"https:\/\/xceed.me\/blog\/#website"},"primaryImageOfPage":{"@id":"https:\/\/xceed.me\/blog\/es\/guia-mira-festival-5-actuaciones-imperdibles\/#primaryimage"},"image":{"@id":"https:\/\/xceed.me\/blog\/es\/guia-mira-festival-5-actuaciones-imperdibles\/#primaryimage"},"thumbnailUrl":"https:\/\/images.xceed.me\/blog\/wp-content\/uploads\/2019\/10\/29121314\/mira-festival-5-top-acts-xceed-preview-previa-barcelona.jpg","datePublished":"2019-10-29T10:55:05+00:00","dateModified":"2023-05-11T07:12:59+00:00","author":{"@id":""},"description":"Gu\u00eda completa con todos los eventos que rodean al MIRA Festival y con 5 actuaciones claves que no puedes perderte en Fabra i Coats, Barcelona.","breadcrumb":{"@id":"https:\/\/xceed.me\/blog\/es\/guia-mira-festival-5-actuaciones-imperdibles\/#breadcrumb"},"inLanguage":"en-US","potentialAction":[{"@type":"ReadAction","target":["https:\/\/xceed.me\/blog\/es\/guia-mira-festival-5-actuaciones-imperdibles\/"]}]},{"@type":"ImageObject","inLanguage":"en-US","@id":"https:\/\/xceed.me\/blog\/es\/guia-mira-festival-5-actuaciones-imperdibles\/#primaryimage","url":"https:\/\/images.xceed.me\/blog\/wp-content\/uploads\/2019\/10\/29121314\/mira-festival-5-top-acts-xceed-preview-previa-barcelona.jpg","contentUrl":"https:\/\/images.xceed.me\/blog\/wp-content\/uploads\/2019\/10\/29121314\/mira-festival-5-top-acts-xceed-preview-previa-barcelona.jpg","width":1000,"height":600,"caption":"mira festival 5 top acts xceed preview previa barcelona"},{"@type":"BreadcrumbList","@id":"https:\/\/xceed.me\/blog\/es\/guia-mira-festival-5-actuaciones-imperdibles\/#breadcrumb","itemListElement":[{"@type":"ListItem","position":1,"name":"Home","item":"https:\/\/xceed.me\/blog\/en\/"},{"@type":"ListItem","position":2,"name":"Gu\u00eda MIRA Festival 2019: 5 actuaciones que no te puedes perder"}]},{"@type":"WebSite","@id":"https:\/\/xceed.me\/blog\/#website","url":"https:\/\/xceed.me\/blog\/","name":"NIGHTMAG","description":"NIGHTMAG","potentialAction":[{"@type":"SearchAction","target":{"@type":"EntryPoint","urlTemplate":"https:\/\/xceed.me\/blog\/?s={search_term_string}"},"query-input":{"@type":"PropertyValueSpecification","valueRequired":true,"valueName":"search_term_string"}}],"inLanguage":"en-US"},{"@type":"Person","@id":"","url":"https:\/\/xceed.me\/blog\/author\/"}]}},"jetpack_featured_media_url":"https:\/\/images.xceed.me\/blog\/wp-content\/uploads\/2019\/10\/29121314\/mira-festival-5-top-acts-xceed-preview-previa-barcelona.jpg","jetpack_sharing_enabled":true,"_links":{"self":[{"href":"https:\/\/xceed.me\/blog\/wp-json\/wp\/v2\/posts\/17502","targetHints":{"allow":["GET"]}}],"collection":[{"href":"https:\/\/xceed.me\/blog\/wp-json\/wp\/v2\/posts"}],"about":[{"href":"https:\/\/xceed.me\/blog\/wp-json\/wp\/v2\/types\/post"}],"author":[{"embeddable":true,"href":"https:\/\/xceed.me\/blog\/wp-json\/wp\/v2\/users\/1"}],"replies":[{"embeddable":true,"href":"https:\/\/xceed.me\/blog\/wp-json\/wp\/v2\/comments?post=17502"}],"version-history":[{"count":5,"href":"https:\/\/xceed.me\/blog\/wp-json\/wp\/v2\/posts\/17502\/revisions"}],"predecessor-version":[{"id":17521,"href":"https:\/\/xceed.me\/blog\/wp-json\/wp\/v2\/posts\/17502\/revisions\/17521"}],"wp:featuredmedia":[{"embeddable":true,"href":"https:\/\/xceed.me\/blog\/wp-json\/wp\/v2\/media\/17512"}],"wp:attachment":[{"href":"https:\/\/xceed.me\/blog\/wp-json\/wp\/v2\/media?parent=17502"}],"wp:term":[{"taxonomy":"category","embeddable":true,"href":"https:\/\/xceed.me\/blog\/wp-json\/wp\/v2\/categories?post=17502"},{"taxonomy":"post_tag","embeddable":true,"href":"https:\/\/xceed.me\/blog\/wp-json\/wp\/v2\/tags?post=17502"}],"curies":[{"name":"wp","href":"https:\/\/api.w.org\/{rel}","templated":true}]}}