{"id":17096,"date":"2019-09-18T10:00:59","date_gmt":"2019-09-18T08:00:59","guid":{"rendered":"https:\/\/xceed.me\/blog\/?p=17096"},"modified":"2023-05-11T09:13:57","modified_gmt":"2023-05-11T07:13:57","slug":"reportaje-asi-nace-la-escena-musical-electronica-en-albania","status":"publish","type":"post","link":"https:\/\/xceed.me\/blog\/es\/reportaje-asi-nace-la-escena-musical-electronica-en-albania\/","title":{"rendered":"Festivales en playas v\u00edrgenes, fiestas callejeras y tiendas de vinilos; as\u00ed nace la escena electr\u00f3nica de Albania"},"content":{"rendered":"<p>Un restaurante de primeras calidades. Ante \u00e9l, gente vestida con atuendos oscuros esperando para acceder al piso inferior, donde un DJ har\u00e1 sonar los primeros compases electr\u00f3nicos de la noche albanesa. Hablamos del <a href=\"http:\/\/www.pepper-tirana.com\/\" target=\"_blank\" rel=\"noopener noreferrer\">Pepper Bar<\/a>, un conocido restaurante-bar de Tirana, capital de Albania. El local se encuentra en el distrito de Blloku, donde viv\u00edan las \u00e9lites del partido comunista durante la \u00e9poca sovi\u00e9tica. Actualmente, tras haber sido modernizado, se ha convertido en el barrio m\u00e1s <em>cool <\/em>de la ciudad.<\/p>\n<p>Cuenta el periodista freelance <a href=\"https:\/\/bradenbjella.com\/\" target=\"_blank\" rel=\"noopener noreferrer\">Braden Bjella<\/a> que ah\u00ed es donde suelen empezar sus noches los j\u00f3venes del underground en Tirana, antes de que, a eso de las 2 o las 3 de la madrugada, se vayan a pie al Discobox. El club se esconde entre la Universidad de Bellas Artes y supone otro de los peque\u00f1os n\u00facleos en los que la electr\u00f3nica albanesa logra hacerse notar.<\/p>\n<p>&nbsp;<\/p>\n<figure id=\"attachment_17097\" aria-describedby=\"caption-attachment-17097\" style=\"width: 920px\" class=\"wp-caption alignnone\"><a href=\"http:\/\/www.pepper-tirana.com\/\" target=\"_blank\" rel=\"noopener noreferrer\"><img loading=\"lazy\" decoding=\"async\" class=\"wp-image-17097 size-full\" src=\"https:\/\/images.xceed.me\/blog\/wp-content\/uploads\/2019\/09\/29121335\/pepper-bar-tirana-underground-music-electronic-xceed-report-albania.jpg\" alt=\"pepper bar tirana underground music electronic xceed report albania\" width=\"920\" height=\"460\" \/><\/a><figcaption id=\"caption-attachment-17097\" class=\"wp-caption-text\">El Pepper Bar de Tirana esconde una sala subterr\u00e1nea con cabina de DJ. | Imagen: \u00a9 Pepper Bar<\/figcaption><\/figure>\n<p>&nbsp;<\/p>\n<p>Si camin\u00e1is por las calles de Tirana, os encontrar\u00e9is con numerosas tiendas de vinilos y con academias de producci\u00f3n como la Prodjschool Metronom. Las calles de la ciudad albergan en sus m\u00faltiples espacios vac\u00edos y naves industriales fiestas pseudo clandestinas. En ellas, reina un aroma a liberaci\u00f3n, a explosi\u00f3n, a alivio tras a\u00f1os de silencio. Su est\u00e9tica comunista, sus condiciones y la energ\u00eda de sus habitantes, cada vez mayor, hace que hallemos en Tirana notorias similitudes con la Berl\u00edn posterior a la ca\u00edda del muro. De hecho, muchos apodan a Tirana como \u201cla nueva Berl\u00edn\u201d.<\/p>\n<p>Fuera de la capital, empezamos a ver tambi\u00e9n las consecuencias del gran trabajo que h\u00e9roes an\u00f3nimos realizan en Albania. En junio de 2018, las paradis\u00edacas playas de Dh\u00ebrmi, al sur del pa\u00eds y cerca de la frontera con Grecia, fueron testigos del nacimiento de <a href=\"https:\/\/www.kala.al\/\" target=\"_blank\" rel=\"noopener noreferrer\">Kala<\/a>. Para llegar al festival, los <em>ravers<\/em> albaneses tuvieron que volar a la isla griega de Corfu y, desde ah\u00ed, viajar durante cuatro horas en ferry y bus. Pese a ello, Kala fue todo un \u00e9xito y Albania, por primera vez en su historia, recibi\u00f3 a grandes nombres de la escena como The Black Madonna, Peggy Gou, Moodymann, Underground Resistance o Jayda G.<\/p>\n<p>&nbsp;<\/p>\n<p><iframe loading=\"lazy\" title=\"Kala 2018: Aftermovie\" width=\"1200\" height=\"675\" src=\"https:\/\/www.youtube.com\/embed\/w8z_pk7yJ-Q?feature=oembed\" frameborder=\"0\" allow=\"accelerometer; autoplay; encrypted-media; gyroscope; picture-in-picture\" allowfullscreen><\/iframe><\/p>\n<p>&nbsp;<\/p>\n<p>Casi un a\u00f1o despu\u00e9s, en mayo de 2019, nombres como Adriatique, Joseph Capriati, tINI, Ricardo Villalobos, Craig Richards, Zip o Ion Ludwig aterrizaban en <a href=\"https:\/\/xceed.me\/es\/entradas-discoteca\/shengjin\/unum-festival?utm_source=blog&amp;utm_medium=venue&amp;utm_campaign=190918-ALB-ESP-BLOG-THE%20SCENE%20OF%20ALBANIA\" target=\"_blank\" rel=\"noopener noreferrer\">UNUM Festival<\/a>, un nuevo evento que sentaba tambi\u00e9n las bases al norte del pa\u00eds, en las playas de Shengjin, concretamente en Rana e Hedhun. UNUM, al igual que Kala, busc\u00f3 trasladar el resurgimiento de la electr\u00f3nica en Tirana a los parajes naturales, a\u00fan v\u00edrgenes, que el pa\u00eds posee en sus costas adri\u00e1ticas y j\u00f3nicas. Agua cristalina, cuevas inexploradas, selvas salvajes\u2026 Todo, lejos de estar masificado, ofreciendo un terreno calcado al que ofrecen, por ejemplo, las concurridas costas croatas, pero a precios rid\u00edculamente inferiores.<\/p>\n<p>Los festivales albaneses ofrecen experiencias completas. Hoteles, playa, m\u00faltiples espacios, escenarios caracterizados y de alta envergadura, horarios extendidos, visitas tur\u00edsticas, trayectos en barco, construcci\u00f3n de comunidades en las que pr\u00e1cticamente todo se comparte\u2026 Ir a un festival en Albania es ingresar en una nueva familia unida por el amor a la naturaleza y la m\u00fasica electr\u00f3nica. Importa el \u201caqu\u00ed y ahora\u201d y se intenta evitar el uso de aparatos electr\u00f3nicos. Kala, por ejemplo, publicaba el horario cada d\u00eda en la misma ma\u00f1ana y mediante anuncios en los pueblos cercanos, fomentando as\u00ed la interacci\u00f3n y el movimiento.<\/p>\n<p>&nbsp;<\/p>\n<figure id=\"attachment_17100\" aria-describedby=\"caption-attachment-17100\" style=\"width: 920px\" class=\"wp-caption alignnone\"><a href=\"https:\/\/xceed.me\/es\/entradas-discoteca\/shengjin\/unum-festival?utm_source=blog&amp;utm_medium=venue&amp;utm_campaign=190918-ALB-ESP-BLOG-THE%20SCENE%20OF%20ALBANIA\" target=\"_blank\" rel=\"noopener noreferrer\"><img loading=\"lazy\" decoding=\"async\" class=\"wp-image-17100 size-full\" src=\"https:\/\/images.xceed.me\/blog\/wp-content\/uploads\/2019\/09\/29121335\/boat-stage-unum-festival-2019-report-xceed-albania.jpg\" alt=\"boat stage unum festival 2019 report xceed albania\" width=\"920\" height=\"460\" \/><\/a><figcaption id=\"caption-attachment-17100\" class=\"wp-caption-text\">El Boat Stage, con forma de barco, fue donde actuaron los cabezas de cartel de la primera edici\u00f3n de UNUM Festival. | Imagen: \u00a9 UNUM Festival 2019<\/figcaption><\/figure>\n<p>&nbsp;<\/p>\n<p>\u00bfPor qu\u00e9 ahora y no antes? Cuenta Braden Bjella que, en 1972, el gobierno sovi\u00e9tico de Albania catalog\u00f3 como \u201cenemigos p\u00fablicos\u201d a los organizadores del <a href=\"http:\/\/www.festivali-rtsh.al\/\" target=\"_blank\" rel=\"noopener noreferrer\">Festivali i K\u00ebng\u00ebs<\/a>, uno de los m\u00e1s famosos e importantes del pa\u00eds. Algunos fueron multados. Otros, arrestados. Unos pocos, incluso ejecutados.<\/p>\n<p>Tirana no ve\u00eda reproductores de vinilos desde la \u00e9poca previa a la II Guerra Mundial. S\u00f3lo los arist\u00f3cratas los pose\u00edan, por lo que el resto de la poblaci\u00f3n siempre ha concebido su uso con recelo. Ahora, la escena trata de neutralizar ese hecho con eventos como el D\u00eda Anual de las Tiendas de Discos.<\/p>\n<p>El <em>statu quo <\/em>alban\u00e9s y la m\u00fasica nunca se han llevado bien. Los entornos musicales nunca han sido bien vistos entre la sociedad. Las bases sobre las que la industria intenta construir su futuro son muy pobres.<\/p>\n<p>&nbsp;<\/p>\n<figure id=\"attachment_17101\" aria-describedby=\"caption-attachment-17101\" style=\"width: 920px\" class=\"wp-caption alignnone\"><a href=\"http:\/\/www.festivali-rtsh.al\/\" target=\"_blank\" rel=\"noopener noreferrer\"><img loading=\"lazy\" decoding=\"async\" class=\"wp-image-17101 size-full\" src=\"https:\/\/images.xceed.me\/blog\/wp-content\/uploads\/2019\/09\/29121335\/festivali-i-kenges-albania-tirana-report-xceed.jpg\" alt=\"festivali i kenges albania tirana report xceed\" width=\"920\" height=\"460\" \/><\/a><figcaption id=\"caption-attachment-17101\" class=\"wp-caption-text\">Actualmente, el Festivali i K\u00ebng\u00ebs es el que decide a los representantes de Albania en Eurovisi\u00f3n. | Imagen: \u00a9 Festivali i K\u00ebng\u00ebs<\/figcaption><\/figure>\n<p>&nbsp;<\/p>\n<p>La ca\u00edda del comunismo en 1991 llev\u00f3 a Albania a una situaci\u00f3n de conflicto y crisis pol\u00edtica. La pugna por el poder desemboc\u00f3 en guerra civil y la famosa Rebeli\u00f3n de 1997 provoc\u00f3 el colapso total del gobierno. Albania se convert\u00eda oficialmente en el pa\u00eds m\u00e1s pobre de Europa, t\u00edtulo que sigue manteniendo hoy en d\u00eda.<\/p>\n<p>Ya en pleno siglo XXI, aquellos productores o DJs albaneses que destacan en la escena nocturna enseguida han buscado labrarse un futuro fuera de sus fronteras. S\u00f3lo unos pocos afines a los sonidos m\u00e1s alternativos han permanecido en Tirana, intentando dar a luz lo que hoy ya empieza a relucir: una industria local con algo de lo que enorgullecerse y mostrar al mundo.<\/p>\n<p>&nbsp;<\/p>\n<figure id=\"attachment_17102\" aria-describedby=\"caption-attachment-17102\" style=\"width: 920px\" class=\"wp-caption alignnone\"><a href=\"https:\/\/xceed.me\/es\/artist\/nick-warren?utm_source=blog&amp;utm_medium=artist&amp;utm_campaign=190918-ALB-ESP-BLOG-THE%20SCENE%20OF%20ALBANIA\" target=\"_blank\" rel=\"noopener noreferrer\"><img loading=\"lazy\" decoding=\"async\" class=\"wp-image-17102 size-full\" src=\"https:\/\/images.xceed.me\/blog\/wp-content\/uploads\/2019\/09\/29121335\/nick-warren-discobox-tirana-albania-report-xceed.jpg\" alt=\"nick warren discobox tirana albania report xceed\" width=\"920\" height=\"460\" \/><\/a><figcaption id=\"caption-attachment-17102\" class=\"wp-caption-text\">Nick Warren es un habitual de la escena albanesa y, por ende, de Discobox. | Imagen: \u00a9 Facebook Oficial de Nick Warren<\/figcaption><\/figure>\n<p>&nbsp;<\/p>\n<p>Encaramos casi la tercera d\u00e9cada del siglo y Albania, por fin, goza de estabilidad pol\u00edtica, econ\u00f3mica y social. El crecimiento del pa\u00eds es lento, pero positivo y constante. Muchos emigrantes optan por volver a su tierra, ahora que ya han podido conservar ciertos ahorros en estados vecinos. Eso, a su vez, favorece la econom\u00eda local y el poder adquisitivo de los albaneses. Es precisamente en ese fen\u00f3meno donde los DJs albaneses ven una oportunidad para la industria.<\/p>\n<p>Albania, adem\u00e1s, se encuentra en una zona de paso, alrededor de importantes destinos tur\u00edsticos para el movimiento <em>clubbing<\/em> como Grecia o Croacia. \u201cAproximadamente, la mitad de la gente que conoc\u00ed estaba de paso, mientras que la otra mitad hab\u00edan viajado desde sus casas a prop\u00f3sito\u201d, nos cuenta V.P., una asistente a la primera edici\u00f3n de UNUM. \u201cHab\u00eda muchos ingleses, sobre todo de Manchester, y tambi\u00e9n mucha gente de pa\u00edses cercanos como Macedonia o Kosovo\u201d, detalla.<\/p>\n<p>&nbsp;<\/p>\n<p><iframe loading=\"lazy\" title=\"Unum Festival 2019 Aftermovie (Albania) - Raverglueck #62\" width=\"1200\" height=\"675\" src=\"https:\/\/www.youtube.com\/embed\/Xh2eZJji8F8?feature=oembed\" frameborder=\"0\" allow=\"accelerometer; autoplay; encrypted-media; gyroscope; picture-in-picture\" allowfullscreen><\/iframe><\/p>\n<p>&nbsp;<\/p>\n<p>Sobre la m\u00fasica, explica que el tono general del festival recordaba al sonido caracter\u00edstico de los DJs rumanos: \u201cDe los artistas que hab\u00eda programados, s\u00f3lo Luciano, Joseph Capriati y Adriatique se alejaban del g\u00e9nero microhouse y sus derivados. \u00a1Yo apenas me mov\u00ed del Pine Stage!\u201d A la pregunta sobre los acondicionamientos ac\u00fasticos nos respondi\u00f3 con seguridad: \u201cAquello era insuperable. Eran escenarios <em>outdoor<\/em> con una potencia y ecualizaci\u00f3n digna de los mejores clubs. Diluvi\u00f3 durante horas, pero nadie dej\u00f3 de bailar, ya fuera frente al escenario en forma de barco, entre los pinos o en la playa.\u201d<\/p>\n<p>A la espera de que llegue el pr\u00f3ximo verano y, con \u00e9l, nuevos hitos, Albania sigue bailando. Y cada vez m\u00e1s. En el sur, Dh\u00ebrmi y una nueva zona en Nazar Beach proponen fiestas en las que el progressive house, el progressive techno y los ritmos \u00e9tnicos, tribales y n\u00f3madas asumen el protagonismo. Autoridades de estos g\u00e9neros, como Nick Warren o Be Svendsen, han podido conocer ya el terreno. Albania baila. Albania espera. Y con los brazos abiertos.<\/p>\n<p><span style=\"font-size: 8pt;\">(Imagen de Portada: \u00a9 UNUM Festival 2019)<\/span><\/p>\n","protected":false},"excerpt":{"rendered":"Festivales como Kala o el reci\u00e9n nacido UNUM han plantado semillas de las que se esperan grandes cosechas. Gracias a ellos, Albania ya es terreno conocido para los mejores DJs de la escena underground\n","protected":false},"author":1,"featured_media":17103,"comment_status":"closed","ping_status":"closed","sticky":false,"template":"","format":"standard","meta":{"_acf_changed":false,"_monsterinsights_skip_tracking":false,"_monsterinsights_sitenote_active":false,"_monsterinsights_sitenote_note":"","_monsterinsights_sitenote_category":0,"csco_singular_sidebar":"","csco_page_header_type":"","csco_page_load_nextpost":"","csco_post_video_location":[],"csco_post_video_url":"","csco_post_video_bg_start_time":0,"csco_post_video_bg_end_time":0,"_jetpack_memberships_contains_paid_content":false,"footnotes":""},"categories":[6227],"tags":[1597,5367,2095,2332,5365,1897,5168,5369],"class_list":{"0":"post-17096","1":"post","2":"type-post","3":"status-publish","4":"format-standard","5":"has-post-thumbnail","7":"category-festivales","8":"tag-adriatique","9":"tag-albania","10":"tag-joseph-capriati-es","11":"tag-peggy-gou","12":"tag-reportajes","13":"tag-ricardo-villalobos-es","14":"tag-tini-es","15":"tag-tirana","16":"cs-entry","17":"cs-video-wrap"},"acf":[],"yoast_head":"<!-- This site is optimized with the Yoast SEO plugin v27.3 - https:\/\/yoast.com\/product\/yoast-seo-wordpress\/ -->\n<title>Reportaje: as\u00ed nace la escena musical electr\u00f3nica en Albania - NIGHTMAG<\/title>\n<meta name=\"description\" content=\"Peggy Gou, Luciano y Ricardo Villalobos son algunos de los DJs que ya han actuado en Albania gracias a festivales de m\u00fasica electr\u00f3nica como Kala o UNUM.\" \/>\n<meta name=\"robots\" content=\"index, follow, max-snippet:-1, max-image-preview:large, max-video-preview:-1\" \/>\n<link rel=\"canonical\" href=\"https:\/\/xceed.me\/blog\/es\/reportaje-asi-nace-la-escena-musical-electronica-en-albania\/\" \/>\n<meta property=\"og:locale\" content=\"en_US\" \/>\n<meta property=\"og:type\" content=\"article\" \/>\n<meta property=\"og:title\" content=\"Reportaje: el nacimiento de la escena electr\u00f3nica en Albania\" \/>\n<meta property=\"og:description\" content=\"Nos acercamos a la escena del pa\u00eds m\u00e1s pobre de Europa.\" \/>\n<meta property=\"og:url\" content=\"https:\/\/xceed.me\/blog\/es\/reportaje-asi-nace-la-escena-musical-electronica-en-albania\/\" \/>\n<meta property=\"og:site_name\" content=\"NIGHTMAG\" \/>\n<meta property=\"article:publisher\" content=\"https:\/\/www.facebook.com\/Xceed\/\" \/>\n<meta property=\"article:published_time\" content=\"2019-09-18T08:00:59+00:00\" \/>\n<meta property=\"article:modified_time\" content=\"2023-05-11T07:13:57+00:00\" \/>\n<meta property=\"og:image\" content=\"https:\/\/images.xceed.me\/blog\/wp-content\/uploads\/2019\/09\/29121334\/unum-festival-boat-stage-report-albania-xceed.jpg\" \/>\n\t<meta property=\"og:image:width\" content=\"1000\" \/>\n\t<meta property=\"og:image:height\" content=\"600\" \/>\n\t<meta property=\"og:image:type\" content=\"image\/jpeg\" \/>\n<meta name=\"twitter:card\" content=\"summary_large_image\" \/>\n<meta name=\"twitter:title\" content=\"Reportaje: el nacimiento de la escena electr\u00f3nica en Albania\" \/>\n<meta name=\"twitter:description\" content=\"Nos acercamos a la escena del pa\u00eds m\u00e1s pobre de Europa.\" \/>\n<meta name=\"twitter:creator\" content=\"@Xceed_World\" \/>\n<meta name=\"twitter:site\" content=\"@Xceed_World\" \/>\n<meta name=\"twitter:label1\" content=\"Written by\" \/>\n\t<meta name=\"twitter:data1\" content=\"\" \/>\n\t<meta name=\"twitter:label2\" content=\"Est. reading time\" \/>\n\t<meta name=\"twitter:data2\" content=\"7 minutes\" \/>\n<script type=\"application\/ld+json\" class=\"yoast-schema-graph\">{\"@context\":\"https:\\\/\\\/schema.org\",\"@graph\":[{\"@type\":\"Article\",\"@id\":\"https:\\\/\\\/xceed.me\\\/blog\\\/es\\\/reportaje-asi-nace-la-escena-musical-electronica-en-albania\\\/#article\",\"isPartOf\":{\"@id\":\"https:\\\/\\\/xceed.me\\\/blog\\\/es\\\/reportaje-asi-nace-la-escena-musical-electronica-en-albania\\\/\"},\"author\":{\"name\":\"\",\"@id\":\"\"},\"headline\":\"Festivales en playas v\u00edrgenes, fiestas callejeras y tiendas de vinilos; as\u00ed nace la escena electr\u00f3nica de Albania\",\"datePublished\":\"2019-09-18T08:00:59+00:00\",\"dateModified\":\"2023-05-11T07:13:57+00:00\",\"mainEntityOfPage\":{\"@id\":\"https:\\\/\\\/xceed.me\\\/blog\\\/es\\\/reportaje-asi-nace-la-escena-musical-electronica-en-albania\\\/\"},\"wordCount\":1395,\"image\":{\"@id\":\"https:\\\/\\\/xceed.me\\\/blog\\\/es\\\/reportaje-asi-nace-la-escena-musical-electronica-en-albania\\\/#primaryimage\"},\"thumbnailUrl\":\"https:\\\/\\\/images.xceed.me\\\/blog\\\/wp-content\\\/uploads\\\/2019\\\/09\\\/29121334\\\/unum-festival-boat-stage-report-albania-xceed.jpg\",\"keywords\":[\"adriatique\",\"albania\",\"joseph capriati\",\"peggy gou\",\"reportajes\",\"Ricardo Villalobos\",\"tini\",\"tirana\"],\"articleSection\":[\"#Festivales\"],\"inLanguage\":\"en-US\"},{\"@type\":\"WebPage\",\"@id\":\"https:\\\/\\\/xceed.me\\\/blog\\\/es\\\/reportaje-asi-nace-la-escena-musical-electronica-en-albania\\\/\",\"url\":\"https:\\\/\\\/xceed.me\\\/blog\\\/es\\\/reportaje-asi-nace-la-escena-musical-electronica-en-albania\\\/\",\"name\":\"Reportaje: as\u00ed nace la escena musical electr\u00f3nica en Albania - NIGHTMAG\",\"isPartOf\":{\"@id\":\"https:\\\/\\\/xceed.me\\\/blog\\\/#website\"},\"primaryImageOfPage\":{\"@id\":\"https:\\\/\\\/xceed.me\\\/blog\\\/es\\\/reportaje-asi-nace-la-escena-musical-electronica-en-albania\\\/#primaryimage\"},\"image\":{\"@id\":\"https:\\\/\\\/xceed.me\\\/blog\\\/es\\\/reportaje-asi-nace-la-escena-musical-electronica-en-albania\\\/#primaryimage\"},\"thumbnailUrl\":\"https:\\\/\\\/images.xceed.me\\\/blog\\\/wp-content\\\/uploads\\\/2019\\\/09\\\/29121334\\\/unum-festival-boat-stage-report-albania-xceed.jpg\",\"datePublished\":\"2019-09-18T08:00:59+00:00\",\"dateModified\":\"2023-05-11T07:13:57+00:00\",\"author\":{\"@id\":\"\"},\"description\":\"Peggy Gou, Luciano y Ricardo Villalobos son algunos de los DJs que ya han actuado en Albania gracias a festivales de m\u00fasica electr\u00f3nica como Kala o UNUM.\",\"breadcrumb\":{\"@id\":\"https:\\\/\\\/xceed.me\\\/blog\\\/es\\\/reportaje-asi-nace-la-escena-musical-electronica-en-albania\\\/#breadcrumb\"},\"inLanguage\":\"en-US\",\"potentialAction\":[{\"@type\":\"ReadAction\",\"target\":[\"https:\\\/\\\/xceed.me\\\/blog\\\/es\\\/reportaje-asi-nace-la-escena-musical-electronica-en-albania\\\/\"]}]},{\"@type\":\"ImageObject\",\"inLanguage\":\"en-US\",\"@id\":\"https:\\\/\\\/xceed.me\\\/blog\\\/es\\\/reportaje-asi-nace-la-escena-musical-electronica-en-albania\\\/#primaryimage\",\"url\":\"https:\\\/\\\/images.xceed.me\\\/blog\\\/wp-content\\\/uploads\\\/2019\\\/09\\\/29121334\\\/unum-festival-boat-stage-report-albania-xceed.jpg\",\"contentUrl\":\"https:\\\/\\\/images.xceed.me\\\/blog\\\/wp-content\\\/uploads\\\/2019\\\/09\\\/29121334\\\/unum-festival-boat-stage-report-albania-xceed.jpg\",\"width\":1000,\"height\":600},{\"@type\":\"BreadcrumbList\",\"@id\":\"https:\\\/\\\/xceed.me\\\/blog\\\/es\\\/reportaje-asi-nace-la-escena-musical-electronica-en-albania\\\/#breadcrumb\",\"itemListElement\":[{\"@type\":\"ListItem\",\"position\":1,\"name\":\"Home\",\"item\":\"https:\\\/\\\/xceed.me\\\/blog\\\/en\\\/\"},{\"@type\":\"ListItem\",\"position\":2,\"name\":\"Festivales en playas v\u00edrgenes, fiestas callejeras y tiendas de vinilos; as\u00ed nace la escena electr\u00f3nica de Albania\"}]},{\"@type\":\"WebSite\",\"@id\":\"https:\\\/\\\/xceed.me\\\/blog\\\/#website\",\"url\":\"https:\\\/\\\/xceed.me\\\/blog\\\/\",\"name\":\"NIGHTMAG\",\"description\":\"NIGHTMAG\",\"potentialAction\":[{\"@type\":\"SearchAction\",\"target\":{\"@type\":\"EntryPoint\",\"urlTemplate\":\"https:\\\/\\\/xceed.me\\\/blog\\\/?s={search_term_string}\"},\"query-input\":{\"@type\":\"PropertyValueSpecification\",\"valueRequired\":true,\"valueName\":\"search_term_string\"}}],\"inLanguage\":\"en-US\"},{\"@type\":\"Person\",\"@id\":\"\",\"url\":\"https:\\\/\\\/xceed.me\\\/blog\\\/author\\\/\"}]}<\/script>\n<!-- \/ Yoast SEO plugin. -->","yoast_head_json":{"title":"Reportaje: as\u00ed nace la escena musical electr\u00f3nica en Albania - NIGHTMAG","description":"Peggy Gou, Luciano y Ricardo Villalobos son algunos de los DJs que ya han actuado en Albania gracias a festivales de m\u00fasica electr\u00f3nica como Kala o UNUM.","robots":{"index":"index","follow":"follow","max-snippet":"max-snippet:-1","max-image-preview":"max-image-preview:large","max-video-preview":"max-video-preview:-1"},"canonical":"https:\/\/xceed.me\/blog\/es\/reportaje-asi-nace-la-escena-musical-electronica-en-albania\/","og_locale":"en_US","og_type":"article","og_title":"Reportaje: el nacimiento de la escena electr\u00f3nica en Albania","og_description":"Nos acercamos a la escena del pa\u00eds m\u00e1s pobre de Europa.","og_url":"https:\/\/xceed.me\/blog\/es\/reportaje-asi-nace-la-escena-musical-electronica-en-albania\/","og_site_name":"NIGHTMAG","article_publisher":"https:\/\/www.facebook.com\/Xceed\/","article_published_time":"2019-09-18T08:00:59+00:00","article_modified_time":"2023-05-11T07:13:57+00:00","og_image":[{"width":1000,"height":600,"url":"https:\/\/images.xceed.me\/blog\/wp-content\/uploads\/2019\/09\/29121334\/unum-festival-boat-stage-report-albania-xceed.jpg","type":"image\/jpeg"}],"twitter_card":"summary_large_image","twitter_title":"Reportaje: el nacimiento de la escena electr\u00f3nica en Albania","twitter_description":"Nos acercamos a la escena del pa\u00eds m\u00e1s pobre de Europa.","twitter_creator":"@Xceed_World","twitter_site":"@Xceed_World","twitter_misc":{"Written by":"","Est. reading time":"7 minutes"},"schema":{"@context":"https:\/\/schema.org","@graph":[{"@type":"Article","@id":"https:\/\/xceed.me\/blog\/es\/reportaje-asi-nace-la-escena-musical-electronica-en-albania\/#article","isPartOf":{"@id":"https:\/\/xceed.me\/blog\/es\/reportaje-asi-nace-la-escena-musical-electronica-en-albania\/"},"author":{"name":"","@id":""},"headline":"Festivales en playas v\u00edrgenes, fiestas callejeras y tiendas de vinilos; as\u00ed nace la escena electr\u00f3nica de Albania","datePublished":"2019-09-18T08:00:59+00:00","dateModified":"2023-05-11T07:13:57+00:00","mainEntityOfPage":{"@id":"https:\/\/xceed.me\/blog\/es\/reportaje-asi-nace-la-escena-musical-electronica-en-albania\/"},"wordCount":1395,"image":{"@id":"https:\/\/xceed.me\/blog\/es\/reportaje-asi-nace-la-escena-musical-electronica-en-albania\/#primaryimage"},"thumbnailUrl":"https:\/\/images.xceed.me\/blog\/wp-content\/uploads\/2019\/09\/29121334\/unum-festival-boat-stage-report-albania-xceed.jpg","keywords":["adriatique","albania","joseph capriati","peggy gou","reportajes","Ricardo Villalobos","tini","tirana"],"articleSection":["#Festivales"],"inLanguage":"en-US"},{"@type":"WebPage","@id":"https:\/\/xceed.me\/blog\/es\/reportaje-asi-nace-la-escena-musical-electronica-en-albania\/","url":"https:\/\/xceed.me\/blog\/es\/reportaje-asi-nace-la-escena-musical-electronica-en-albania\/","name":"Reportaje: as\u00ed nace la escena musical electr\u00f3nica en Albania - NIGHTMAG","isPartOf":{"@id":"https:\/\/xceed.me\/blog\/#website"},"primaryImageOfPage":{"@id":"https:\/\/xceed.me\/blog\/es\/reportaje-asi-nace-la-escena-musical-electronica-en-albania\/#primaryimage"},"image":{"@id":"https:\/\/xceed.me\/blog\/es\/reportaje-asi-nace-la-escena-musical-electronica-en-albania\/#primaryimage"},"thumbnailUrl":"https:\/\/images.xceed.me\/blog\/wp-content\/uploads\/2019\/09\/29121334\/unum-festival-boat-stage-report-albania-xceed.jpg","datePublished":"2019-09-18T08:00:59+00:00","dateModified":"2023-05-11T07:13:57+00:00","author":{"@id":""},"description":"Peggy Gou, Luciano y Ricardo Villalobos son algunos de los DJs que ya han actuado en Albania gracias a festivales de m\u00fasica electr\u00f3nica como Kala o UNUM.","breadcrumb":{"@id":"https:\/\/xceed.me\/blog\/es\/reportaje-asi-nace-la-escena-musical-electronica-en-albania\/#breadcrumb"},"inLanguage":"en-US","potentialAction":[{"@type":"ReadAction","target":["https:\/\/xceed.me\/blog\/es\/reportaje-asi-nace-la-escena-musical-electronica-en-albania\/"]}]},{"@type":"ImageObject","inLanguage":"en-US","@id":"https:\/\/xceed.me\/blog\/es\/reportaje-asi-nace-la-escena-musical-electronica-en-albania\/#primaryimage","url":"https:\/\/images.xceed.me\/blog\/wp-content\/uploads\/2019\/09\/29121334\/unum-festival-boat-stage-report-albania-xceed.jpg","contentUrl":"https:\/\/images.xceed.me\/blog\/wp-content\/uploads\/2019\/09\/29121334\/unum-festival-boat-stage-report-albania-xceed.jpg","width":1000,"height":600},{"@type":"BreadcrumbList","@id":"https:\/\/xceed.me\/blog\/es\/reportaje-asi-nace-la-escena-musical-electronica-en-albania\/#breadcrumb","itemListElement":[{"@type":"ListItem","position":1,"name":"Home","item":"https:\/\/xceed.me\/blog\/en\/"},{"@type":"ListItem","position":2,"name":"Festivales en playas v\u00edrgenes, fiestas callejeras y tiendas de vinilos; as\u00ed nace la escena electr\u00f3nica de Albania"}]},{"@type":"WebSite","@id":"https:\/\/xceed.me\/blog\/#website","url":"https:\/\/xceed.me\/blog\/","name":"NIGHTMAG","description":"NIGHTMAG","potentialAction":[{"@type":"SearchAction","target":{"@type":"EntryPoint","urlTemplate":"https:\/\/xceed.me\/blog\/?s={search_term_string}"},"query-input":{"@type":"PropertyValueSpecification","valueRequired":true,"valueName":"search_term_string"}}],"inLanguage":"en-US"},{"@type":"Person","@id":"","url":"https:\/\/xceed.me\/blog\/author\/"}]}},"jetpack_featured_media_url":"https:\/\/images.xceed.me\/blog\/wp-content\/uploads\/2019\/09\/29121334\/unum-festival-boat-stage-report-albania-xceed.jpg","jetpack_sharing_enabled":true,"_links":{"self":[{"href":"https:\/\/xceed.me\/blog\/wp-json\/wp\/v2\/posts\/17096","targetHints":{"allow":["GET"]}}],"collection":[{"href":"https:\/\/xceed.me\/blog\/wp-json\/wp\/v2\/posts"}],"about":[{"href":"https:\/\/xceed.me\/blog\/wp-json\/wp\/v2\/types\/post"}],"author":[{"embeddable":true,"href":"https:\/\/xceed.me\/blog\/wp-json\/wp\/v2\/users\/1"}],"replies":[{"embeddable":true,"href":"https:\/\/xceed.me\/blog\/wp-json\/wp\/v2\/comments?post=17096"}],"version-history":[{"count":3,"href":"https:\/\/xceed.me\/blog\/wp-json\/wp\/v2\/posts\/17096\/revisions"}],"predecessor-version":[{"id":17106,"href":"https:\/\/xceed.me\/blog\/wp-json\/wp\/v2\/posts\/17096\/revisions\/17106"}],"wp:featuredmedia":[{"embeddable":true,"href":"https:\/\/xceed.me\/blog\/wp-json\/wp\/v2\/media\/17103"}],"wp:attachment":[{"href":"https:\/\/xceed.me\/blog\/wp-json\/wp\/v2\/media?parent=17096"}],"wp:term":[{"taxonomy":"category","embeddable":true,"href":"https:\/\/xceed.me\/blog\/wp-json\/wp\/v2\/categories?post=17096"},{"taxonomy":"post_tag","embeddable":true,"href":"https:\/\/xceed.me\/blog\/wp-json\/wp\/v2\/tags?post=17096"}],"curies":[{"name":"wp","href":"https:\/\/api.w.org\/{rel}","templated":true}]}}