{"id":16508,"date":"2019-07-01T15:53:24","date_gmt":"2019-07-01T13:53:24","guid":{"rendered":"https:\/\/xceed.me\/blog\/?p=16508"},"modified":"2019-07-01T19:47:08","modified_gmt":"2019-07-01T17:47:08","slug":"ambra-night-il-gioiello-della-notte-di-san-teodoro","status":"publish","type":"post","link":"https:\/\/xceed.me\/blog\/it\/ambra-night-il-gioiello-della-notte-di-san-teodoro\/","title":{"rendered":"Ambra Night: il gioiello della notte di San Teodoro"},"content":{"rendered":"<p>Nella storica regione della Gallura si trova San Teodoro, una delle cittadine che in estate viene scelta da molti come meta di vacanza, grazie alle sue incantevoli spiagge ed il mare cristallino &#8211; diventando quindi una delle zone pi\u00f9 frequentate e movimentate dell\u2019isola. E qui, a soli 20 metri dalla spiaggia, si trova l\u2019Ambra Night che vanta quasi 50 anni di storia, traguardo notevole. E&#8217; infatti dal 1969 che questo gioiello del mediterraneo fa ballare notte dopo notte migliaia di persone. La struttura, completamente open air, \u00e8 elegante e curata nei particolari; il garden a forma di anfiteatro e lo storico gazebo con oltre 20000 watt di impianto audio. Tutto questo e la capienza di 2500 persone lo rendono uno dei must per gli amanti della notte che si trovano in vacanza in zona.<\/p>\n<p>&nbsp;<\/p>\n<figure id=\"attachment_16513\" aria-describedby=\"caption-attachment-16513\" style=\"width: 920px\" class=\"wp-caption alignnone\"><img loading=\"lazy\" decoding=\"async\" class=\"size-full wp-image-16513\" src=\"https:\/\/images.xceed.me\/blog\/wp-content\/uploads\/2019\/06\/29121400\/Ambra-Night-San-Teodoro-Sardegna-Xceed-Gabriele-Careddu.jpg\" alt=\"Ambra Night San Teodoro Sardegna Xceed Gabriele Careddu\" width=\"920\" height=\"340\" \/><figcaption id=\"caption-attachment-16513\" class=\"wp-caption-text\"><span style=\"font-size: 8pt;\">\u00a9 Gabriele Careddu<\/span><\/figcaption><\/figure>\n<p>&nbsp;<\/p>\n<p>In attivo per quasi tutte le notti d&#8217;estate, l\u2019Ambra Night soddisfa tutti i gusti offrendo dei format di serata diversi, con cadenza settimanale. Ultravioletti, Expensive, Targamy, Mamacita. Loco Dice, Merk &amp; Kremont, DJ Ralf, Marco Faraone,\u00a0 Il Pagante, Andrea Damante sono solo alcuni dei grandi nomi di questa estate nel gioiello di San Teodoro. Da Giugno a Settembre in ben 53 serate ci sar\u00e0 davvero tanto da fare, ma soprattutto da ballare.<\/p>\n<p>&nbsp;<\/p>\n<p><img loading=\"lazy\" decoding=\"async\" class=\"alignnone size-full wp-image-16515\" src=\"https:\/\/images.xceed.me\/blog\/wp-content\/uploads\/2019\/06\/29121400\/Ultravioletti-Ambra-Night-San-Teodoro-Sardegna-Xceed.jpg\" alt=\"Ultravioletti Ambra Night San Teodoro Sardegna Xceed\" width=\"920\" height=\"340\" \/><\/p>\n<p>Il marted\u00ec nel gazebo dell&#8217;Ambra Night dal 2007 \u00e8 fatto di elettronica e di techno. Ultravioletti anche quest&#8217;anno porta in una delle spiagge pi\u00f9 belle della Sardegna grandi nomi della scena clubbing &#8211; Marco Faraone, DJ Ralf, Metempsicosi, Supernova, Silvie Loto. E come ciliegina sulla torta, una extra data con il capo di Desolat, Loco Dice. Marted\u00ec 2 Luglio inizia una grande stagione di musica elettronica e ad aprire le danze sar\u00e0 il resident Stefano Sanna.<\/p>\n<p>&nbsp;<\/p>\n<p><img loading=\"lazy\" decoding=\"async\" class=\"alignnone size-full wp-image-16525\" src=\"https:\/\/images.xceed.me\/blog\/wp-content\/uploads\/2019\/07\/29121359\/Expensive-Ambra-Night-San-Teodoro-Sardegna-Xceed.jpg\" alt=\"Expensive Ambra Night San Teodoro Sardegna Xceed\" width=\"920\" height=\"340\" \/><\/p>\n<p>&nbsp;<\/p>\n<p>Il venerd\u00ec per entrare nel vivo del weekend c\u2019\u00e8 la serata Expensive. I migliori successi della trap e della scena black americana per una notte di groove. E&#8217; il party perfetto per gli amanti della moda e per gli amanti della musica di Atlanta. A far ballare e twerkare come in vero stile americano ci saranno i Resident DJ della serata iniziando con Dj Venc all&#8217;opening party del 5 Luglio.<\/p>\n<p>&nbsp;<\/p>\n<p><img loading=\"lazy\" decoding=\"async\" class=\"alignnone size-full wp-image-16517\" src=\"https:\/\/images.xceed.me\/blog\/wp-content\/uploads\/2019\/06\/29121359\/Targamy-Ambra-Night-San-Teodoro-Sardegna-Andrea-Damante-Mark-Kremont-Il-Pagante.jpg\" alt=\"Targamy Ambra Night San Teodoro Sardegna Andrea Damante Mark Kremont Il Pagante\" width=\"920\" height=\"340\" \/><\/p>\n<p>Il sabato questa stagione lo ha firmato dal collettivo milanese che faceva innamorare le coppie agli incroci, diventato poi una delle feste pi\u00f9 apprezzate della notte meneghina, Targamy. Colori fluo, temi divertenti, show, musica e tanti sorrisi &#8211; la garanzia della serata. Dopo una grande apertura con i Residents Oya DI e Riva Z, la serata milanese si prepara ad un Agosto bollente in cui porter\u00e0 i grandi Merk &amp; Kremont, Andrea Damante ed Il Pagante!<\/p>\n<p><strong>BIGLIETTI<\/strong><\/p>\n<p>&nbsp;<\/p>\n<p><a href=\"https:\/\/xceed.me\/it\/events\/san-teodoro\/70024\/mamacita-11?utm_source=blog&amp;utm_medium=event&amp;utm_campaign=190701-SRD-ITA-BLOG-AMBRA%20NIGHT%20OPENING\" target=\"_blank\" rel=\"noopener noreferrer\"><img loading=\"lazy\" decoding=\"async\" class=\"alignnone wp-image-16520 size-full\" src=\"https:\/\/images.xceed.me\/blog\/wp-content\/uploads\/2019\/07\/29121359\/Mamacita-Ambra-Night-San-Teodoro-Sardegna-Xceed.jpg\" alt=\"Mamacita Ambra Night San Teodoro Sardegna Xceed\" width=\"920\" height=\"340\" \/><\/a><\/p>\n<p>Per concludere la settimana, ogni domenica all&#8217;Ambra Night arriva il party Reggaeton, Hip-Hop e R&#8217;n B: <a href=\"https:\/\/www.facebook.com\/mamacitaclub\/\" target=\"_blank\" rel=\"noopener noreferrer\">MAMACITA!<\/a> La garanzia di una serata dal ritmo latino che dopo aver lanciato il proprio tour europeo, scegliendo come seconda casa Ibiza, per tutto Luglio e tutto Agosto torner\u00e0 a San Teodoro per animare le notti di tutti gli amanti dello spirito latino.<\/p>\n<p><a class=\"pinkBtn\" href=\"https:\/\/xceed.me\/it\/events\/san-teodoro\/70024\/mamacita-11?utm_source=blog&amp;utm_medium=event&amp;utm_campaign=190701-SRD-ITA-BLOG-AMBRA%20NIGHT%20OPENING\" target=\"_blank\" rel=\"noopener noreferrer\"><strong>BIGLIETTI<\/strong><\/a><\/p>\n<p>&nbsp;<\/p>\n<p>&nbsp;<\/p>\n<p><span style=\"font-size: 8pt;\">(Cover image \u00a9 <a href=\"https:\/\/www.facebook.com\/nb2studios\/\" target=\"_blank\" rel=\"noopener noreferrer\">NB2<\/a> Studios)\u00a0<\/span><\/p>\n","protected":false},"excerpt":{"rendered":"Il locale pi\u00f9 di tendenza di San Teodoro apre le sue porte per per una nuova stagione. Pronti a soddisfare i gusti di tutti con serate di musica elettronica, techno, commerciale e trap\n","protected":false},"author":1,"featured_media":16524,"comment_status":"closed","ping_status":"closed","sticky":false,"template":"","format":"standard","meta":{"_acf_changed":false,"_monsterinsights_skip_tracking":false,"_monsterinsights_sitenote_active":false,"_monsterinsights_sitenote_note":"","_monsterinsights_sitenote_category":0,"csco_singular_sidebar":"","csco_page_header_type":"","csco_page_load_nextpost":"","csco_post_video_location":[],"csco_post_video_url":"","csco_post_video_bg_start_time":0,"csco_post_video_bg_end_time":0,"_jetpack_memberships_contains_paid_content":false,"footnotes":""},"categories":[103,127,117],"tags":[5290,5292,5294],"class_list":{"0":"post-16508","1":"post","2":"type-post","3":"status-publish","4":"format-standard","5":"has-post-thumbnail","7":"category-clubbing-it","8":"category-musica-it","9":"category-news-it","10":"tag-ambra-night","11":"tag-sardegna","12":"tag-summer-it","13":"cs-entry","14":"cs-video-wrap"},"acf":[],"yoast_head":"<!-- This site is optimized with the Yoast SEO plugin v27.3 - https:\/\/yoast.com\/product\/yoast-seo-wordpress\/ -->\n<title>Ambra Night: il gioiello della notte di San Teodoro - NIGHTMAG<\/title>\n<meta name=\"description\" content=\"L&#039;Ambra Night a far ballare una delle spiagge pi\u00f9 belle del Mediterraneo con una programmazione incredibile pronta a soddisfare tutti i gusti.\" \/>\n<meta name=\"robots\" content=\"index, follow, max-snippet:-1, max-image-preview:large, max-video-preview:-1\" \/>\n<link rel=\"canonical\" href=\"https:\/\/xceed.me\/blog\/it\/ambra-night-il-gioiello-della-notte-di-san-teodoro\/\" \/>\n<meta property=\"og:locale\" content=\"en_US\" \/>\n<meta property=\"og:type\" content=\"article\" \/>\n<meta property=\"og:title\" content=\"Ambra Night: il gioiello della notte di San Teodoro - NIGHTMAG\" \/>\n<meta property=\"og:description\" content=\"L&#039;Ambra Night a far ballare una delle spiagge pi\u00f9 belle del Mediterraneo con una programmazione incredibile pronta a soddisfare tutti i gusti.\" \/>\n<meta property=\"og:url\" content=\"https:\/\/xceed.me\/blog\/it\/ambra-night-il-gioiello-della-notte-di-san-teodoro\/\" \/>\n<meta property=\"og:site_name\" content=\"NIGHTMAG\" \/>\n<meta property=\"article:publisher\" content=\"https:\/\/www.facebook.com\/Xceed\/\" \/>\n<meta property=\"article:published_time\" content=\"2019-07-01T13:53:24+00:00\" \/>\n<meta property=\"article:modified_time\" content=\"2019-07-01T17:47:08+00:00\" \/>\n<meta property=\"og:image\" content=\"https:\/\/images.xceed.me\/blog\/wp-content\/uploads\/2019\/07\/29121359\/Ambra-Night-San-Teodoro-1.jpg\" \/>\n\t<meta property=\"og:image:width\" content=\"1000\" \/>\n\t<meta property=\"og:image:height\" content=\"600\" \/>\n\t<meta property=\"og:image:type\" content=\"image\/jpeg\" \/>\n<meta name=\"twitter:card\" content=\"summary_large_image\" \/>\n<meta name=\"twitter:creator\" content=\"@Xceed_World\" \/>\n<meta name=\"twitter:site\" content=\"@Xceed_World\" \/>\n<meta name=\"twitter:label1\" content=\"Written by\" \/>\n\t<meta name=\"twitter:data1\" content=\"\" \/>\n\t<meta name=\"twitter:label2\" content=\"Est. reading time\" \/>\n\t<meta name=\"twitter:data2\" content=\"3 minutes\" \/>\n<script type=\"application\/ld+json\" class=\"yoast-schema-graph\">{\"@context\":\"https:\\\/\\\/schema.org\",\"@graph\":[{\"@type\":\"Article\",\"@id\":\"https:\\\/\\\/xceed.me\\\/blog\\\/it\\\/ambra-night-il-gioiello-della-notte-di-san-teodoro\\\/#article\",\"isPartOf\":{\"@id\":\"https:\\\/\\\/xceed.me\\\/blog\\\/it\\\/ambra-night-il-gioiello-della-notte-di-san-teodoro\\\/\"},\"author\":{\"name\":\"\",\"@id\":\"\"},\"headline\":\"Ambra Night: il gioiello della notte di San Teodoro\",\"datePublished\":\"2019-07-01T13:53:24+00:00\",\"dateModified\":\"2019-07-01T17:47:08+00:00\",\"mainEntityOfPage\":{\"@id\":\"https:\\\/\\\/xceed.me\\\/blog\\\/it\\\/ambra-night-il-gioiello-della-notte-di-san-teodoro\\\/\"},\"wordCount\":512,\"image\":{\"@id\":\"https:\\\/\\\/xceed.me\\\/blog\\\/it\\\/ambra-night-il-gioiello-della-notte-di-san-teodoro\\\/#primaryimage\"},\"thumbnailUrl\":\"https:\\\/\\\/images.xceed.me\\\/blog\\\/wp-content\\\/uploads\\\/2019\\\/07\\\/29121359\\\/Ambra-Night-San-Teodoro-1.jpg\",\"keywords\":[\"Ambra Night\",\"Sardegna\",\"summer\"],\"articleSection\":[\"#Clubbing\",\"#Musica\",\"#Novit\u00e0\"],\"inLanguage\":\"en-US\"},{\"@type\":\"WebPage\",\"@id\":\"https:\\\/\\\/xceed.me\\\/blog\\\/it\\\/ambra-night-il-gioiello-della-notte-di-san-teodoro\\\/\",\"url\":\"https:\\\/\\\/xceed.me\\\/blog\\\/it\\\/ambra-night-il-gioiello-della-notte-di-san-teodoro\\\/\",\"name\":\"Ambra Night: il gioiello della notte di San Teodoro - NIGHTMAG\",\"isPartOf\":{\"@id\":\"https:\\\/\\\/xceed.me\\\/blog\\\/#website\"},\"primaryImageOfPage\":{\"@id\":\"https:\\\/\\\/xceed.me\\\/blog\\\/it\\\/ambra-night-il-gioiello-della-notte-di-san-teodoro\\\/#primaryimage\"},\"image\":{\"@id\":\"https:\\\/\\\/xceed.me\\\/blog\\\/it\\\/ambra-night-il-gioiello-della-notte-di-san-teodoro\\\/#primaryimage\"},\"thumbnailUrl\":\"https:\\\/\\\/images.xceed.me\\\/blog\\\/wp-content\\\/uploads\\\/2019\\\/07\\\/29121359\\\/Ambra-Night-San-Teodoro-1.jpg\",\"datePublished\":\"2019-07-01T13:53:24+00:00\",\"dateModified\":\"2019-07-01T17:47:08+00:00\",\"author\":{\"@id\":\"\"},\"description\":\"L'Ambra Night a far ballare una delle spiagge pi\u00f9 belle del Mediterraneo con una programmazione incredibile pronta a soddisfare tutti i gusti.\",\"breadcrumb\":{\"@id\":\"https:\\\/\\\/xceed.me\\\/blog\\\/it\\\/ambra-night-il-gioiello-della-notte-di-san-teodoro\\\/#breadcrumb\"},\"inLanguage\":\"en-US\",\"potentialAction\":[{\"@type\":\"ReadAction\",\"target\":[\"https:\\\/\\\/xceed.me\\\/blog\\\/it\\\/ambra-night-il-gioiello-della-notte-di-san-teodoro\\\/\"]}]},{\"@type\":\"ImageObject\",\"inLanguage\":\"en-US\",\"@id\":\"https:\\\/\\\/xceed.me\\\/blog\\\/it\\\/ambra-night-il-gioiello-della-notte-di-san-teodoro\\\/#primaryimage\",\"url\":\"https:\\\/\\\/images.xceed.me\\\/blog\\\/wp-content\\\/uploads\\\/2019\\\/07\\\/29121359\\\/Ambra-Night-San-Teodoro-1.jpg\",\"contentUrl\":\"https:\\\/\\\/images.xceed.me\\\/blog\\\/wp-content\\\/uploads\\\/2019\\\/07\\\/29121359\\\/Ambra-Night-San-Teodoro-1.jpg\",\"width\":1000,\"height\":600,\"caption\":\"Ambra Night San Teodoro\"},{\"@type\":\"BreadcrumbList\",\"@id\":\"https:\\\/\\\/xceed.me\\\/blog\\\/it\\\/ambra-night-il-gioiello-della-notte-di-san-teodoro\\\/#breadcrumb\",\"itemListElement\":[{\"@type\":\"ListItem\",\"position\":1,\"name\":\"Home\",\"item\":\"https:\\\/\\\/xceed.me\\\/blog\\\/en\\\/\"},{\"@type\":\"ListItem\",\"position\":2,\"name\":\"Ambra Night: il gioiello della notte di San Teodoro\"}]},{\"@type\":\"WebSite\",\"@id\":\"https:\\\/\\\/xceed.me\\\/blog\\\/#website\",\"url\":\"https:\\\/\\\/xceed.me\\\/blog\\\/\",\"name\":\"NIGHTMAG\",\"description\":\"NIGHTMAG\",\"potentialAction\":[{\"@type\":\"SearchAction\",\"target\":{\"@type\":\"EntryPoint\",\"urlTemplate\":\"https:\\\/\\\/xceed.me\\\/blog\\\/?s={search_term_string}\"},\"query-input\":{\"@type\":\"PropertyValueSpecification\",\"valueRequired\":true,\"valueName\":\"search_term_string\"}}],\"inLanguage\":\"en-US\"},{\"@type\":\"Person\",\"@id\":\"\",\"url\":\"https:\\\/\\\/xceed.me\\\/blog\\\/author\\\/\"}]}<\/script>\n<!-- \/ Yoast SEO plugin. -->","yoast_head_json":{"title":"Ambra Night: il gioiello della notte di San Teodoro - NIGHTMAG","description":"L'Ambra Night a far ballare una delle spiagge pi\u00f9 belle del Mediterraneo con una programmazione incredibile pronta a soddisfare tutti i gusti.","robots":{"index":"index","follow":"follow","max-snippet":"max-snippet:-1","max-image-preview":"max-image-preview:large","max-video-preview":"max-video-preview:-1"},"canonical":"https:\/\/xceed.me\/blog\/it\/ambra-night-il-gioiello-della-notte-di-san-teodoro\/","og_locale":"en_US","og_type":"article","og_title":"Ambra Night: il gioiello della notte di San Teodoro - NIGHTMAG","og_description":"L'Ambra Night a far ballare una delle spiagge pi\u00f9 belle del Mediterraneo con una programmazione incredibile pronta a soddisfare tutti i gusti.","og_url":"https:\/\/xceed.me\/blog\/it\/ambra-night-il-gioiello-della-notte-di-san-teodoro\/","og_site_name":"NIGHTMAG","article_publisher":"https:\/\/www.facebook.com\/Xceed\/","article_published_time":"2019-07-01T13:53:24+00:00","article_modified_time":"2019-07-01T17:47:08+00:00","og_image":[{"width":1000,"height":600,"url":"https:\/\/images.xceed.me\/blog\/wp-content\/uploads\/2019\/07\/29121359\/Ambra-Night-San-Teodoro-1.jpg","type":"image\/jpeg"}],"twitter_card":"summary_large_image","twitter_creator":"@Xceed_World","twitter_site":"@Xceed_World","twitter_misc":{"Written by":"","Est. reading time":"3 minutes"},"schema":{"@context":"https:\/\/schema.org","@graph":[{"@type":"Article","@id":"https:\/\/xceed.me\/blog\/it\/ambra-night-il-gioiello-della-notte-di-san-teodoro\/#article","isPartOf":{"@id":"https:\/\/xceed.me\/blog\/it\/ambra-night-il-gioiello-della-notte-di-san-teodoro\/"},"author":{"name":"","@id":""},"headline":"Ambra Night: il gioiello della notte di San Teodoro","datePublished":"2019-07-01T13:53:24+00:00","dateModified":"2019-07-01T17:47:08+00:00","mainEntityOfPage":{"@id":"https:\/\/xceed.me\/blog\/it\/ambra-night-il-gioiello-della-notte-di-san-teodoro\/"},"wordCount":512,"image":{"@id":"https:\/\/xceed.me\/blog\/it\/ambra-night-il-gioiello-della-notte-di-san-teodoro\/#primaryimage"},"thumbnailUrl":"https:\/\/images.xceed.me\/blog\/wp-content\/uploads\/2019\/07\/29121359\/Ambra-Night-San-Teodoro-1.jpg","keywords":["Ambra Night","Sardegna","summer"],"articleSection":["#Clubbing","#Musica","#Novit\u00e0"],"inLanguage":"en-US"},{"@type":"WebPage","@id":"https:\/\/xceed.me\/blog\/it\/ambra-night-il-gioiello-della-notte-di-san-teodoro\/","url":"https:\/\/xceed.me\/blog\/it\/ambra-night-il-gioiello-della-notte-di-san-teodoro\/","name":"Ambra Night: il gioiello della notte di San Teodoro - NIGHTMAG","isPartOf":{"@id":"https:\/\/xceed.me\/blog\/#website"},"primaryImageOfPage":{"@id":"https:\/\/xceed.me\/blog\/it\/ambra-night-il-gioiello-della-notte-di-san-teodoro\/#primaryimage"},"image":{"@id":"https:\/\/xceed.me\/blog\/it\/ambra-night-il-gioiello-della-notte-di-san-teodoro\/#primaryimage"},"thumbnailUrl":"https:\/\/images.xceed.me\/blog\/wp-content\/uploads\/2019\/07\/29121359\/Ambra-Night-San-Teodoro-1.jpg","datePublished":"2019-07-01T13:53:24+00:00","dateModified":"2019-07-01T17:47:08+00:00","author":{"@id":""},"description":"L'Ambra Night a far ballare una delle spiagge pi\u00f9 belle del Mediterraneo con una programmazione incredibile pronta a soddisfare tutti i gusti.","breadcrumb":{"@id":"https:\/\/xceed.me\/blog\/it\/ambra-night-il-gioiello-della-notte-di-san-teodoro\/#breadcrumb"},"inLanguage":"en-US","potentialAction":[{"@type":"ReadAction","target":["https:\/\/xceed.me\/blog\/it\/ambra-night-il-gioiello-della-notte-di-san-teodoro\/"]}]},{"@type":"ImageObject","inLanguage":"en-US","@id":"https:\/\/xceed.me\/blog\/it\/ambra-night-il-gioiello-della-notte-di-san-teodoro\/#primaryimage","url":"https:\/\/images.xceed.me\/blog\/wp-content\/uploads\/2019\/07\/29121359\/Ambra-Night-San-Teodoro-1.jpg","contentUrl":"https:\/\/images.xceed.me\/blog\/wp-content\/uploads\/2019\/07\/29121359\/Ambra-Night-San-Teodoro-1.jpg","width":1000,"height":600,"caption":"Ambra Night San Teodoro"},{"@type":"BreadcrumbList","@id":"https:\/\/xceed.me\/blog\/it\/ambra-night-il-gioiello-della-notte-di-san-teodoro\/#breadcrumb","itemListElement":[{"@type":"ListItem","position":1,"name":"Home","item":"https:\/\/xceed.me\/blog\/en\/"},{"@type":"ListItem","position":2,"name":"Ambra Night: il gioiello della notte di San Teodoro"}]},{"@type":"WebSite","@id":"https:\/\/xceed.me\/blog\/#website","url":"https:\/\/xceed.me\/blog\/","name":"NIGHTMAG","description":"NIGHTMAG","potentialAction":[{"@type":"SearchAction","target":{"@type":"EntryPoint","urlTemplate":"https:\/\/xceed.me\/blog\/?s={search_term_string}"},"query-input":{"@type":"PropertyValueSpecification","valueRequired":true,"valueName":"search_term_string"}}],"inLanguage":"en-US"},{"@type":"Person","@id":"","url":"https:\/\/xceed.me\/blog\/author\/"}]}},"jetpack_featured_media_url":"https:\/\/images.xceed.me\/blog\/wp-content\/uploads\/2019\/07\/29121359\/Ambra-Night-San-Teodoro-1.jpg","jetpack_sharing_enabled":true,"_links":{"self":[{"href":"https:\/\/xceed.me\/blog\/wp-json\/wp\/v2\/posts\/16508","targetHints":{"allow":["GET"]}}],"collection":[{"href":"https:\/\/xceed.me\/blog\/wp-json\/wp\/v2\/posts"}],"about":[{"href":"https:\/\/xceed.me\/blog\/wp-json\/wp\/v2\/types\/post"}],"author":[{"embeddable":true,"href":"https:\/\/xceed.me\/blog\/wp-json\/wp\/v2\/users\/1"}],"replies":[{"embeddable":true,"href":"https:\/\/xceed.me\/blog\/wp-json\/wp\/v2\/comments?post=16508"}],"version-history":[{"count":10,"href":"https:\/\/xceed.me\/blog\/wp-json\/wp\/v2\/posts\/16508\/revisions"}],"predecessor-version":[{"id":16526,"href":"https:\/\/xceed.me\/blog\/wp-json\/wp\/v2\/posts\/16508\/revisions\/16526"}],"wp:featuredmedia":[{"embeddable":true,"href":"https:\/\/xceed.me\/blog\/wp-json\/wp\/v2\/media\/16524"}],"wp:attachment":[{"href":"https:\/\/xceed.me\/blog\/wp-json\/wp\/v2\/media?parent=16508"}],"wp:term":[{"taxonomy":"category","embeddable":true,"href":"https:\/\/xceed.me\/blog\/wp-json\/wp\/v2\/categories?post=16508"},{"taxonomy":"post_tag","embeddable":true,"href":"https:\/\/xceed.me\/blog\/wp-json\/wp\/v2\/tags?post=16508"}],"curies":[{"name":"wp","href":"https:\/\/api.w.org\/{rel}","templated":true}]}}