{"id":16470,"date":"2019-06-25T11:46:47","date_gmt":"2019-06-25T09:46:47","guid":{"rendered":"https:\/\/xceed.me\/blog\/?p=16470"},"modified":"2019-06-25T11:46:47","modified_gmt":"2019-06-25T09:46:47","slug":"primavera-sound-2019-el-lado-electronico-del-festival","status":"publish","type":"post","link":"https:\/\/xceed.me\/blog\/es\/primavera-sound-2019-el-lado-electronico-del-festival\/","title":{"rendered":"Objekt, Apparat y David August triunfan en el lado electr\u00f3nico de Primavera Sound"},"content":{"rendered":"<p>De todo. En <a href=\"https:\/\/www.primaverasound.es\/\" target=\"_blank\" rel=\"noopener noreferrer\">Primavera Sound<\/a> siempre pasa de todo. Durante tres d\u00edas, suceden tant\u00edsimas cosas que uno no sabe ni por d\u00f3nde empezar a resumir. La 19\u00aa edici\u00f3n del festival barcelon\u00e9s cont\u00f3 con 22 escenarios. 17 de ellos, en el Parc del F\u00f2rum. Los otros cinco, repartidos por distintos espacios de la ciudad, ofreciendo conciertos gratuitos, haciendo part\u00edcipe a toda la poblaci\u00f3n y, como ellos mismos cuentan, devolvi\u00e9ndole a <a href=\"https:\/\/xceed.me\/es\/events\/barcelona?utm_source=blog&amp;utm_medium=city&amp;utm_campaign=190625-GEN-ESP-BLOG-PRIMAVERA%20SOUND%20REVIEW\" target=\"_blank\" rel=\"noopener noreferrer\">Barcelona<\/a> todos los esfuerzos que la ciudad hace cada a\u00f1o para que el festival se celebre.<\/p>\n<p>&nbsp;<\/p>\n<div class=\"fb-video\" data-allowfullscreen=\"true\" data-href=\"https:\/\/www.facebook.com\/primaverasoundfestivals\/videos\/2218543931564357\/\" style=\"background-color: #fff; display: inline-block;\"><\/div>\n<p>&nbsp;<\/p>\n<p>Si uno ve el Aftermovie del festival (lo ten\u00e9is aqu\u00ed arriba) sin tener gran idea del contexto en el que ha sido producido, podr\u00e1, pese a ello, dilucidar m\u00ednimamente por d\u00f3nde han ido los tiros. Es una nueva era. Es una nueva generaci\u00f3n. El cambio es radical. Las tecnolog\u00edas, los procesos de creaci\u00f3n, los conceptos que se transmiten, la variedad de contenidos, la diversidad, la paridad, la equidad\u2026 Primavera Sound ha dotado a todo ello de normalidad. Ha convertido en normales cosas que nunca lo fueron, pero que siempre debieron serlo. Ahora ya todos lo sabemos de sobras. Es The New Normal.<\/p>\n<p>&nbsp;<\/p>\n<h2 id=\"rosalia-cierra-el-ciclo-un-ano-despues\"><strong>Rosal\u00eda cierra el ciclo un a\u00f1o despu\u00e9s<\/strong><\/h2>\n<p>Fue inolvidable. Era viernes 15 de junio. Ca\u00eda la noche y la multitud se agolpaba en los accesos al S\u00f3narHall. <em>El Mal Querer <\/em>estaba a\u00fan horne\u00e1ndose. S\u00f3lo conoc\u00edamos \u201cMalamente\u201d, su pista inicial, pero algo nos dec\u00eda a todos los all\u00ed presentes que ese concierto iba a marcar un antes y un despu\u00e9s. Y as\u00ed fue. Antes, <a href=\"https:\/\/lineup.primaverasound.es\/2019_artists?id=60\" target=\"_blank\" rel=\"noopener noreferrer\">Rosal\u00eda<\/a> hab\u00eda actuado ya en Primavera Sound. Fue en el Auditori Rockdelux, en una actuaci\u00f3n en la que el flamenco m\u00e1s tradicional fue el protagonista. No era ese su destino. En S\u00f3nar, un portentoso espect\u00e1culo nos desvel\u00f3 la grandeza de su nuevo disco al completo, a la par que nos mostr\u00f3 la poderosa puesta en escena y el alto impacto del mayor talento que ha parido nuestra escena musical electr\u00f3nica en el \u00faltimo lustro.<\/p>\n<p>&nbsp;<\/p>\n<div class=\"fb-video\" data-allowfullscreen=\"true\" data-href=\"https:\/\/www.facebook.com\/Xceed\/videos\/652822235194581\/\" style=\"background-color: #fff; display: inline-block;\"><\/div>\n<p>&nbsp;<\/p>\n<p>Aquello marc\u00f3 el despu\u00e9s, un despu\u00e9s que ha durado un a\u00f1o y que ha llevado a Rosal\u00eda en volandas por todo el mundo. Tal es el <em>hype <\/em>de la catalana que su nombre ya era casi un <em>must <\/em>para todos los grandes festivales del mundo, Lollapalooza y Coachella entre ellos. Algunos incluso se han cansado ya de ella. Pero, \u00bfc\u00f3mo no iba a estar en Primavera Sound? Era la gran cita del s\u00e1bado noche. Y no defraud\u00f3. Combin\u00f3 los \u00e9xitos de <em>El Mal Querer <\/em>con obras anteriores y otros <em>singles <\/em>posteriores, como \u201cCon Altura\u201d o \u201cAute Cuture\u201d, llegando al cl\u00edmax invitando a James Blake al escenario a cantar con ella \u201cBarefoot In The Park\u201d, tema producido por el brit\u00e1nico con Rosal\u00eda como voz invitada.<\/p>\n<p>&nbsp;<\/p>\n<h2 id=\"mas-electronica-que-nunca-mejor-electronica-que-nunca\"><strong>M\u00e1s electr\u00f3nica que nunca; mejor electr\u00f3nica que nunca<\/strong><\/h2>\n<p>Hemos querido abrir con Rosal\u00eda porque creemos firmemente que ha terminado el ciclo que arranc\u00f3 el a\u00f1o pasado en S\u00f3nar. En un a\u00f1o, hemos recibido un \u00e1lbum hist\u00f3rico, tres sencillos que atacan distintos terrenos del baile (siempre con dosis de talento inexplicables) y la consolidaci\u00f3n de la cantante barcelonesa como icono nacional.<\/p>\n<p>&nbsp;<\/p>\n<div class=\"fb-video\" data-allowfullscreen=\"true\" data-href=\"https:\/\/www.facebook.com\/Xceed\/videos\/1137131473162182\/\" style=\"background-color: #fff; display: inline-block;\"><\/div>\n<p>&nbsp;<\/p>\n<p>Sin embargo, todos sab\u00e9is de qu\u00e9 pie calzamos en <a href=\"https:\/\/xceed.me\/blog\/es\/?utm_source=blog&amp;utm_medium=home&amp;utm_campaign=190625-GEN-ESP-BLOG-PRIMAVERA%20SOUND%20REVIEW\" target=\"_blank\" rel=\"noopener noreferrer\">Xceed<\/a>: nos gusta la electr\u00f3nica, especialmente los g\u00e9neros de baile m\u00e1s propios del <em>clubbing <\/em>(no hay que olvidar que la m\u00fasica de El Guincho -productor de Rosal\u00eda- es tambi\u00e9n electr\u00f3nica). En Primavera Sound 2019, hubo m\u00e1s m\u00fasica electr\u00f3nica que nunca. Un a\u00f1o m\u00e1s, al otro lado del puente contamos con Primavera Bits, la zona m\u00e1s festiva y canalla del festival, en la que el Desperados Cube, el escenario Lotus, el Xiringuito Aperol y la cancha El Punto reun\u00edan a una largu\u00edsima lista de DJs y live performers que iban desde el ambient o el experimental hasta el acid techno o el trance, dando la bienvenida tambi\u00e9n al sonido urbano.<\/p>\n<p>&nbsp;<\/p>\n<h2 id=\"lotus-hogar-de-dioses\"><strong>Lotus, hogar de dioses<\/strong><\/h2>\n<p>Literalmente, el \u00faltimo escenario. El m\u00e1s alejado de los accesos al festival. Literalmente, sobre la playa. Bailando sobre la arena. As\u00ed es c\u00f3mo nos ve\u00edan desde el escenario aut\u00e9nticos dioses de la electr\u00f3nica. Avalon Emerson, Agoria, Richie Hawtin, Marie Davidson, Sophie y Maribou State (por nombrar algunos) pasaron por all\u00ed. Pero, por encima de todxs ellxs, dos tipos (bueno, en realidad, tres) que conquistaron nuestros o\u00eddos: David August y Objekt.<\/p>\n<p>&nbsp;<\/p>\n<div class=\"fb-video\" data-allowfullscreen=\"true\" data-href=\"https:\/\/www.facebook.com\/Xceed\/videos\/2218358128259346\/\" style=\"background-color: #fff; display: inline-block;\"><\/div>\n<p>&nbsp;<\/p>\n<p>A <a href=\"https:\/\/xceed.me\/es\/artist\/david-august?utm_source=blog&amp;utm_medium=artist&amp;utm_campaign=190625-GEN-ESP-BLOG-PRIMAVERA%20SOUND%20REVIEW\" target=\"_blank\" rel=\"noopener noreferrer\">David August<\/a> le segu\u00edamos la pista desde hace a\u00f1os. Concretamente, desde que se atreviera a editar la m\u00fasica de Kollektiv Turmstrasse y diera al mundo una versi\u00f3n del \u201cLast Day\u201d tan bella como intensa. Lejos de ese estilo queda la versi\u00f3n que interpret\u00f3 en directo en Primavera Sound: una versi\u00f3n impregnada de techno, bass y contundencia. David August traz\u00f3 ascensos y descensos durante su actuaci\u00f3n. Nos hizo bailar mucho m\u00e1s de lo esperado, pero a su vez consigui\u00f3 que cerr\u00e1ramos los ojos para tratar de visualizar los mundos en los que compone su m\u00fasica. El virtuoso compositor alem\u00e1n se llev\u00f3 una de las mayores ovaciones del fin de semana.<\/p>\n<p>&nbsp;<\/p>\n<div class=\"fb-video\" data-allowfullscreen=\"true\" data-href=\"https:\/\/www.facebook.com\/Xceed\/videos\/610302179373419\/\" style=\"background-color: #fff; display: inline-block;\"><\/div>\n<p>&nbsp;<\/p>\n<p>Aunque la mayor de todas (al menos de cuantas dimos nosotros) fue para <a href=\"https:\/\/xceed.me\/es\/artist\/objekt?utm_source=blog&amp;utm_medium=artist&amp;utm_campaign=190625-GEN-ESP-BLOG-PRIMAVERA%20SOUND%20REVIEW\" target=\"_blank\" rel=\"noopener noreferrer\">Objekt<\/a>. Sus sesiones como DJ son recurrentes en festivales de m\u00fasica puntera y avanzada. No fue de extra\u00f1ar que, en la noche del jueves, ya fuera uno de los primeros en llenar el Ray-Ban Studios (hablaremos de ese escenario m\u00e1s adelante). Pero lo del viernes era algo mucho mayor. Junto al artista visual Ezra Miller, Objekt ha estado trabajando en un <em>live show <\/em>que est\u00e1 viendo la luz por primera vez este verano en varios (no muchos) festivales europeos. Durante la investigaci\u00f3n a trav\u00e9s de un mundo en llamas, Objekt hizo lo que mejor sabe: tejer una cortina de atm\u00f3sferas ambient con rugosidades noise, <em>breaks<\/em>, sonidos \u00e1cidos, experimentos ruidosos y personalidad IDM. La actuaci\u00f3n, de elegancia extrema, sobrepas\u00f3 toda expectativa y abrum\u00f3 nuestros sentidos. El <em>live <\/em>de Objekt fue lo mejor que vimos en Primavera Sound 2019.<\/p>\n<p>&nbsp;<\/p>\n<h2 id=\"la-magia-de-apparat-y-del-rockdelux\"><strong>La magia de Apparat\u2026 y del Rockdelux<\/strong><\/h2>\n<p>Jueves. Pasaban pocos minutos de las ocho de la tarde. Y empez\u00e1bamos el Primavera Sound sentados en el Rockdelux, uno de los auditorios m\u00e1s bellos de Barcelona. Ante un silencio sepulcral, <a href=\"https:\/\/xceed.me\/es\/artist\/apparat?utm_source=blog&amp;utm_medium=artist&amp;utm_campaign=190625-GEN-ESP-BLOG-PRIMAVERA%20SOUND%20REVIEW\" target=\"_blank\" rel=\"noopener noreferrer\">Apparat<\/a> en formato <em>live band <\/em>hicieron que arranc\u00e1ramos nuestra marat\u00f3n conmovidos, emocionados. Una sutil iluminaci\u00f3n logr\u00f3 hechizar a la audiencia y, ante los cantos preciosistas del compositor alem\u00e1n, no tuvimos m\u00e1s opci\u00f3n que rendirnos y negar con la cabeza ante tanto talento.<\/p>\n<p>&nbsp;<\/p>\n<div class=\"fb-video\" data-allowfullscreen=\"true\" data-href=\"https:\/\/www.facebook.com\/Xceed\/videos\/2561532343878436\/\" style=\"background-color: #fff; display: inline-block;\"><\/div>\n<p>&nbsp;<\/p>\n<p>All\u00ed mismo, en el Rockdelux, tambi\u00e9n en condiciones inmejorables, disfrutamos el s\u00e1bado del directo de Caterina Barbieri. Ella es una de las mayores dominadoras del g\u00e9nero ambient, una propuesta que construye basada en sintetizadores modulares exprimidos hasta l\u00edmites que uno jam\u00e1s podr\u00eda asociar a este estilo. Barbieri es otra de esas artistas que frecuente los festivales vanguardistas. Verla en un lugar como el Rockdelux fue, sin embargo, una experiencia dif\u00edcil de superar.<\/p>\n<p>&nbsp;<\/p>\n<h2 id=\"asimilando-el-recital-de-overmono\"><strong>Asimilando el recital de Overmono<\/strong><\/h2>\n<p>Tal vez os resulten m\u00e1s familiares los alias Tessela y Truss. O tal vez no\u2026. Son grandes en la escena del Reino Unido. J\u00f3venes capaces de hacer que los ritmos rotos acompa\u00f1en, acompasados, a la m\u00fasica house, techno, trance o lo que les venga en gana sin que nada chirr\u00ede. Son hermanos (es algo bonito, \u00bfno?) y juntos forman <a href=\"https:\/\/xceed.me\/es\/artist\/overmono?utm_source=blog&amp;utm_medium=artist&amp;utm_campaign=190625-GEN-ESP-BLOG-PRIMAVERA%20SOUND%20REVIEW\" target=\"_blank\" rel=\"noopener noreferrer\">Overmono<\/a> o, lo que es lo mismo, un abrumador directo en el que no hay respiro, no hay pausa, no hay compasi\u00f3n.<\/p>\n<p>&nbsp;<\/p>\n<div class=\"fb-video\" data-allowfullscreen=\"true\" data-href=\"https:\/\/www.facebook.com\/Xceed\/videos\/706757209760721\/\" style=\"background-color: #fff; display: inline-block;\"><\/div>\n<p>&nbsp;<\/p>\n<p>Su actuaci\u00f3n tuvo lugar en el Ray-Ban Studios, un coqueto espacio escondido en un parking, iluminado por focos rojos, sonorizado desde las esquinas exteriores y con el artista colocado en el centro de la pista. Lo que vendr\u00eda siendo una boiler de toda la vida. Llama la atenci\u00f3n que las propuestas m\u00e1s experimentales, rotas y underground de la electr\u00f3nica de baile y de clubbing tuvieran lugar all\u00ed, y no en el Bits. S\u00f3lo por ver el lugar ya val\u00eda la pena asomarse. Pero es que, de regalo, con Overmono nos llevamos otra de las mejores actuaciones del festival.<\/p>\n<p>&nbsp;<\/p>\n<h2 id=\"una-de-cal-y-varias-de-arena-en-el-ray-ban\"><strong>Una de cal y varias de arena en el Ray-Ban<\/strong><\/h2>\n<p>\u00bfCu\u00e1l es la buena: la arena o la cal? En cualquier caso, en el Ray-Ban (gran escenario situado al pie del gran anfiteatro del Parc del F\u00f2rum) nos llevamos algunas de las mayores decepciones del festival. Es el escenario de horario m\u00e1s extendido (hasta las 06h) y, por ende, el encargado de cerrar. Concedieron ese honor a Nina Kraviz, el jueves, y a Peggy Gou, el viernes. Ambas sesiones fueron m\u00e1s bien planas, de poco contenido emocional, incluso previsibles. Y, en el caso de Nina, con ciertas t\u00e9cnicas de mezcla que, por no entrar en debates, dieron de qu\u00e9 hablar (eso de que el contratempo lo hace a prop\u00f3sito parece cuestionable).<\/p>\n<p>&nbsp;<\/p>\n<div class=\"fb-video\" data-allowfullscreen=\"true\" data-href=\"https:\/\/www.facebook.com\/Xceed\/videos\/344522926102830\/\" style=\"background-color: #fff; display: inline-block;\"><\/div>\n<p>&nbsp;<\/p>\n<p>Afortunadamente, pudimos llevarnos un buen sabor de boca en la jornada final. Antes de que las legendarias selectoras locales DJ Rosario y Sama Yax clausuraran este gran 19\u00ba aniversario, pudimos reventarnos los tobillos con el d\u00fao alem\u00e1n <a href=\"https:\/\/xceed.me\/es\/artist\/modeselektor-dj-set?utm_source=blog&amp;utm_medium=artist&amp;utm_campaign=190625-GEN-ESP-BLOG-PRIMAVERA%20SOUND%20REVIEW\" target=\"_blank\" rel=\"noopener noreferrer\">Modeselektor<\/a>. Sab\u00edan que la gente estaba cansada y que s\u00f3lo ten\u00edan un camino al \u00e9xito: repartir cera de principio a fin. Con ellos pudimos poner el broche de oro a una edici\u00f3n de Primavera Sound en la que descubrimos m\u00e1s que nunca, variamos estilos m\u00e1s que nunca, abrimos fronteras m\u00e1s que nunca y, en definitiva, mezclamos (m\u00fasica, razas, orientaciones, opiniones, gustos, caminos, preferencias y selecciones) m\u00e1s que nunca. \u00bfNo es acaso este el camino hacia un mundo mejor?<\/p>\n<p><span style=\"font-size: 8pt;\">(Imagen de Portada: \u00a9 Dani Cant\u00f3)<\/span><\/p>\n","protected":false},"excerpt":{"rendered":"El formato live gana protagonismo con Modeselektor, Caterina Barbieri y Overmono mientras Rosal\u00eda se instaura como icono nacional\n","protected":false},"author":1,"featured_media":16479,"comment_status":"closed","ping_status":"closed","sticky":false,"template":"","format":"standard","meta":{"_acf_changed":false,"_monsterinsights_skip_tracking":false,"_monsterinsights_sitenote_active":false,"_monsterinsights_sitenote_note":"","_monsterinsights_sitenote_category":0,"csco_singular_sidebar":"","csco_page_header_type":"","csco_page_load_nextpost":"","csco_post_video_location":[],"csco_post_video_url":"","csco_post_video_bg_start_time":0,"csco_post_video_bg_end_time":0,"_jetpack_memberships_contains_paid_content":false,"footnotes":""},"categories":[822,411,125],"tags":[917,5283,888,900],"class_list":{"0":"post-16470","1":"post","2":"type-post","3":"status-publish","4":"format-standard","5":"has-post-thumbnail","7":"category-barcelona-es","8":"category-culture-es","9":"category-musica","10":"tag-barcelona-es","11":"tag-cronicas","12":"tag-festivales","13":"tag-primavera-sound","14":"cs-entry","15":"cs-video-wrap"},"acf":[],"yoast_head":"<!-- This site is optimized with the Yoast SEO plugin v27.3 - https:\/\/yoast.com\/product\/yoast-seo-wordpress\/ -->\n<title>Primavera Sound 2019: el lado electr\u00f3nico del festival - NIGHTMAG<\/title>\n<meta name=\"description\" content=\"Alegr\u00edas, sorpresas y decepciones a partes iguales. Os ense\u00f1amos los mejores momentos del lado electr\u00f3nico de Primavera Sound.\" \/>\n<meta name=\"robots\" content=\"index, follow, max-snippet:-1, max-image-preview:large, max-video-preview:-1\" \/>\n<link rel=\"canonical\" href=\"https:\/\/xceed.me\/blog\/es\/primavera-sound-2019-el-lado-electronico-del-festival\/\" \/>\n<meta property=\"og:locale\" content=\"en_US\" \/>\n<meta property=\"og:type\" content=\"article\" \/>\n<meta property=\"og:title\" content=\"(V\u00cdDEOS) Primavera Sound: lo mejor (y lo peor) en materia de electr\u00f3nica\" \/>\n<meta property=\"og:description\" content=\"Grandes nombres que decepcionaron y otros que se coronaron. Os lo ense\u00f1amos.\" \/>\n<meta property=\"og:url\" content=\"https:\/\/xceed.me\/blog\/es\/primavera-sound-2019-el-lado-electronico-del-festival\/\" \/>\n<meta property=\"og:site_name\" content=\"NIGHTMAG\" \/>\n<meta property=\"article:publisher\" content=\"https:\/\/www.facebook.com\/Xceed\/\" \/>\n<meta property=\"article:published_time\" content=\"2019-06-25T09:46:47+00:00\" \/>\n<meta property=\"og:image\" content=\"https:\/\/images.xceed.me\/blog\/wp-content\/uploads\/2019\/06\/29121402\/richie-hawtin-close-at-primavera-sound.jpg\" \/>\n\t<meta property=\"og:image:width\" content=\"1000\" \/>\n\t<meta property=\"og:image:height\" content=\"600\" \/>\n\t<meta property=\"og:image:type\" content=\"image\/jpeg\" \/>\n<meta name=\"twitter:card\" content=\"summary_large_image\" \/>\n<meta name=\"twitter:title\" content=\"(V\u00cdDEOS) Primavera Sound: lo mejor (y lo peor) en materia de electr\u00f3nica\" \/>\n<meta name=\"twitter:description\" content=\"Grandes nombres que decepcionaron y otros que se coronaron. Os lo ense\u00f1amos.\" \/>\n<meta name=\"twitter:creator\" content=\"@Xceed_World\" \/>\n<meta name=\"twitter:site\" content=\"@Xceed_World\" \/>\n<meta name=\"twitter:label1\" content=\"Written by\" \/>\n\t<meta name=\"twitter:data1\" content=\"\" \/>\n\t<meta name=\"twitter:label2\" content=\"Est. reading time\" \/>\n\t<meta name=\"twitter:data2\" content=\"9 minutes\" \/>\n<script type=\"application\/ld+json\" class=\"yoast-schema-graph\">{\"@context\":\"https:\\\/\\\/schema.org\",\"@graph\":[{\"@type\":\"Article\",\"@id\":\"https:\\\/\\\/xceed.me\\\/blog\\\/es\\\/primavera-sound-2019-el-lado-electronico-del-festival\\\/#article\",\"isPartOf\":{\"@id\":\"https:\\\/\\\/xceed.me\\\/blog\\\/es\\\/primavera-sound-2019-el-lado-electronico-del-festival\\\/\"},\"author\":{\"name\":\"\",\"@id\":\"\"},\"headline\":\"Objekt, Apparat y David August triunfan en el lado electr\u00f3nico de Primavera Sound\",\"datePublished\":\"2019-06-25T09:46:47+00:00\",\"mainEntityOfPage\":{\"@id\":\"https:\\\/\\\/xceed.me\\\/blog\\\/es\\\/primavera-sound-2019-el-lado-electronico-del-festival\\\/\"},\"wordCount\":1752,\"image\":{\"@id\":\"https:\\\/\\\/xceed.me\\\/blog\\\/es\\\/primavera-sound-2019-el-lado-electronico-del-festival\\\/#primaryimage\"},\"thumbnailUrl\":\"https:\\\/\\\/images.xceed.me\\\/blog\\\/wp-content\\\/uploads\\\/2019\\\/06\\\/29121402\\\/richie-hawtin-close-at-primavera-sound.jpg\",\"keywords\":[\"Barcelona\",\"cronicas\",\"festivales\",\"Primavera sound\"],\"articleSection\":[\"#Barcelona\",\"#Cultura\",\"#M\u00fasica\"],\"inLanguage\":\"en-US\"},{\"@type\":\"WebPage\",\"@id\":\"https:\\\/\\\/xceed.me\\\/blog\\\/es\\\/primavera-sound-2019-el-lado-electronico-del-festival\\\/\",\"url\":\"https:\\\/\\\/xceed.me\\\/blog\\\/es\\\/primavera-sound-2019-el-lado-electronico-del-festival\\\/\",\"name\":\"Primavera Sound 2019: el lado electr\u00f3nico del festival - NIGHTMAG\",\"isPartOf\":{\"@id\":\"https:\\\/\\\/xceed.me\\\/blog\\\/#website\"},\"primaryImageOfPage\":{\"@id\":\"https:\\\/\\\/xceed.me\\\/blog\\\/es\\\/primavera-sound-2019-el-lado-electronico-del-festival\\\/#primaryimage\"},\"image\":{\"@id\":\"https:\\\/\\\/xceed.me\\\/blog\\\/es\\\/primavera-sound-2019-el-lado-electronico-del-festival\\\/#primaryimage\"},\"thumbnailUrl\":\"https:\\\/\\\/images.xceed.me\\\/blog\\\/wp-content\\\/uploads\\\/2019\\\/06\\\/29121402\\\/richie-hawtin-close-at-primavera-sound.jpg\",\"datePublished\":\"2019-06-25T09:46:47+00:00\",\"author\":{\"@id\":\"\"},\"description\":\"Alegr\u00edas, sorpresas y decepciones a partes iguales. Os ense\u00f1amos los mejores momentos del lado electr\u00f3nico de Primavera Sound.\",\"breadcrumb\":{\"@id\":\"https:\\\/\\\/xceed.me\\\/blog\\\/es\\\/primavera-sound-2019-el-lado-electronico-del-festival\\\/#breadcrumb\"},\"inLanguage\":\"en-US\",\"potentialAction\":[{\"@type\":\"ReadAction\",\"target\":[\"https:\\\/\\\/xceed.me\\\/blog\\\/es\\\/primavera-sound-2019-el-lado-electronico-del-festival\\\/\"]}]},{\"@type\":\"ImageObject\",\"inLanguage\":\"en-US\",\"@id\":\"https:\\\/\\\/xceed.me\\\/blog\\\/es\\\/primavera-sound-2019-el-lado-electronico-del-festival\\\/#primaryimage\",\"url\":\"https:\\\/\\\/images.xceed.me\\\/blog\\\/wp-content\\\/uploads\\\/2019\\\/06\\\/29121402\\\/richie-hawtin-close-at-primavera-sound.jpg\",\"contentUrl\":\"https:\\\/\\\/images.xceed.me\\\/blog\\\/wp-content\\\/uploads\\\/2019\\\/06\\\/29121402\\\/richie-hawtin-close-at-primavera-sound.jpg\",\"width\":1000,\"height\":600,\"caption\":\"richie hawtin close at primavera sound\"},{\"@type\":\"BreadcrumbList\",\"@id\":\"https:\\\/\\\/xceed.me\\\/blog\\\/es\\\/primavera-sound-2019-el-lado-electronico-del-festival\\\/#breadcrumb\",\"itemListElement\":[{\"@type\":\"ListItem\",\"position\":1,\"name\":\"Home\",\"item\":\"https:\\\/\\\/xceed.me\\\/blog\\\/en\\\/\"},{\"@type\":\"ListItem\",\"position\":2,\"name\":\"Objekt, Apparat y David August triunfan en el lado electr\u00f3nico de Primavera Sound\"}]},{\"@type\":\"WebSite\",\"@id\":\"https:\\\/\\\/xceed.me\\\/blog\\\/#website\",\"url\":\"https:\\\/\\\/xceed.me\\\/blog\\\/\",\"name\":\"NIGHTMAG\",\"description\":\"NIGHTMAG\",\"potentialAction\":[{\"@type\":\"SearchAction\",\"target\":{\"@type\":\"EntryPoint\",\"urlTemplate\":\"https:\\\/\\\/xceed.me\\\/blog\\\/?s={search_term_string}\"},\"query-input\":{\"@type\":\"PropertyValueSpecification\",\"valueRequired\":true,\"valueName\":\"search_term_string\"}}],\"inLanguage\":\"en-US\"},{\"@type\":\"Person\",\"@id\":\"\",\"url\":\"https:\\\/\\\/xceed.me\\\/blog\\\/author\\\/\"}]}<\/script>\n<!-- \/ Yoast SEO plugin. -->","yoast_head_json":{"title":"Primavera Sound 2019: el lado electr\u00f3nico del festival - NIGHTMAG","description":"Alegr\u00edas, sorpresas y decepciones a partes iguales. Os ense\u00f1amos los mejores momentos del lado electr\u00f3nico de Primavera Sound.","robots":{"index":"index","follow":"follow","max-snippet":"max-snippet:-1","max-image-preview":"max-image-preview:large","max-video-preview":"max-video-preview:-1"},"canonical":"https:\/\/xceed.me\/blog\/es\/primavera-sound-2019-el-lado-electronico-del-festival\/","og_locale":"en_US","og_type":"article","og_title":"(V\u00cdDEOS) Primavera Sound: lo mejor (y lo peor) en materia de electr\u00f3nica","og_description":"Grandes nombres que decepcionaron y otros que se coronaron. Os lo ense\u00f1amos.","og_url":"https:\/\/xceed.me\/blog\/es\/primavera-sound-2019-el-lado-electronico-del-festival\/","og_site_name":"NIGHTMAG","article_publisher":"https:\/\/www.facebook.com\/Xceed\/","article_published_time":"2019-06-25T09:46:47+00:00","og_image":[{"width":1000,"height":600,"url":"https:\/\/images.xceed.me\/blog\/wp-content\/uploads\/2019\/06\/29121402\/richie-hawtin-close-at-primavera-sound.jpg","type":"image\/jpeg"}],"twitter_card":"summary_large_image","twitter_title":"(V\u00cdDEOS) Primavera Sound: lo mejor (y lo peor) en materia de electr\u00f3nica","twitter_description":"Grandes nombres que decepcionaron y otros que se coronaron. Os lo ense\u00f1amos.","twitter_creator":"@Xceed_World","twitter_site":"@Xceed_World","twitter_misc":{"Written by":"","Est. reading time":"9 minutes"},"schema":{"@context":"https:\/\/schema.org","@graph":[{"@type":"Article","@id":"https:\/\/xceed.me\/blog\/es\/primavera-sound-2019-el-lado-electronico-del-festival\/#article","isPartOf":{"@id":"https:\/\/xceed.me\/blog\/es\/primavera-sound-2019-el-lado-electronico-del-festival\/"},"author":{"name":"","@id":""},"headline":"Objekt, Apparat y David August triunfan en el lado electr\u00f3nico de Primavera Sound","datePublished":"2019-06-25T09:46:47+00:00","mainEntityOfPage":{"@id":"https:\/\/xceed.me\/blog\/es\/primavera-sound-2019-el-lado-electronico-del-festival\/"},"wordCount":1752,"image":{"@id":"https:\/\/xceed.me\/blog\/es\/primavera-sound-2019-el-lado-electronico-del-festival\/#primaryimage"},"thumbnailUrl":"https:\/\/images.xceed.me\/blog\/wp-content\/uploads\/2019\/06\/29121402\/richie-hawtin-close-at-primavera-sound.jpg","keywords":["Barcelona","cronicas","festivales","Primavera sound"],"articleSection":["#Barcelona","#Cultura","#M\u00fasica"],"inLanguage":"en-US"},{"@type":"WebPage","@id":"https:\/\/xceed.me\/blog\/es\/primavera-sound-2019-el-lado-electronico-del-festival\/","url":"https:\/\/xceed.me\/blog\/es\/primavera-sound-2019-el-lado-electronico-del-festival\/","name":"Primavera Sound 2019: el lado electr\u00f3nico del festival - NIGHTMAG","isPartOf":{"@id":"https:\/\/xceed.me\/blog\/#website"},"primaryImageOfPage":{"@id":"https:\/\/xceed.me\/blog\/es\/primavera-sound-2019-el-lado-electronico-del-festival\/#primaryimage"},"image":{"@id":"https:\/\/xceed.me\/blog\/es\/primavera-sound-2019-el-lado-electronico-del-festival\/#primaryimage"},"thumbnailUrl":"https:\/\/images.xceed.me\/blog\/wp-content\/uploads\/2019\/06\/29121402\/richie-hawtin-close-at-primavera-sound.jpg","datePublished":"2019-06-25T09:46:47+00:00","author":{"@id":""},"description":"Alegr\u00edas, sorpresas y decepciones a partes iguales. Os ense\u00f1amos los mejores momentos del lado electr\u00f3nico de Primavera Sound.","breadcrumb":{"@id":"https:\/\/xceed.me\/blog\/es\/primavera-sound-2019-el-lado-electronico-del-festival\/#breadcrumb"},"inLanguage":"en-US","potentialAction":[{"@type":"ReadAction","target":["https:\/\/xceed.me\/blog\/es\/primavera-sound-2019-el-lado-electronico-del-festival\/"]}]},{"@type":"ImageObject","inLanguage":"en-US","@id":"https:\/\/xceed.me\/blog\/es\/primavera-sound-2019-el-lado-electronico-del-festival\/#primaryimage","url":"https:\/\/images.xceed.me\/blog\/wp-content\/uploads\/2019\/06\/29121402\/richie-hawtin-close-at-primavera-sound.jpg","contentUrl":"https:\/\/images.xceed.me\/blog\/wp-content\/uploads\/2019\/06\/29121402\/richie-hawtin-close-at-primavera-sound.jpg","width":1000,"height":600,"caption":"richie hawtin close at primavera sound"},{"@type":"BreadcrumbList","@id":"https:\/\/xceed.me\/blog\/es\/primavera-sound-2019-el-lado-electronico-del-festival\/#breadcrumb","itemListElement":[{"@type":"ListItem","position":1,"name":"Home","item":"https:\/\/xceed.me\/blog\/en\/"},{"@type":"ListItem","position":2,"name":"Objekt, Apparat y David August triunfan en el lado electr\u00f3nico de Primavera Sound"}]},{"@type":"WebSite","@id":"https:\/\/xceed.me\/blog\/#website","url":"https:\/\/xceed.me\/blog\/","name":"NIGHTMAG","description":"NIGHTMAG","potentialAction":[{"@type":"SearchAction","target":{"@type":"EntryPoint","urlTemplate":"https:\/\/xceed.me\/blog\/?s={search_term_string}"},"query-input":{"@type":"PropertyValueSpecification","valueRequired":true,"valueName":"search_term_string"}}],"inLanguage":"en-US"},{"@type":"Person","@id":"","url":"https:\/\/xceed.me\/blog\/author\/"}]}},"jetpack_featured_media_url":"https:\/\/images.xceed.me\/blog\/wp-content\/uploads\/2019\/06\/29121402\/richie-hawtin-close-at-primavera-sound.jpg","jetpack_sharing_enabled":true,"_links":{"self":[{"href":"https:\/\/xceed.me\/blog\/wp-json\/wp\/v2\/posts\/16470","targetHints":{"allow":["GET"]}}],"collection":[{"href":"https:\/\/xceed.me\/blog\/wp-json\/wp\/v2\/posts"}],"about":[{"href":"https:\/\/xceed.me\/blog\/wp-json\/wp\/v2\/types\/post"}],"author":[{"embeddable":true,"href":"https:\/\/xceed.me\/blog\/wp-json\/wp\/v2\/users\/1"}],"replies":[{"embeddable":true,"href":"https:\/\/xceed.me\/blog\/wp-json\/wp\/v2\/comments?post=16470"}],"version-history":[{"count":3,"href":"https:\/\/xceed.me\/blog\/wp-json\/wp\/v2\/posts\/16470\/revisions"}],"predecessor-version":[{"id":16482,"href":"https:\/\/xceed.me\/blog\/wp-json\/wp\/v2\/posts\/16470\/revisions\/16482"}],"wp:featuredmedia":[{"embeddable":true,"href":"https:\/\/xceed.me\/blog\/wp-json\/wp\/v2\/media\/16479"}],"wp:attachment":[{"href":"https:\/\/xceed.me\/blog\/wp-json\/wp\/v2\/media?parent=16470"}],"wp:term":[{"taxonomy":"category","embeddable":true,"href":"https:\/\/xceed.me\/blog\/wp-json\/wp\/v2\/categories?post=16470"},{"taxonomy":"post_tag","embeddable":true,"href":"https:\/\/xceed.me\/blog\/wp-json\/wp\/v2\/tags?post=16470"}],"curies":[{"name":"wp","href":"https:\/\/api.w.org\/{rel}","templated":true}]}}