{"id":13405,"date":"2018-06-19T18:22:42","date_gmt":"2018-06-19T16:22:42","guid":{"rendered":"https:\/\/xceed.me\/blog\/?p=13405"},"modified":"2023-05-12T13:22:24","modified_gmt":"2023-05-12T11:22:24","slug":"primavera-sound-2018-un-ano-para-el-recuerdo","status":"publish","type":"post","link":"https:\/\/xceed.me\/blog\/es\/primavera-sound-2018-un-ano-para-el-recuerdo\/","title":{"rendered":"Primavera Sound 2018: un a\u00f1o para el recuerdo"},"content":{"rendered":"<p><span style=\"font-weight: 400;\">Diversidad y emociones. As\u00ed se podr\u00eda resumir en dos palabras el festival. Primavera Sound, un certamen que naci\u00f3 en el 2001 en el Poble Espanyol. Por aquel entonces, se destinaba a unas 8.000 personas. Actualmente, re\u00fane a m\u00e1s de 200.000 almas en el <a href=\"https:\/\/xceed.me\/es\/entradas-discoteca\/barcelona\/port-forum?utm_source=blog&amp;utm_medium=venue&amp;utm_campaign=180619-BCN-ESP-BLOG-PS%20REVIEW\" target=\"_blank\" rel=\"noopener\">Parc del F\u00f2rum<\/a>. All\u00ed, se presentan docenas de artistas de larga trayectoria junto con nuevos talentos. No obstante, no fue \u00fanicamente un festival con un cartel emblem\u00e1tico, sino que, desde el lunes, se ofrec\u00edan asimismo propuestas para los profesionales de la industria musical. <\/span><\/p>\n<p><span style=\"font-weight: 400;\">En Primavera PRO, se dieron a conocer las nuevas tendencias del sector y se presentaron distintos proyectos tecnol\u00f3gicos enfocados a mejorar la experiencia tanto de artistas como de sus fans. Se presentaron multitud de showcases en un escenario gratuito, en el que actuaron artistas emergentes venidos de todo el mundo. Fue un evento de tres d\u00edas enfocado a generar nuevas conexiones y a aprender de experiencias ajenas para favorecer el crecimiento de la escena m\u00fasical. \u00a0<\/span><\/p>\n<figure id=\"attachment_13408\" aria-describedby=\"caption-attachment-13408\" style=\"width: 920px\" class=\"wp-caption alignnone\"><img loading=\"lazy\" decoding=\"async\" class=\"wp-image-13408 size-full\" src=\"https:\/\/images.xceed.me\/blog\/wp-content\/uploads\/2018\/06\/29121700\/body-2.jpg\" alt=\"\" width=\"920\" height=\"460\" \/><figcaption id=\"caption-attachment-13408\" class=\"wp-caption-text\">Imagen: \u00a9 Primavera Sound<\/figcaption><\/figure>\n<p><span style=\"font-weight: 400;\">El <a href=\"https:\/\/xceed.me\/es\/entradas-discoteca\/barcelona\/port-forum?utm_source=blog&amp;utm_medium=venue&amp;utm_campaign=180619-BCN-ESP-BLOG-PS%20REVIEW\" target=\"_blank\" rel=\"noopener\">Parc del F\u00f2rum<\/a>, sin embargo, nos estaba esperando con un atardecer de pel\u00edcula y con el sol cayendo sobre el mar. En el recinto, ingresaban miles de espectadores de distintas generaciones, de los cuales muchos iban disfrazados o con decorativos en sus caras. Todos luc\u00edan una gran sonrisa y se mostraban ansiosos por vivir la experiencia.<\/span><\/p>\n<p>&nbsp;<\/p>\n<h3 id=\"viernes\"><b>Viernes<\/b><\/h3>\n<p><span style=\"font-weight: 400;\">18 escenarios, m\u00e1s de 300 actuaciones de artistas punteros y muchos otros emergentes. Era dif\u00edcil la decisi\u00f3n: \u201c\u00bfD\u00f3nde empezamos?\u201d Muchas expectativas e ilusiones abordaban al p\u00fablico.<\/span> <span style=\"font-weight: 400;\">Como era de esperar, comenzamos con nuestra especialidad: Primavera Bits. Estamos hablando del espacio electr\u00f3nico de Primavera Sound, una zona inaugurada en 2016 y ampliada este a\u00f1o gracias a un tercer escenario: Xiringuito Aperol, encargado de inaugurar el festival en cada una de sus tres jornadas centrales en el <a href=\"https:\/\/xceed.me\/es\/entradas-discoteca\/barcelona\/port-forum?utm_source=blog&amp;utm_medium=venue&amp;utm_campaign=180619-BCN-ESP-BLOG-PS%20REVIEW\" target=\"_blank\" rel=\"noopener\">Parc del F\u00f2rum<\/a>.<\/span><\/p>\n<p><span style=\"font-weight: 400;\">De la mano del legendario <\/span><a href=\"https:\/\/xceed.me\/es\/artist\/seth-troxler?utm_source=blog&amp;utm_medium=artist&amp;utm_campaign=180619-BCN-ESP-BLOG-PS%20REVIEW\" target=\"_blank\" rel=\"noopener\"><b>Seth Troxler<\/b><\/a><span style=\"font-weight: 400;\">, comenzaba la apertura del Desperados Club, una carpa destinada a los amantes de los sonidos electr\u00f3nicos. <a href=\"https:\/\/xceed.me\/es\/artist\/seth-troxler?utm_source=blog&amp;utm_medium=artist&amp;utm_campaign=180619-BCN-ESP-BLOG-PS%20REVIEW\" target=\"_blank\" rel=\"noopener\">Seth<\/a> se centr\u00f3 en su faceta disco, provocando los primeros bailes y sonrisas con temas afroamericanos de funk y soul y desatando la locura colectiva con pistas m\u00edticas como el \u201cCandido\u201d de Jingo. Aprovechamos para darnos una vuelta por el backstage para hacerle una entrevista en exclusiva a <a href=\"https:\/\/xceed.me\/es\/artist\/seth-troxler?utm_source=blog&amp;utm_medium=artist&amp;utm_campaign=180619-BCN-ESP-BLOG-PS%20REVIEW\" target=\"_blank\" rel=\"noopener\">Seth<\/a> y nos explicaba c\u00f3mo ha dejado atr\u00e1s las bebidas alcoh\u00f3licas por una bebida caliente sudamericana a base de hierbas llamada mate. Aclaraba que lo manten\u00eda despierto mientras pinchaba y lo consideraba m\u00e1s limpio que cualquier otra bebida.<\/span><\/p>\n<figure id=\"attachment_13409\" aria-describedby=\"caption-attachment-13409\" style=\"width: 920px\" class=\"wp-caption alignnone\"><img loading=\"lazy\" decoding=\"async\" class=\"wp-image-13409 size-full\" src=\"https:\/\/images.xceed.me\/blog\/wp-content\/uploads\/2018\/06\/29121700\/body-4.jpg\" alt=\"\" width=\"920\" height=\"1226\" \/><figcaption id=\"caption-attachment-13409\" class=\"wp-caption-text\">Imagen: \u00a9 Xceed<\/figcaption><\/figure>\n<p><span style=\"font-weight: 400;\">Cae la tarde y llega el turno de la surcoreana <\/span><a href=\"https:\/\/xceed.me\/es\/artist\/peggy-gou?utm_source=blog&amp;utm_medium=artist&amp;utm_campaign=180619-BCN-ESP-BLOG-PS%20REVIEW\" target=\"_blank\" rel=\"noopener\"><b>Peggy Gou<\/b><\/a><span style=\"font-weight: 400;\">, quien se present\u00f3 con un look 100% asi\u00e1tico y se subi\u00f3 al escenario con ganas de pegarse la fiesta junto con los asistentes. La tarde va llegando a su fin de la mano de un set cargado de vocales que incitaban a todos a bailar, especialmente cuando la DJ, totalmente desatada, alzaba su zapato al cielo, provocando la misma reacci\u00f3n en un p\u00fablico entregado. <\/span><\/p>\n<p><span style=\"font-weight: 400;\">Comienza el anochecer y la cosa se iba poniendo un poco m\u00e1s rom\u00e1ntica. Nos pasamos por el escenario Apple Music, donde <\/span><b>Mogwai<\/b><span style=\"font-weight: 400;\"> sonaba fuerte con sus bandas sonoras, performando algunos temas \u00fanicamente instrumentales a base de guitarras, bajos y bater\u00eda. Se intercalaban pasajes tranquilos con pasajes m\u00e1s potentes, envolviendo a la audiencia con sonidos introspectivos, como los de \u201cI\u2019m Jim Morrison, I\u2019m dead\u201d. <\/span><\/p>\n<p><span style=\"font-weight: 400;\">Continuando con el romanticismo, los americanos <\/span><b>Cigarettes After Sex <\/b><span style=\"font-weight: 400;\">realizaban su directo dulce y melanc\u00f3lico, donde lograron ambientar el lugar y dejarlo perfecto para las parejas. Temas como \u201cK\u201d y \u201cApocalypse\u201d causaban un gran entusiasmo, cautivando al p\u00fablico con la voz suave de Greg Gonzalez. Desafortunadamente, el escenario Ray-Ban le qued\u00f3 un poco peque\u00f1o para la cantidad de gente presente en su actuaci\u00f3n. <\/span><\/p>\n<p><span style=\"font-weight: 400;\">En contrapartida, ten\u00edamos a <\/span><b>Tyler, The Creator<\/b><span style=\"font-weight: 400;\">, que aparec\u00eda solitario con un chaleco flameante en uno de los escenarios principales del festival. Abriendo con \u201cWhere This Flower Blooms\u201d, rapeaba con locura, saltando y corriendo de un lado al otro en la tarima sobre el escenario. Aunque, esta vez, el canibalismo de sus letras era un poco menor, quedaba clara su ideolog\u00eda sobre la sociedad y su atrevida personalidad. Tyler siempre sabe c\u00f3mo levantar al p\u00fablico y envolverlo con sus en\u00e9rgicas actuaciones. \u00a0<\/span><\/p>\n<figure id=\"attachment_13410\" aria-describedby=\"caption-attachment-13410\" style=\"width: 920px\" class=\"wp-caption alignnone\"><img loading=\"lazy\" decoding=\"async\" class=\"wp-image-13410 size-full\" src=\"https:\/\/images.xceed.me\/blog\/wp-content\/uploads\/2018\/06\/29121659\/body-1.jpg\" alt=\"\" width=\"920\" height=\"460\" \/><figcaption id=\"caption-attachment-13410\" class=\"wp-caption-text\">Imagen: \u00a9 Sergio Albert<\/figcaption><\/figure>\n<p><span style=\"font-weight: 400;\">En el escenario Ray-Ban, comenzaba a sonar m\u00fasica electr\u00f3nica de baile. Todo empez\u00f3 oscuro. Luego, un juego de luces apareci\u00f3, pero el escenario segu\u00eda vac\u00edo. Repentinamente, un d\u00fao formado por un hombre y una mujer vestidos de blanco sale al escenario a toda m\u00e1quina, secundado por unos bits euf\u00f3ricos. \u00bfQui\u00e9nes eran? Se trata de una banda emergente australiana llamada <\/span><b>Confidence Man<\/b><span style=\"font-weight: 400;\">. La conforman cuatro miembros. Dos de ellos (el baterista y el pianista) ocultan su rostro tras una tela negra y un sombrero. Arrancan con uno de sus temas m\u00e1s conocidos, \u201cBubblegum\u201d, tirando piruetas en el aire, bailando simult\u00e1neamente, moviendo las caderas de forma desenfrenada. Se van cambiando de vestuario, se miran al espejo mientras beben una copa de champagne antes de escupirla al p\u00fablico. De un concierto el lugar se convirti\u00f3 en una fiesta donde todos estaban invitados a bailar. Ella, sexy y determinante, conquistaba desde el escenario todas las miradas. Definitivamente, la de Confidence Man fue una de las actuaciones estrella del festival. <\/span><\/p>\n<p><span style=\"font-weight: 400;\">Terminamos la noche con <\/span><a href=\"https:\/\/xceed.me\/es\/artist\/the-black-madonna?utm_source=blog&amp;utm_medium=artist&amp;utm_campaign=180619-BCN-ESP-BLOG-PS%20REVIEW\" target=\"_blank\" rel=\"noopener\"><b>The Black Madonna<\/b><\/a><span style=\"font-weight: 400;\">, quien acapar\u00f3 a la mayor\u00eda de los supervivientes del festival gracias a su cierre marcado por su caracter\u00edstico acid house cargado de euforia. Sin embargo, nosotros no pod\u00edamos faltar a la gran cita en el Bacard\u00ed Live. Por primera vez en Espa\u00f1a, los dos miembros de <\/span><a href=\"https:\/\/xceed.me\/es\/artist\/ame?utm_source=blog&amp;utm_medium=artist&amp;utm_campaign=180619-BCN-ESP-BLOG-PS%20REVIEW\" target=\"_blank\" rel=\"noopener\"><b>\u00c2me<\/b><\/a><span style=\"font-weight: 400;\"> sub\u00edan juntos a un escenario para fusionar sus facetas de live y DJ en una actuaci\u00f3n exclusiva. Frank Wiedemann y Kristian Beyer ofrecieron un \u00e9pico repertorio, en el que las bases techno cargadas de melod\u00eda jugaron un papel protagonista.<\/span><\/p>\n<p>&nbsp;<\/p>\n<h3 id=\"sabado\"><b>S\u00e1bado<\/b><\/h3>\n<p><span style=\"font-weight: 400;\">Se afronta la \u00faltima jornada en el <a href=\"https:\/\/xceed.me\/es\/entradas-discoteca\/barcelona\/port-forum?utm_source=blog&amp;utm_medium=venue&amp;utm_campaign=180619-BCN-ESP-BLOG-PS%20REVIEW\" target=\"_blank\" rel=\"noopener\">Parc del F\u00f2rum<\/a> con los pies cansados y la suela gastada de tanto bailoteo, pero con ganas de seguir de aventura. Se asomaba la princesa rubia <\/span><b>Lykke Li<\/b><span style=\"font-weight: 400;\">, una de las grandes figuras del pop, quien comenz\u00f3 a entonar \u201cSwimming Pool\u201d, uno de sus temas principales. El escenario resaltaba con un color rojo y un juego de rostros estampados tras la artista, quien iba vestida con un atuendo de glitter negro. Su voz suave y sus cantos emocionales daban inicio al \u00faltimo d\u00eda del festival ante un p\u00fablico todav\u00eda algo t\u00edmido y poco entusiasmado.<\/span><\/p>\n<figure id=\"attachment_13413\" aria-describedby=\"caption-attachment-13413\" style=\"width: 920px\" class=\"wp-caption alignnone\"><img loading=\"lazy\" decoding=\"async\" class=\"wp-image-13413 size-full\" src=\"https:\/\/images.xceed.me\/blog\/wp-content\/uploads\/2018\/06\/29121659\/Lykke-Li02-Mango_SergioAlbert.jpg\" alt=\"\" width=\"920\" height=\"460\" \/><figcaption id=\"caption-attachment-13413\" class=\"wp-caption-text\">Imagen: \u00a9 Sergio Albert<\/figcaption><\/figure>\n<p><span style=\"font-weight: 400;\">Seguidamente, llegaba el turno de la maravillosa y reconocida <\/span><b>Lorde<\/b><span style=\"font-weight: 400;\">. Con su sencillez y su vestido celeste de ni\u00f1a, comenzaba a cantar temas m\u00edticos de su discograf\u00eda. El p\u00fablico la amaba y sus numerosos fans cantaban y bailaban sus temas de forma euf\u00f3rica, logrando una conexi\u00f3n total que pocos artistas consiguen. <\/span><\/p>\n<p><span style=\"font-weight: 400;\">El productor y m\u00fasico ingl\u00e9s <\/span><b>Jon Hopkins<\/b><span style=\"font-weight: 400;\"> actuaba de forma emblem\u00e1tica en el Bacardi Live, presentando temas de su \u00faltimo disco \u201cSingularity\u201d. Era mucho m\u00e1s que m\u00fasica. La simbiosis entre sus sonidos electr\u00f3nicos profundos, sus m\u00e1quinas y sus visuales hilvanaban un intenso mensaje que transportaba al oyente a otra dimensi\u00f3n. Vivir la m\u00fasica con todos los sentidos es lo que plantea Jon a trav\u00e9s de sus marcadas composiciones de piano, sintetizadores e im\u00e1genes. S\u00f3lo es necesario vivir una de sus actuaciones para sentir el aire especial que se respira en el ambiente. Sin duda, otra de las mejores actuaciones que ha dejado el Primavera Sound. <\/span><\/p>\n<p><b>The Warehouse<\/b><span style=\"font-weight: 400;\">, un club de electr\u00f3nica dentro del festival, fue la nueva apuesta de PS 2018. Curado por Ray-Ban y situado al lado de su propio escenario, este espacio emulaba al The Warehouse Project de Manchester. Una nueva aventura para descubrir a oscuras y dejarse llevar por sonidos inmersivos e intimidantes dispuestos por el siempre excelente sistema de sonido Bowers &amp; Wilkins. All\u00ed actuaron durante el fin de semana artistas como Mariel Ito (alias alternativo de <a href=\"https:\/\/xceed.me\/es\/artist\/maceo-plex?utm_source=blog&amp;utm_medium=artist&amp;utm_campaign=180619-BCN-ESP-BLOG-PS%20REVIEW\" target=\"_blank\" rel=\"noopener\">Maceo Plex<\/a>), Giegling o, en la \u00faltima jornada, <a href=\"https:\/\/xceed.me\/es\/artist\/evian-christ?utm_source=blog&amp;utm_medium=artist&amp;utm_campaign=180619-BCN-ESP-BLOG-PS%20REVIEW\" target=\"_blank\" rel=\"noopener\">Evian Christ<\/a>, junto con la gente de su sello, Warp Records. \u00a0<\/span><\/p>\n<p><span style=\"font-weight: 400;\">El d\u00fao electr\u00f3nico franc\u00e9s <\/span><b>The Blaze<\/b><span style=\"font-weight: 400;\"> daba forma al cierre perfecto del festival con una actuaci\u00f3n nost\u00e1lgica, melanc\u00f3lica e intensa. Sus sonidos y sus efectos visuales conformaban una ecuaci\u00f3n que somet\u00eda a los presentes, haci\u00e9ndoles experimentar su m\u00fasica y vivirla en carne propia. Sus grandes temas como \u201cTerritory\u201d o \u201cJuvenile\u201d transmit\u00edan fuertes emociones y nos hac\u00edan perder entre sus ritmos. Poco despu\u00e9s, <a href=\"https:\/\/xceed.me\/es\/artist\/dj-coco?utm_source=blog&amp;utm_medium=artist&amp;utm_campaign=180619-BCN-ESP-BLOG-PS%20REVIEW\" target=\"_blank\" rel=\"noopener\">DJ Coco<\/a> convert\u00eda el escenario en discoteca, tirando de pistas como \u201cLoose Yourself To Dance\u201d.<\/span><\/p>\n<figure id=\"attachment_13411\" aria-describedby=\"caption-attachment-13411\" style=\"width: 920px\" class=\"wp-caption alignnone\"><img loading=\"lazy\" decoding=\"async\" class=\"wp-image-13411 size-full\" src=\"https:\/\/images.xceed.me\/blog\/wp-content\/uploads\/2018\/06\/29121659\/body-3.jpg\" alt=\"\" width=\"920\" height=\"460\" \/><figcaption id=\"caption-attachment-13411\" class=\"wp-caption-text\">Imagen: \u00a9 Paco Amate<\/figcaption><\/figure>\n<p><span style=\"font-weight: 400;\">Un a\u00f1o m\u00e1s, Primavera Sound se gan\u00f3 el respeto tanto en lo musical, jugando un papel referente en la escena internacional, como en lo profesional, entreteniendo, ense\u00f1ando y abriendo nuevas perspectivas en base a una propuesta variada, diversa y transversal. Resulta imposible asistir a Primavera Sound sin descubrir nuevos g\u00e9neros y abrir nuevas fronteras en el terreno art\u00edstico.<\/span><\/p>\n<p><span style=\"font-size: 8pt;\">(Imagen de Portada:\u00a0\u00a9 Paco Amate)<\/span><\/p>\n","protected":false},"excerpt":{"rendered":"Echamos un repaso a aquellas actuaciones m\u00e1s atrevidas del festival Primavera Sound, las que rompieron con los esquemas tradicionales, las que nos abrieron nuevas fronteras y, tambi\u00e9n, las que nos dejaron con ganas de m\u00e1s\n","protected":false},"author":1,"featured_media":13406,"comment_status":"closed","ping_status":"open","sticky":false,"template":"","format":"standard","meta":{"_acf_changed":false,"_monsterinsights_skip_tracking":false,"_monsterinsights_sitenote_active":false,"_monsterinsights_sitenote_note":"","_monsterinsights_sitenote_category":0,"csco_singular_sidebar":"","csco_page_header_type":"","csco_page_load_nextpost":"","csco_post_video_location":[],"csco_post_video_url":"","csco_post_video_bg_start_time":0,"csco_post_video_bg_end_time":0,"_jetpack_memberships_contains_paid_content":false,"footnotes":""},"categories":[822,6227],"tags":[2395,2399,917,58,961,928,56,1575,1253,2397,1338,2401,900,2393,1901,70],"class_list":{"0":"post-13405","1":"post","2":"type-post","3":"status-publish","4":"format-standard","5":"has-post-thumbnail","7":"category-barcelona-es","8":"category-festivales","9":"tag-actuacion","10":"tag-ame","11":"tag-barcelona-es","12":"tag-club","13":"tag-clubbing-es","14":"tag-festival-es","15":"tag-fiesta","16":"tag-house-es","17":"tag-jon-hopkins","18":"tag-lykke-li","19":"tag-open-air","20":"tag-performance-es","21":"tag-primavera-sound","22":"tag-ps18","23":"tag-seth-troxler-es","24":"tag-techno-es","25":"cs-entry","26":"cs-video-wrap"},"acf":[],"yoast_head":"<!-- This site is optimized with the Yoast SEO plugin v27.3 - https:\/\/yoast.com\/product\/yoast-seo-wordpress\/ -->\n<title>Primavera Sound 2018: un a\u00f1o para el recuerdo - NIGHTMAG<\/title>\n<meta name=\"robots\" content=\"index, follow, max-snippet:-1, max-image-preview:large, max-video-preview:-1\" \/>\n<link rel=\"canonical\" href=\"https:\/\/xceed.me\/blog\/es\/primavera-sound-2018-un-ano-para-el-recuerdo\/\" \/>\n<meta property=\"og:locale\" content=\"en_US\" \/>\n<meta property=\"og:type\" content=\"article\" \/>\n<meta property=\"og:title\" content=\"Primavera Sound 2018: un a\u00f1o para el recuerdo - NIGHTMAG\" \/>\n<meta property=\"og:description\" content=\"Echamos un repaso a aquellas actuaciones m\u00e1s atrevidas del festival Primavera Sound, las que rompieron con los esquemas tradicionales, las que nos abrieron nuevas fronteras y, tambi\u00e9n, las que nos dejaron con ganas de m\u00e1s\" \/>\n<meta property=\"og:url\" content=\"https:\/\/xceed.me\/blog\/es\/primavera-sound-2018-un-ano-para-el-recuerdo\/\" \/>\n<meta property=\"og:site_name\" content=\"NIGHTMAG\" \/>\n<meta property=\"article:publisher\" content=\"https:\/\/www.facebook.com\/Xceed\/\" \/>\n<meta property=\"article:published_time\" content=\"2018-06-19T16:22:42+00:00\" \/>\n<meta property=\"article:modified_time\" content=\"2023-05-12T11:22:24+00:00\" \/>\n<meta property=\"og:image\" content=\"https:\/\/images.xceed.me\/blog\/wp-content\/uploads\/2018\/06\/29121700\/cover.png\" \/>\n\t<meta property=\"og:image:width\" content=\"1000\" \/>\n\t<meta property=\"og:image:height\" content=\"600\" \/>\n\t<meta property=\"og:image:type\" content=\"image\/png\" \/>\n<meta name=\"twitter:card\" content=\"summary_large_image\" \/>\n<meta name=\"twitter:creator\" content=\"@Xceed_World\" \/>\n<meta name=\"twitter:site\" content=\"@Xceed_World\" \/>\n<meta name=\"twitter:label1\" content=\"Written by\" \/>\n\t<meta name=\"twitter:data1\" content=\"\" \/>\n\t<meta name=\"twitter:label2\" content=\"Est. reading time\" \/>\n\t<meta name=\"twitter:data2\" content=\"8 minutes\" \/>\n<script type=\"application\/ld+json\" class=\"yoast-schema-graph\">{\"@context\":\"https:\\\/\\\/schema.org\",\"@graph\":[{\"@type\":\"Article\",\"@id\":\"https:\\\/\\\/xceed.me\\\/blog\\\/es\\\/primavera-sound-2018-un-ano-para-el-recuerdo\\\/#article\",\"isPartOf\":{\"@id\":\"https:\\\/\\\/xceed.me\\\/blog\\\/es\\\/primavera-sound-2018-un-ano-para-el-recuerdo\\\/\"},\"author\":{\"name\":\"\",\"@id\":\"\"},\"headline\":\"Primavera Sound 2018: un a\u00f1o para el recuerdo\",\"datePublished\":\"2018-06-19T16:22:42+00:00\",\"dateModified\":\"2023-05-12T11:22:24+00:00\",\"mainEntityOfPage\":{\"@id\":\"https:\\\/\\\/xceed.me\\\/blog\\\/es\\\/primavera-sound-2018-un-ano-para-el-recuerdo\\\/\"},\"wordCount\":1599,\"image\":{\"@id\":\"https:\\\/\\\/xceed.me\\\/blog\\\/es\\\/primavera-sound-2018-un-ano-para-el-recuerdo\\\/#primaryimage\"},\"thumbnailUrl\":\"https:\\\/\\\/images.xceed.me\\\/blog\\\/wp-content\\\/uploads\\\/2018\\\/06\\\/29121700\\\/cover.png\",\"keywords\":[\"actuacion\",\"ame\",\"Barcelona\",\"Club\",\"Clubbing\",\"festival\",\"Fiesta\",\"House\",\"Jon Hopkins\",\"lykke li\",\"open air\",\"performance\",\"Primavera sound\",\"ps18\",\"seth troxler\",\"Techno\"],\"articleSection\":[\"#Barcelona\",\"#Festivales\"],\"inLanguage\":\"en-US\"},{\"@type\":\"WebPage\",\"@id\":\"https:\\\/\\\/xceed.me\\\/blog\\\/es\\\/primavera-sound-2018-un-ano-para-el-recuerdo\\\/\",\"url\":\"https:\\\/\\\/xceed.me\\\/blog\\\/es\\\/primavera-sound-2018-un-ano-para-el-recuerdo\\\/\",\"name\":\"Primavera Sound 2018: un a\u00f1o para el recuerdo - NIGHTMAG\",\"isPartOf\":{\"@id\":\"https:\\\/\\\/xceed.me\\\/blog\\\/#website\"},\"primaryImageOfPage\":{\"@id\":\"https:\\\/\\\/xceed.me\\\/blog\\\/es\\\/primavera-sound-2018-un-ano-para-el-recuerdo\\\/#primaryimage\"},\"image\":{\"@id\":\"https:\\\/\\\/xceed.me\\\/blog\\\/es\\\/primavera-sound-2018-un-ano-para-el-recuerdo\\\/#primaryimage\"},\"thumbnailUrl\":\"https:\\\/\\\/images.xceed.me\\\/blog\\\/wp-content\\\/uploads\\\/2018\\\/06\\\/29121700\\\/cover.png\",\"datePublished\":\"2018-06-19T16:22:42+00:00\",\"dateModified\":\"2023-05-12T11:22:24+00:00\",\"author\":{\"@id\":\"\"},\"breadcrumb\":{\"@id\":\"https:\\\/\\\/xceed.me\\\/blog\\\/es\\\/primavera-sound-2018-un-ano-para-el-recuerdo\\\/#breadcrumb\"},\"inLanguage\":\"en-US\",\"potentialAction\":[{\"@type\":\"ReadAction\",\"target\":[\"https:\\\/\\\/xceed.me\\\/blog\\\/es\\\/primavera-sound-2018-un-ano-para-el-recuerdo\\\/\"]}]},{\"@type\":\"ImageObject\",\"inLanguage\":\"en-US\",\"@id\":\"https:\\\/\\\/xceed.me\\\/blog\\\/es\\\/primavera-sound-2018-un-ano-para-el-recuerdo\\\/#primaryimage\",\"url\":\"https:\\\/\\\/images.xceed.me\\\/blog\\\/wp-content\\\/uploads\\\/2018\\\/06\\\/29121700\\\/cover.png\",\"contentUrl\":\"https:\\\/\\\/images.xceed.me\\\/blog\\\/wp-content\\\/uploads\\\/2018\\\/06\\\/29121700\\\/cover.png\",\"width\":1000,\"height\":600,\"caption\":\"primavera-sound-review\"},{\"@type\":\"BreadcrumbList\",\"@id\":\"https:\\\/\\\/xceed.me\\\/blog\\\/es\\\/primavera-sound-2018-un-ano-para-el-recuerdo\\\/#breadcrumb\",\"itemListElement\":[{\"@type\":\"ListItem\",\"position\":1,\"name\":\"Home\",\"item\":\"https:\\\/\\\/xceed.me\\\/blog\\\/en\\\/\"},{\"@type\":\"ListItem\",\"position\":2,\"name\":\"Primavera Sound 2018: un a\u00f1o para el recuerdo\"}]},{\"@type\":\"WebSite\",\"@id\":\"https:\\\/\\\/xceed.me\\\/blog\\\/#website\",\"url\":\"https:\\\/\\\/xceed.me\\\/blog\\\/\",\"name\":\"NIGHTMAG\",\"description\":\"NIGHTMAG\",\"potentialAction\":[{\"@type\":\"SearchAction\",\"target\":{\"@type\":\"EntryPoint\",\"urlTemplate\":\"https:\\\/\\\/xceed.me\\\/blog\\\/?s={search_term_string}\"},\"query-input\":{\"@type\":\"PropertyValueSpecification\",\"valueRequired\":true,\"valueName\":\"search_term_string\"}}],\"inLanguage\":\"en-US\"},{\"@type\":\"Person\",\"@id\":\"\",\"url\":\"https:\\\/\\\/xceed.me\\\/blog\\\/author\\\/\"}]}<\/script>\n<!-- \/ Yoast SEO plugin. -->","yoast_head_json":{"title":"Primavera Sound 2018: un a\u00f1o para el recuerdo - NIGHTMAG","robots":{"index":"index","follow":"follow","max-snippet":"max-snippet:-1","max-image-preview":"max-image-preview:large","max-video-preview":"max-video-preview:-1"},"canonical":"https:\/\/xceed.me\/blog\/es\/primavera-sound-2018-un-ano-para-el-recuerdo\/","og_locale":"en_US","og_type":"article","og_title":"Primavera Sound 2018: un a\u00f1o para el recuerdo - NIGHTMAG","og_description":"Echamos un repaso a aquellas actuaciones m\u00e1s atrevidas del festival Primavera Sound, las que rompieron con los esquemas tradicionales, las que nos abrieron nuevas fronteras y, tambi\u00e9n, las que nos dejaron con ganas de m\u00e1s","og_url":"https:\/\/xceed.me\/blog\/es\/primavera-sound-2018-un-ano-para-el-recuerdo\/","og_site_name":"NIGHTMAG","article_publisher":"https:\/\/www.facebook.com\/Xceed\/","article_published_time":"2018-06-19T16:22:42+00:00","article_modified_time":"2023-05-12T11:22:24+00:00","og_image":[{"width":1000,"height":600,"url":"https:\/\/images.xceed.me\/blog\/wp-content\/uploads\/2018\/06\/29121700\/cover.png","type":"image\/png"}],"twitter_card":"summary_large_image","twitter_creator":"@Xceed_World","twitter_site":"@Xceed_World","twitter_misc":{"Written by":"","Est. reading time":"8 minutes"},"schema":{"@context":"https:\/\/schema.org","@graph":[{"@type":"Article","@id":"https:\/\/xceed.me\/blog\/es\/primavera-sound-2018-un-ano-para-el-recuerdo\/#article","isPartOf":{"@id":"https:\/\/xceed.me\/blog\/es\/primavera-sound-2018-un-ano-para-el-recuerdo\/"},"author":{"name":"","@id":""},"headline":"Primavera Sound 2018: un a\u00f1o para el recuerdo","datePublished":"2018-06-19T16:22:42+00:00","dateModified":"2023-05-12T11:22:24+00:00","mainEntityOfPage":{"@id":"https:\/\/xceed.me\/blog\/es\/primavera-sound-2018-un-ano-para-el-recuerdo\/"},"wordCount":1599,"image":{"@id":"https:\/\/xceed.me\/blog\/es\/primavera-sound-2018-un-ano-para-el-recuerdo\/#primaryimage"},"thumbnailUrl":"https:\/\/images.xceed.me\/blog\/wp-content\/uploads\/2018\/06\/29121700\/cover.png","keywords":["actuacion","ame","Barcelona","Club","Clubbing","festival","Fiesta","House","Jon Hopkins","lykke li","open air","performance","Primavera sound","ps18","seth troxler","Techno"],"articleSection":["#Barcelona","#Festivales"],"inLanguage":"en-US"},{"@type":"WebPage","@id":"https:\/\/xceed.me\/blog\/es\/primavera-sound-2018-un-ano-para-el-recuerdo\/","url":"https:\/\/xceed.me\/blog\/es\/primavera-sound-2018-un-ano-para-el-recuerdo\/","name":"Primavera Sound 2018: un a\u00f1o para el recuerdo - NIGHTMAG","isPartOf":{"@id":"https:\/\/xceed.me\/blog\/#website"},"primaryImageOfPage":{"@id":"https:\/\/xceed.me\/blog\/es\/primavera-sound-2018-un-ano-para-el-recuerdo\/#primaryimage"},"image":{"@id":"https:\/\/xceed.me\/blog\/es\/primavera-sound-2018-un-ano-para-el-recuerdo\/#primaryimage"},"thumbnailUrl":"https:\/\/images.xceed.me\/blog\/wp-content\/uploads\/2018\/06\/29121700\/cover.png","datePublished":"2018-06-19T16:22:42+00:00","dateModified":"2023-05-12T11:22:24+00:00","author":{"@id":""},"breadcrumb":{"@id":"https:\/\/xceed.me\/blog\/es\/primavera-sound-2018-un-ano-para-el-recuerdo\/#breadcrumb"},"inLanguage":"en-US","potentialAction":[{"@type":"ReadAction","target":["https:\/\/xceed.me\/blog\/es\/primavera-sound-2018-un-ano-para-el-recuerdo\/"]}]},{"@type":"ImageObject","inLanguage":"en-US","@id":"https:\/\/xceed.me\/blog\/es\/primavera-sound-2018-un-ano-para-el-recuerdo\/#primaryimage","url":"https:\/\/images.xceed.me\/blog\/wp-content\/uploads\/2018\/06\/29121700\/cover.png","contentUrl":"https:\/\/images.xceed.me\/blog\/wp-content\/uploads\/2018\/06\/29121700\/cover.png","width":1000,"height":600,"caption":"primavera-sound-review"},{"@type":"BreadcrumbList","@id":"https:\/\/xceed.me\/blog\/es\/primavera-sound-2018-un-ano-para-el-recuerdo\/#breadcrumb","itemListElement":[{"@type":"ListItem","position":1,"name":"Home","item":"https:\/\/xceed.me\/blog\/en\/"},{"@type":"ListItem","position":2,"name":"Primavera Sound 2018: un a\u00f1o para el recuerdo"}]},{"@type":"WebSite","@id":"https:\/\/xceed.me\/blog\/#website","url":"https:\/\/xceed.me\/blog\/","name":"NIGHTMAG","description":"NIGHTMAG","potentialAction":[{"@type":"SearchAction","target":{"@type":"EntryPoint","urlTemplate":"https:\/\/xceed.me\/blog\/?s={search_term_string}"},"query-input":{"@type":"PropertyValueSpecification","valueRequired":true,"valueName":"search_term_string"}}],"inLanguage":"en-US"},{"@type":"Person","@id":"","url":"https:\/\/xceed.me\/blog\/author\/"}]}},"jetpack_featured_media_url":"https:\/\/images.xceed.me\/blog\/wp-content\/uploads\/2018\/06\/29121700\/cover.png","jetpack_sharing_enabled":true,"_links":{"self":[{"href":"https:\/\/xceed.me\/blog\/wp-json\/wp\/v2\/posts\/13405","targetHints":{"allow":["GET"]}}],"collection":[{"href":"https:\/\/xceed.me\/blog\/wp-json\/wp\/v2\/posts"}],"about":[{"href":"https:\/\/xceed.me\/blog\/wp-json\/wp\/v2\/types\/post"}],"author":[{"embeddable":true,"href":"https:\/\/xceed.me\/blog\/wp-json\/wp\/v2\/users\/1"}],"replies":[{"embeddable":true,"href":"https:\/\/xceed.me\/blog\/wp-json\/wp\/v2\/comments?post=13405"}],"version-history":[{"count":10,"href":"https:\/\/xceed.me\/blog\/wp-json\/wp\/v2\/posts\/13405\/revisions"}],"predecessor-version":[{"id":13422,"href":"https:\/\/xceed.me\/blog\/wp-json\/wp\/v2\/posts\/13405\/revisions\/13422"}],"wp:featuredmedia":[{"embeddable":true,"href":"https:\/\/xceed.me\/blog\/wp-json\/wp\/v2\/media\/13406"}],"wp:attachment":[{"href":"https:\/\/xceed.me\/blog\/wp-json\/wp\/v2\/media?parent=13405"}],"wp:term":[{"taxonomy":"category","embeddable":true,"href":"https:\/\/xceed.me\/blog\/wp-json\/wp\/v2\/categories?post=13405"},{"taxonomy":"post_tag","embeddable":true,"href":"https:\/\/xceed.me\/blog\/wp-json\/wp\/v2\/tags?post=13405"}],"curies":[{"name":"wp","href":"https:\/\/api.w.org\/{rel}","templated":true}]}}