{"id":13364,"date":"2018-06-07T18:47:58","date_gmt":"2018-06-07T16:47:58","guid":{"rendered":"https:\/\/xceed.me\/blog\/?p=13364"},"modified":"2023-05-11T09:22:13","modified_gmt":"2023-05-11T07:22:13","slug":"el-festival-eletrico-une-naturaleza-sol-y-musica-open-air-bajo-una-apuesta-multi-estilo-que-abarca-desde-jazz-hasta-techno","status":"publish","type":"post","link":"https:\/\/xceed.me\/blog\/es\/el-festival-eletrico-une-naturaleza-sol-y-musica-open-air-bajo-una-apuesta-multi-estilo-que-abarca-desde-jazz-hasta-techno\/","title":{"rendered":"El festival El\u00e9trico une naturaleza, sol y m\u00fasica open-air bajo una apuesta multi-estilo que abarca desde jazz hasta techno"},"content":{"rendered":"<p><strong>\u201cPorto Music Experience\u201d<\/strong> es el eslogan que acompa\u00f1a a <a href=\"https:\/\/xceed.me\/es\/events\/porto\/52765\/eletrico-porto-music-experience?utm_source=blog&amp;utm_medium=event&amp;utm_campaign=180607-PO-ESP-BLOG-ELETRICO%20FESTIVAL\" target=\"_blank\" rel=\"noopener\"><strong>El\u00e9trico<\/strong><\/a>, el genuino nombre de este festival de tres d\u00edas que tendr\u00e1 lugar <strong>del 20 al 22 de julio<\/strong> en el <a href=\"https:\/\/xceed.me\/es\/entradas-discoteca\/porto\/parque-da-pasteleira?utm_source=blog&amp;utm_medium=venue&amp;utm_campaign=180607-PO-ESP-BLOG-ELETRICO%20FESTIVAL\" target=\"_blank\" rel=\"noopener\"><strong>Parque da Pasteleira<\/strong><\/a>. Y es que s\u00ed, realmente <a href=\"https:\/\/xceed.me\/es\/events\/porto\/52765\/eletrico-porto-music-experience?utm_source=blog&amp;utm_medium=event&amp;utm_campaign=180607-PO-ESP-BLOG-ELETRICO%20FESTIVAL\" target=\"_blank\" rel=\"noopener\">El\u00e9trico<\/a> ofrece una experiencia musical completa. Dos extremos tan opuestos como el jazz y el techno sirven para abrazar multitud de vertientes estil\u00edsticas, como el soul, el funk, el disco y el house. Todas ellas, disfrutables y bailables por igual.<\/p>\n<p>Es dif\u00edcil destacar tres o cuatro artistas por encima del resto (y eso que a\u00fan hay muchos por confirmar). <a href=\"https:\/\/xceed.me\/es\/events\/porto\/52765\/eletrico-porto-music-experience?utm_source=blog&amp;utm_medium=event&amp;utm_campaign=180607-PO-ESP-BLOG-ELETRICO%20FESTIVAL\" target=\"_blank\" rel=\"noopener\">El\u00e9trico<\/a> est\u00e1 cocinando un line-up de primer\u00edsimo nivel, absolutamente irresistible para cualquier amante de aquellas propuestas que reh\u00fayen de lo sencillo, de lo habitual, de lo sobradamente conocido. Los <strong>ritmos m\u00e1s underground<\/strong>, \u00e1speros y dementes de la electr\u00f3nica de baile estar\u00e1n presentes con DJs como <a href=\"https:\/\/xceed.me\/es\/artist\/nicolas-lutz?utm_source=blog&amp;utm_medium=artist&amp;utm_campaign=180607-PO-ESP-BLOG-ELETRICO%20FESTIVAL\" target=\"_blank\" rel=\"noopener\">Nicolas Lutz<\/a> o <a href=\"https:\/\/xceed.me\/es\/artist\/sonja-moonear?utm_source=blog&amp;utm_medium=artist&amp;utm_campaign=180607-PO-ESP-BLOG-ELETRICO%20FESTIVAL\" target=\"_blank\" rel=\"noopener\">Sonja Moonear<\/a>. Ambos son coleccionistas de rarezas desde hace d\u00e9cadas. Asistir a una de sus sesiones supone encadenar un hallazgo tras otro.<\/p>\n<p><iframe loading=\"lazy\" title=\"Larry Heard Presents Mr. White: The Sun Can&#039;t Compare (Long Version)\" width=\"1200\" height=\"900\" src=\"https:\/\/www.youtube.com\/embed\/tdIQTEYXDP4?feature=oembed\" frameborder=\"0\" allow=\"accelerometer; autoplay; encrypted-media; gyroscope; picture-in-picture\" allowfullscreen><\/iframe><\/p>\n<p>Aunque, si hablamos de coleccionistas, no podemos pasar por alto a <a href=\"https:\/\/xceed.me\/es\/artist\/zip?utm_source=blog&amp;utm_medium=artist&amp;utm_campaign=180607-PO-ESP-BLOG-ELETRICO%20FESTIVAL\" target=\"_blank\" rel=\"noopener\">ZIP<\/a>. Conocido tambi\u00e9n por su nombre real, Thomas Franzmann, este DJ alem\u00e1n ha sabido readaptarse con el paso de los a\u00f1os. \u00c9l fue quien fund\u00f3 el m\u00edtico sello Perlon. Pertenece a la <strong>vieja escuela de Berl\u00edn<\/strong> y acumula much\u00edsimo tiempo en la cresta de la ola. La propuesta m\u00e1s dura (100% techno) es la de <a href=\"https:\/\/xceed.me\/es\/artist\/fumiya-tanaka?utm_source=blog&amp;utm_medium=artist&amp;utm_campaign=180607-PO-ESP-BLOG-ELETRICO%20FESTIVAL\" target=\"_blank\" rel=\"noopener\">Fumiya Tanaka<\/a>. Ritmos mucho m\u00e1s envolventes y agitados llegar\u00e1n de la mano de <a href=\"https:\/\/xceed.me\/es\/artist\/rhadoo?utm_source=blog&amp;utm_medium=artist&amp;utm_campaign=180607-PO-ESP-BLOG-ELETRICO%20FESTIVAL\" target=\"_blank\" rel=\"noopener\">Rhadoo<\/a>, uno de los m\u00e1ximos exponentes del <strong>microhouse rumano<\/strong>. El desparpajo y el jolgorio vendr\u00e1n con el <strong>house<\/strong> de artistas como <a href=\"https:\/\/xceed.me\/es\/artist\/peggy-gou?utm_source=blog&amp;utm_medium=artist&amp;utm_campaign=180607-PO-ESP-BLOG-ELETRICO%20FESTIVAL\" target=\"_blank\" rel=\"noopener\">Peggy Gou<\/a>, <a href=\"https:\/\/xceed.me\/es\/artist\/call-super?utm_source=blog&amp;utm_medium=artist&amp;utm_campaign=180607-PO-ESP-BLOG-ELETRICO%20FESTIVAL\" target=\"_blank\" rel=\"noopener\">Call Super<\/a> y <a href=\"https:\/\/xceed.me\/es\/artist\/honey-dijon?utm_source=blog&amp;utm_medium=artist&amp;utm_campaign=180607-PO-ESP-BLOG-ELETRICO%20FESTIVAL\" target=\"_blank\" rel=\"noopener\">Honey Dijon<\/a>, aunque el gran reclamo, sin duda, ser\u00e1 el directo de <a href=\"https:\/\/xceed.me\/es\/artist\/larry-heard-aka-mr-fingers?utm_source=blog&amp;utm_medium=artist&amp;utm_campaign=180607-PO-ESP-BLOG-ELETRICO%20FESTIVAL\" target=\"_blank\" rel=\"noopener\">Larry Heard<\/a>. Tambi\u00e9n conocido como <a href=\"https:\/\/xceed.me\/es\/artist\/larry-heard-aka-mr-fingers?utm_source=blog&amp;utm_medium=artist&amp;utm_campaign=180607-PO-ESP-BLOG-ELETRICO%20FESTIVAL\" target=\"_blank\" rel=\"noopener\">Mr. Fingers<\/a>, en su d\u00eda se hizo grande con su \u00e9xito \u2018The Sun Can\u2019t Compare\u2019.<\/p>\n<p><a href=\"https:\/\/xceed.me\/es\/artist\/nightmares-on-wax?utm_source=blog&amp;utm_medium=artist&amp;utm_campaign=180607-PO-ESP-BLOG-ELETRICO%20FESTIVAL\" target=\"_blank\" rel=\"noopener\">Nightmares On Wax<\/a>, <a href=\"https:\/\/xceed.me\/es\/artist\/joao-semedo?utm_source=blog&amp;utm_medium=artist&amp;utm_campaign=180607-PO-ESP-BLOG-ELETRICO%20FESTIVAL\" target=\"_blank\" rel=\"noopener\">Jo\u00e3o Semedo<\/a> o el ensemble de <a href=\"https:\/\/xceed.me\/es\/artist\/joao-maria?utm_source=blog&amp;utm_medium=artist&amp;utm_campaign=180607-PO-ESP-BLOG-ELETRICO%20FESTIVAL\" target=\"_blank\" rel=\"noopener\">Joao Maria<\/a> son otros de los nombres ya confirmados para esta primer\u00edsima edici\u00f3n de <a href=\"https:\/\/xceed.me\/es\/events\/porto\/52765\/eletrico-porto-music-experience?utm_source=blog&amp;utm_medium=event&amp;utm_campaign=180607-PO-ESP-BLOG-ELETRICO%20FESTIVAL\" target=\"_blank\" rel=\"noopener\">El\u00e9trico<\/a>, un festival ecl\u00e9ctico, completo y variado que colocar\u00e1 a la ciudad de <a href=\"https:\/\/xceed.me\/es\/events\/porto?utm_source=blog&amp;utm_medium=city&amp;utm_campaign=180607-PO-ESP-BLOG-ELETRICO%20FESTIVAL\" target=\"_blank\" rel=\"noopener\"><strong>Oporto<\/strong><\/a> y a todo el norte de Portugal en el epicentro de la escena musical electr\u00f3nica europea durante el pen\u00faltimo fin de semana de julio. Por ahora, los early birds han volado, pero las <a href=\"https:\/\/xceed.me\/es\/events\/porto\/52765\/eletrico-porto-music-experience?utm_source=blog&amp;utm_medium=event&amp;utm_campaign=180607-PO-ESP-BLOG-ELETRICO%20FESTIVAL\" target=\"_blank\" rel=\"noopener\">entradas de tres d\u00edas<\/a> est\u00e1n a s\u00f3lo 45\u20ac. \u00a1Imposible no animarse!<\/p>\n<p><strong>D\u00f3nde: <\/strong>Parque da Pasteleira<br \/>\n<strong>Cu\u00e1ndo: <\/strong>20, 21 y 22 de julio<br \/>\n<strong>Lineup: <\/strong>Call Super, Fumiya Tanaka, Honey Dijon, Larry Heard aka Mr. Fingers, Nicolas Lutz, Peggy Gou, Rhadoo, Sonja Moonear, ZIP y m\u00e1s<\/p>\n<p><a class=\"pinkBtn\" href=\"https:\/\/xceed.me\/es\/events\/porto\/52765\/eletrico-porto-music-experience?utm_source=blog&amp;utm_medium=event&amp;utm_campaign=180607-PO-ESP-BLOG-ELETRICO%20FESTIVAL\" target=\"_blank\" rel=\"noopener\"><strong>ENTRADAS 1st RELEASE<\/strong><\/a><\/p>\n<p><span style=\"font-size: 8pt;\">(Imagen de Portada:\u00a0\u00a9\u00a0Max Kneefel)<\/span><\/p>\n","protected":false},"excerpt":{"rendered":"Oporto ya se prepara para el nacimiento de esta experiencia musical completa, que contar\u00e1 con artistas de la talla de Call Super, Honey Dijon, Larry Heard, Peggy Gou o Zip\n","protected":false},"author":1,"featured_media":13365,"comment_status":"closed","ping_status":"open","sticky":false,"template":"","format":"standard","meta":{"_acf_changed":false,"_monsterinsights_skip_tracking":false,"_monsterinsights_sitenote_active":false,"_monsterinsights_sitenote_note":"","_monsterinsights_sitenote_category":0,"csco_singular_sidebar":"","csco_page_header_type":"","csco_page_load_nextpost":"","csco_post_video_location":[],"csco_post_video_url":"","csco_post_video_bg_start_time":0,"csco_post_video_bg_end_time":0,"_jetpack_memberships_contains_paid_content":false,"footnotes":""},"categories":[6227],"tags":[2340,1795,2373,928,1690,2342,1575,2330,2336,2334,1338,2332,2344,1698,2338,2346,70,1435],"class_list":{"0":"post-13364","1":"post","2":"type-post","3":"status-publish","4":"format-standard","5":"has-post-thumbnail","7":"category-festivales","8":"tag-call-super","9":"tag-disco-es","10":"tag-eletrico","11":"tag-festival-es","12":"tag-fumiya-tanaka","13":"tag-funk-es","14":"tag-house-es","15":"tag-jazz","16":"tag-larry-heard","17":"tag-nicolas-lutz","18":"tag-open-air","19":"tag-peggy-gou","20":"tag-porto-es","21":"tag-portugal","22":"tag-rhadoo","23":"tag-sonja-moonear-es","24":"tag-techno-es","25":"tag-underground-es","26":"cs-entry","27":"cs-video-wrap"},"acf":[],"yoast_head":"<!-- This site is optimized with the Yoast SEO plugin v27.3 - https:\/\/yoast.com\/product\/yoast-seo-wordpress\/ -->\n<title>El festival El\u00e9trico une naturaleza, sol y m\u00fasica open-air bajo una apuesta multi-estilo que abarca desde jazz hasta techno - NIGHTMAG<\/title>\n<meta name=\"robots\" content=\"index, follow, max-snippet:-1, max-image-preview:large, max-video-preview:-1\" \/>\n<link rel=\"canonical\" href=\"https:\/\/xceed.me\/blog\/es\/el-festival-eletrico-une-naturaleza-sol-y-musica-open-air-bajo-una-apuesta-multi-estilo-que-abarca-desde-jazz-hasta-techno\/\" \/>\n<meta property=\"og:locale\" content=\"en_US\" \/>\n<meta property=\"og:type\" content=\"article\" \/>\n<meta property=\"og:title\" content=\"El festival El\u00e9trico une naturaleza, sol y m\u00fasica open-air bajo una apuesta multi-estilo que abarca desde jazz hasta techno - NIGHTMAG\" \/>\n<meta property=\"og:description\" content=\"Oporto ya se prepara para el nacimiento de esta experiencia musical completa, que contar\u00e1 con artistas de la talla de Call Super, Honey Dijon, Larry Heard, Peggy Gou o Zip\" \/>\n<meta property=\"og:url\" content=\"https:\/\/xceed.me\/blog\/es\/el-festival-eletrico-une-naturaleza-sol-y-musica-open-air-bajo-una-apuesta-multi-estilo-que-abarca-desde-jazz-hasta-techno\/\" \/>\n<meta property=\"og:site_name\" content=\"NIGHTMAG\" \/>\n<meta property=\"article:publisher\" content=\"https:\/\/www.facebook.com\/Xceed\/\" \/>\n<meta property=\"article:published_time\" content=\"2018-06-07T16:47:58+00:00\" \/>\n<meta property=\"article:modified_time\" content=\"2023-05-11T07:22:13+00:00\" \/>\n<meta property=\"og:image\" content=\"https:\/\/images.xceed.me\/blog\/wp-content\/uploads\/2018\/06\/29121702\/peggy-gou-electrico-porto-xceed-blog.png\" \/>\n\t<meta property=\"og:image:width\" content=\"1000\" \/>\n\t<meta property=\"og:image:height\" content=\"600\" \/>\n\t<meta property=\"og:image:type\" content=\"image\/png\" \/>\n<meta name=\"twitter:card\" content=\"summary_large_image\" \/>\n<meta name=\"twitter:creator\" content=\"@Xceed_World\" \/>\n<meta name=\"twitter:site\" content=\"@Xceed_World\" \/>\n<meta name=\"twitter:label1\" content=\"Written by\" \/>\n\t<meta name=\"twitter:data1\" content=\"\" \/>\n\t<meta name=\"twitter:label2\" content=\"Est. reading time\" \/>\n\t<meta name=\"twitter:data2\" content=\"2 minutes\" \/>\n<script type=\"application\/ld+json\" class=\"yoast-schema-graph\">{\"@context\":\"https:\\\/\\\/schema.org\",\"@graph\":[{\"@type\":\"Article\",\"@id\":\"https:\\\/\\\/xceed.me\\\/blog\\\/es\\\/el-festival-eletrico-une-naturaleza-sol-y-musica-open-air-bajo-una-apuesta-multi-estilo-que-abarca-desde-jazz-hasta-techno\\\/#article\",\"isPartOf\":{\"@id\":\"https:\\\/\\\/xceed.me\\\/blog\\\/es\\\/el-festival-eletrico-une-naturaleza-sol-y-musica-open-air-bajo-una-apuesta-multi-estilo-que-abarca-desde-jazz-hasta-techno\\\/\"},\"author\":{\"name\":\"\",\"@id\":\"\"},\"headline\":\"El festival El\u00e9trico une naturaleza, sol y m\u00fasica open-air bajo una apuesta multi-estilo que abarca desde jazz hasta techno\",\"datePublished\":\"2018-06-07T16:47:58+00:00\",\"dateModified\":\"2023-05-11T07:22:13+00:00\",\"mainEntityOfPage\":{\"@id\":\"https:\\\/\\\/xceed.me\\\/blog\\\/es\\\/el-festival-eletrico-une-naturaleza-sol-y-musica-open-air-bajo-una-apuesta-multi-estilo-que-abarca-desde-jazz-hasta-techno\\\/\"},\"wordCount\":488,\"image\":{\"@id\":\"https:\\\/\\\/xceed.me\\\/blog\\\/es\\\/el-festival-eletrico-une-naturaleza-sol-y-musica-open-air-bajo-una-apuesta-multi-estilo-que-abarca-desde-jazz-hasta-techno\\\/#primaryimage\"},\"thumbnailUrl\":\"https:\\\/\\\/images.xceed.me\\\/blog\\\/wp-content\\\/uploads\\\/2018\\\/06\\\/29121702\\\/peggy-gou-electrico-porto-xceed-blog.png\",\"keywords\":[\"call super\",\"disco\",\"eletrico\",\"festival\",\"fumiya tanaka\",\"funk\",\"House\",\"jazz\",\"larry heard\",\"nicolas lutz\",\"open air\",\"peggy gou\",\"porto\",\"portugal\",\"rhadoo\",\"sonja moonear\",\"Techno\",\"underground\"],\"articleSection\":[\"#Festivales\"],\"inLanguage\":\"en-US\"},{\"@type\":\"WebPage\",\"@id\":\"https:\\\/\\\/xceed.me\\\/blog\\\/es\\\/el-festival-eletrico-une-naturaleza-sol-y-musica-open-air-bajo-una-apuesta-multi-estilo-que-abarca-desde-jazz-hasta-techno\\\/\",\"url\":\"https:\\\/\\\/xceed.me\\\/blog\\\/es\\\/el-festival-eletrico-une-naturaleza-sol-y-musica-open-air-bajo-una-apuesta-multi-estilo-que-abarca-desde-jazz-hasta-techno\\\/\",\"name\":\"El festival El\u00e9trico une naturaleza, sol y m\u00fasica open-air bajo una apuesta multi-estilo que abarca desde jazz hasta techno - NIGHTMAG\",\"isPartOf\":{\"@id\":\"https:\\\/\\\/xceed.me\\\/blog\\\/#website\"},\"primaryImageOfPage\":{\"@id\":\"https:\\\/\\\/xceed.me\\\/blog\\\/es\\\/el-festival-eletrico-une-naturaleza-sol-y-musica-open-air-bajo-una-apuesta-multi-estilo-que-abarca-desde-jazz-hasta-techno\\\/#primaryimage\"},\"image\":{\"@id\":\"https:\\\/\\\/xceed.me\\\/blog\\\/es\\\/el-festival-eletrico-une-naturaleza-sol-y-musica-open-air-bajo-una-apuesta-multi-estilo-que-abarca-desde-jazz-hasta-techno\\\/#primaryimage\"},\"thumbnailUrl\":\"https:\\\/\\\/images.xceed.me\\\/blog\\\/wp-content\\\/uploads\\\/2018\\\/06\\\/29121702\\\/peggy-gou-electrico-porto-xceed-blog.png\",\"datePublished\":\"2018-06-07T16:47:58+00:00\",\"dateModified\":\"2023-05-11T07:22:13+00:00\",\"author\":{\"@id\":\"\"},\"breadcrumb\":{\"@id\":\"https:\\\/\\\/xceed.me\\\/blog\\\/es\\\/el-festival-eletrico-une-naturaleza-sol-y-musica-open-air-bajo-una-apuesta-multi-estilo-que-abarca-desde-jazz-hasta-techno\\\/#breadcrumb\"},\"inLanguage\":\"en-US\",\"potentialAction\":[{\"@type\":\"ReadAction\",\"target\":[\"https:\\\/\\\/xceed.me\\\/blog\\\/es\\\/el-festival-eletrico-une-naturaleza-sol-y-musica-open-air-bajo-una-apuesta-multi-estilo-que-abarca-desde-jazz-hasta-techno\\\/\"]}]},{\"@type\":\"ImageObject\",\"inLanguage\":\"en-US\",\"@id\":\"https:\\\/\\\/xceed.me\\\/blog\\\/es\\\/el-festival-eletrico-une-naturaleza-sol-y-musica-open-air-bajo-una-apuesta-multi-estilo-que-abarca-desde-jazz-hasta-techno\\\/#primaryimage\",\"url\":\"https:\\\/\\\/images.xceed.me\\\/blog\\\/wp-content\\\/uploads\\\/2018\\\/06\\\/29121702\\\/peggy-gou-electrico-porto-xceed-blog.png\",\"contentUrl\":\"https:\\\/\\\/images.xceed.me\\\/blog\\\/wp-content\\\/uploads\\\/2018\\\/06\\\/29121702\\\/peggy-gou-electrico-porto-xceed-blog.png\",\"width\":1000,\"height\":600,\"caption\":\"peggy gou electrico porto xceed blog\"},{\"@type\":\"BreadcrumbList\",\"@id\":\"https:\\\/\\\/xceed.me\\\/blog\\\/es\\\/el-festival-eletrico-une-naturaleza-sol-y-musica-open-air-bajo-una-apuesta-multi-estilo-que-abarca-desde-jazz-hasta-techno\\\/#breadcrumb\",\"itemListElement\":[{\"@type\":\"ListItem\",\"position\":1,\"name\":\"Home\",\"item\":\"https:\\\/\\\/xceed.me\\\/blog\\\/en\\\/\"},{\"@type\":\"ListItem\",\"position\":2,\"name\":\"El festival El\u00e9trico une naturaleza, sol y m\u00fasica open-air bajo una apuesta multi-estilo que abarca desde jazz hasta techno\"}]},{\"@type\":\"WebSite\",\"@id\":\"https:\\\/\\\/xceed.me\\\/blog\\\/#website\",\"url\":\"https:\\\/\\\/xceed.me\\\/blog\\\/\",\"name\":\"NIGHTMAG\",\"description\":\"NIGHTMAG\",\"potentialAction\":[{\"@type\":\"SearchAction\",\"target\":{\"@type\":\"EntryPoint\",\"urlTemplate\":\"https:\\\/\\\/xceed.me\\\/blog\\\/?s={search_term_string}\"},\"query-input\":{\"@type\":\"PropertyValueSpecification\",\"valueRequired\":true,\"valueName\":\"search_term_string\"}}],\"inLanguage\":\"en-US\"},{\"@type\":\"Person\",\"@id\":\"\",\"url\":\"https:\\\/\\\/xceed.me\\\/blog\\\/author\\\/\"}]}<\/script>\n<!-- \/ Yoast SEO plugin. -->","yoast_head_json":{"title":"El festival El\u00e9trico une naturaleza, sol y m\u00fasica open-air bajo una apuesta multi-estilo que abarca desde jazz hasta techno - NIGHTMAG","robots":{"index":"index","follow":"follow","max-snippet":"max-snippet:-1","max-image-preview":"max-image-preview:large","max-video-preview":"max-video-preview:-1"},"canonical":"https:\/\/xceed.me\/blog\/es\/el-festival-eletrico-une-naturaleza-sol-y-musica-open-air-bajo-una-apuesta-multi-estilo-que-abarca-desde-jazz-hasta-techno\/","og_locale":"en_US","og_type":"article","og_title":"El festival El\u00e9trico une naturaleza, sol y m\u00fasica open-air bajo una apuesta multi-estilo que abarca desde jazz hasta techno - NIGHTMAG","og_description":"Oporto ya se prepara para el nacimiento de esta experiencia musical completa, que contar\u00e1 con artistas de la talla de Call Super, Honey Dijon, Larry Heard, Peggy Gou o Zip","og_url":"https:\/\/xceed.me\/blog\/es\/el-festival-eletrico-une-naturaleza-sol-y-musica-open-air-bajo-una-apuesta-multi-estilo-que-abarca-desde-jazz-hasta-techno\/","og_site_name":"NIGHTMAG","article_publisher":"https:\/\/www.facebook.com\/Xceed\/","article_published_time":"2018-06-07T16:47:58+00:00","article_modified_time":"2023-05-11T07:22:13+00:00","og_image":[{"width":1000,"height":600,"url":"https:\/\/images.xceed.me\/blog\/wp-content\/uploads\/2018\/06\/29121702\/peggy-gou-electrico-porto-xceed-blog.png","type":"image\/png"}],"twitter_card":"summary_large_image","twitter_creator":"@Xceed_World","twitter_site":"@Xceed_World","twitter_misc":{"Written by":"","Est. reading time":"2 minutes"},"schema":{"@context":"https:\/\/schema.org","@graph":[{"@type":"Article","@id":"https:\/\/xceed.me\/blog\/es\/el-festival-eletrico-une-naturaleza-sol-y-musica-open-air-bajo-una-apuesta-multi-estilo-que-abarca-desde-jazz-hasta-techno\/#article","isPartOf":{"@id":"https:\/\/xceed.me\/blog\/es\/el-festival-eletrico-une-naturaleza-sol-y-musica-open-air-bajo-una-apuesta-multi-estilo-que-abarca-desde-jazz-hasta-techno\/"},"author":{"name":"","@id":""},"headline":"El festival El\u00e9trico une naturaleza, sol y m\u00fasica open-air bajo una apuesta multi-estilo que abarca desde jazz hasta techno","datePublished":"2018-06-07T16:47:58+00:00","dateModified":"2023-05-11T07:22:13+00:00","mainEntityOfPage":{"@id":"https:\/\/xceed.me\/blog\/es\/el-festival-eletrico-une-naturaleza-sol-y-musica-open-air-bajo-una-apuesta-multi-estilo-que-abarca-desde-jazz-hasta-techno\/"},"wordCount":488,"image":{"@id":"https:\/\/xceed.me\/blog\/es\/el-festival-eletrico-une-naturaleza-sol-y-musica-open-air-bajo-una-apuesta-multi-estilo-que-abarca-desde-jazz-hasta-techno\/#primaryimage"},"thumbnailUrl":"https:\/\/images.xceed.me\/blog\/wp-content\/uploads\/2018\/06\/29121702\/peggy-gou-electrico-porto-xceed-blog.png","keywords":["call super","disco","eletrico","festival","fumiya tanaka","funk","House","jazz","larry heard","nicolas lutz","open air","peggy gou","porto","portugal","rhadoo","sonja moonear","Techno","underground"],"articleSection":["#Festivales"],"inLanguage":"en-US"},{"@type":"WebPage","@id":"https:\/\/xceed.me\/blog\/es\/el-festival-eletrico-une-naturaleza-sol-y-musica-open-air-bajo-una-apuesta-multi-estilo-que-abarca-desde-jazz-hasta-techno\/","url":"https:\/\/xceed.me\/blog\/es\/el-festival-eletrico-une-naturaleza-sol-y-musica-open-air-bajo-una-apuesta-multi-estilo-que-abarca-desde-jazz-hasta-techno\/","name":"El festival El\u00e9trico une naturaleza, sol y m\u00fasica open-air bajo una apuesta multi-estilo que abarca desde jazz hasta techno - NIGHTMAG","isPartOf":{"@id":"https:\/\/xceed.me\/blog\/#website"},"primaryImageOfPage":{"@id":"https:\/\/xceed.me\/blog\/es\/el-festival-eletrico-une-naturaleza-sol-y-musica-open-air-bajo-una-apuesta-multi-estilo-que-abarca-desde-jazz-hasta-techno\/#primaryimage"},"image":{"@id":"https:\/\/xceed.me\/blog\/es\/el-festival-eletrico-une-naturaleza-sol-y-musica-open-air-bajo-una-apuesta-multi-estilo-que-abarca-desde-jazz-hasta-techno\/#primaryimage"},"thumbnailUrl":"https:\/\/images.xceed.me\/blog\/wp-content\/uploads\/2018\/06\/29121702\/peggy-gou-electrico-porto-xceed-blog.png","datePublished":"2018-06-07T16:47:58+00:00","dateModified":"2023-05-11T07:22:13+00:00","author":{"@id":""},"breadcrumb":{"@id":"https:\/\/xceed.me\/blog\/es\/el-festival-eletrico-une-naturaleza-sol-y-musica-open-air-bajo-una-apuesta-multi-estilo-que-abarca-desde-jazz-hasta-techno\/#breadcrumb"},"inLanguage":"en-US","potentialAction":[{"@type":"ReadAction","target":["https:\/\/xceed.me\/blog\/es\/el-festival-eletrico-une-naturaleza-sol-y-musica-open-air-bajo-una-apuesta-multi-estilo-que-abarca-desde-jazz-hasta-techno\/"]}]},{"@type":"ImageObject","inLanguage":"en-US","@id":"https:\/\/xceed.me\/blog\/es\/el-festival-eletrico-une-naturaleza-sol-y-musica-open-air-bajo-una-apuesta-multi-estilo-que-abarca-desde-jazz-hasta-techno\/#primaryimage","url":"https:\/\/images.xceed.me\/blog\/wp-content\/uploads\/2018\/06\/29121702\/peggy-gou-electrico-porto-xceed-blog.png","contentUrl":"https:\/\/images.xceed.me\/blog\/wp-content\/uploads\/2018\/06\/29121702\/peggy-gou-electrico-porto-xceed-blog.png","width":1000,"height":600,"caption":"peggy gou electrico porto xceed blog"},{"@type":"BreadcrumbList","@id":"https:\/\/xceed.me\/blog\/es\/el-festival-eletrico-une-naturaleza-sol-y-musica-open-air-bajo-una-apuesta-multi-estilo-que-abarca-desde-jazz-hasta-techno\/#breadcrumb","itemListElement":[{"@type":"ListItem","position":1,"name":"Home","item":"https:\/\/xceed.me\/blog\/en\/"},{"@type":"ListItem","position":2,"name":"El festival El\u00e9trico une naturaleza, sol y m\u00fasica open-air bajo una apuesta multi-estilo que abarca desde jazz hasta techno"}]},{"@type":"WebSite","@id":"https:\/\/xceed.me\/blog\/#website","url":"https:\/\/xceed.me\/blog\/","name":"NIGHTMAG","description":"NIGHTMAG","potentialAction":[{"@type":"SearchAction","target":{"@type":"EntryPoint","urlTemplate":"https:\/\/xceed.me\/blog\/?s={search_term_string}"},"query-input":{"@type":"PropertyValueSpecification","valueRequired":true,"valueName":"search_term_string"}}],"inLanguage":"en-US"},{"@type":"Person","@id":"","url":"https:\/\/xceed.me\/blog\/author\/"}]}},"jetpack_featured_media_url":"https:\/\/images.xceed.me\/blog\/wp-content\/uploads\/2018\/06\/29121702\/peggy-gou-electrico-porto-xceed-blog.png","jetpack_sharing_enabled":true,"_links":{"self":[{"href":"https:\/\/xceed.me\/blog\/wp-json\/wp\/v2\/posts\/13364","targetHints":{"allow":["GET"]}}],"collection":[{"href":"https:\/\/xceed.me\/blog\/wp-json\/wp\/v2\/posts"}],"about":[{"href":"https:\/\/xceed.me\/blog\/wp-json\/wp\/v2\/types\/post"}],"author":[{"embeddable":true,"href":"https:\/\/xceed.me\/blog\/wp-json\/wp\/v2\/users\/1"}],"replies":[{"embeddable":true,"href":"https:\/\/xceed.me\/blog\/wp-json\/wp\/v2\/comments?post=13364"}],"version-history":[{"count":4,"href":"https:\/\/xceed.me\/blog\/wp-json\/wp\/v2\/posts\/13364\/revisions"}],"predecessor-version":[{"id":13372,"href":"https:\/\/xceed.me\/blog\/wp-json\/wp\/v2\/posts\/13364\/revisions\/13372"}],"wp:featuredmedia":[{"embeddable":true,"href":"https:\/\/xceed.me\/blog\/wp-json\/wp\/v2\/media\/13365"}],"wp:attachment":[{"href":"https:\/\/xceed.me\/blog\/wp-json\/wp\/v2\/media?parent=13364"}],"wp:term":[{"taxonomy":"category","embeddable":true,"href":"https:\/\/xceed.me\/blog\/wp-json\/wp\/v2\/categories?post=13364"},{"taxonomy":"post_tag","embeddable":true,"href":"https:\/\/xceed.me\/blog\/wp-json\/wp\/v2\/tags?post=13364"}],"curies":[{"name":"wp","href":"https:\/\/api.w.org\/{rel}","templated":true}]}}