{"id":13348,"date":"2018-06-05T19:12:18","date_gmt":"2018-06-05T17:12:18","guid":{"rendered":"https:\/\/xceed.me\/blog\/?p=13348"},"modified":"2018-06-06T11:16:21","modified_gmt":"2018-06-06T09:16:21","slug":"dos-dias-de-fiesta-para-celebrar-siete-anos-de-fuse-records","status":"publish","type":"post","link":"https:\/\/xceed.me\/blog\/es\/dos-dias-de-fiesta-para-celebrar-siete-anos-de-fuse-records\/","title":{"rendered":"Dos d\u00edas de fiesta para celebrar siete a\u00f1os de Fuse Records"},"content":{"rendered":"<p>M\u00faltiples estilos, ampliaci\u00f3n de fronteras en lo musical y exigencia de m\u00e1xima calidad en la organizaci\u00f3n de sus eventos. <strong>Fuse Records<\/strong> lleva ya siete a\u00f1os siendo referencia en la escena electr\u00f3nica portuguesa, algo que es digno de celebraci\u00f3n. Por ello, Fuse ocupar\u00e1 durante dos d\u00edas (<strong>s\u00e1bado 9 y domingo 10 de junio<\/strong>) el <a href=\"https:\/\/xceed.me\/es\/entradas-discoteca\/lisboa\/anfiteatro-de-pedra?utm_source=blog&amp;utm_medium=venue&amp;utm_campaign=180605-LX-ESP-BLOG-FUSE%20RECORDS%20ANNIVERSARY\" target=\"_blank\" rel=\"noopener\">Anfiteatro da Pedra<\/a>, un espectacular emplazamiento natural en el centro de <a href=\"https:\/\/xceed.me\/es\/events\/lisboa?utm_source=blog&amp;utm_medium=city&amp;utm_campaign=180605-LX-ESP-BLOG-FUSE%20RECORDS%20ANNIVERSARY\" target=\"_blank\" rel=\"noopener\">Lisboa<\/a> que colocar\u00e1 a los distintos artistas ante un p\u00fablico elevado, generando as\u00ed una atm\u00f3sfera incomparable a cualquier otra en la ciudad.<\/p>\n<p>La japonesa <a href=\"https:\/\/xceed.me\/es\/artist\/hito?utm_source=blog&amp;utm_medium=artist&amp;utm_campaign=180605-LX-ESP-BLOG-FUSE%20RECORDS%20ANNIVERSARY\" target=\"_blank\" rel=\"noopener\"><strong>Hito<\/strong><\/a>, afincada en Berl\u00edn desde finales de los 90, es el principal reclamo del s\u00e1bado, pues ha prometido comparecer con un DJ set exclusivo a vinilos. El domingo ser\u00e1 turno para <a href=\"https:\/\/xceed.me\/es\/artist\/damian-lazarus?utm_source=blog&amp;utm_medium=artist&amp;utm_campaign=180605-LX-ESP-BLOG-FUSE%20RECORDS%20ANNIVERSARY\" target=\"_blank\" rel=\"noopener\"><strong>Damian Lazarus<\/strong><\/a>. El londinense fund\u00f3 Crosstown Rebels en 2003 y, desde entonces, ha sabido compaginar su rol de selector con el de cazatalentos, obteniendo vastos conocimientos y ampliando su capacidad de adaptaci\u00f3n.<\/p>\n<p><iframe loading=\"lazy\" title=\"Fuse 5th Anniversary 04.06.16\" width=\"1200\" height=\"675\" src=\"https:\/\/www.youtube.com\/embed\/cwNpgZsaX0c?feature=oembed\" frameborder=\"0\" allow=\"accelerometer; autoplay; encrypted-media; gyroscope; picture-in-picture\" allowfullscreen><\/iframe><\/p>\n<p><a href=\"https:\/\/xceed.me\/es\/artist\/hito?utm_source=blog&amp;utm_medium=artist&amp;utm_campaign=180605-LX-ESP-BLOG-FUSE%20RECORDS%20ANNIVERSARY\" target=\"_blank\" rel=\"noopener\">Hito<\/a> estar\u00e1 acompa\u00f1ada por <a href=\"https:\/\/xceed.me\/es\/artist\/samu-l?utm_source=blog&amp;utm_medium=artist&amp;utm_campaign=180605-LX-ESP-BLOG-FUSE%20RECORDS%20ANNIVERSARY\" target=\"_blank\" rel=\"noopener\">Samu.l<\/a>, <a href=\"https:\/\/xceed.me\/es\/artist\/analodjica?utm_source=blog&amp;utm_medium=artist&amp;utm_campaign=180605-LX-ESP-BLOG-FUSE%20RECORDS%20ANNIVERSARY\" target=\"_blank\" rel=\"noopener\">Analodjica<\/a>, <a href=\"https:\/\/xceed.me\/es\/artist\/miguel-rendeiro?utm_source=blog&amp;utm_medium=artist&amp;utm_campaign=180605-LX-ESP-BLOG-FUSE%20RECORDS%20ANNIVERSARY\" target=\"_blank\" rel=\"noopener\">Miguel Rendeiro<\/a>, <a href=\"https:\/\/xceed.me\/es\/artist\/angioma?utm_source=blog&amp;utm_medium=artist&amp;utm_campaign=180605-LX-ESP-BLOG-FUSE%20RECORDS%20ANNIVERSARY\" target=\"_blank\" rel=\"noopener\">Angioma<\/a> y <a href=\"https:\/\/xceed.me\/es\/artist\/joal?utm_source=blog&amp;utm_medium=artist&amp;utm_campaign=180605-LX-ESP-BLOG-FUSE%20RECORDS%20ANNIVERSARY\" target=\"_blank\" rel=\"noopener\">Joal<\/a>, mientras que el cartel del domingo lo completan <a href=\"https:\/\/xceed.me\/es\/artist\/nox?utm_source=blog&amp;utm_medium=artist&amp;utm_campaign=180605-LX-ESP-BLOG-FUSE%20RECORDS%20ANNIVERSARY\" target=\"_blank\" rel=\"noopener\">Nox<\/a>, <a href=\"https:\/\/xceed.me\/es\/artist\/the-slum-vagabunds?utm_source=blog&amp;utm_medium=artist&amp;utm_campaign=180605-LX-ESP-BLOG-FUSE%20RECORDS%20ANNIVERSARY\" target=\"_blank\" rel=\"noopener\">The Slum Vagabunds<\/a>, <a href=\"https:\/\/xceed.me\/es\/artist\/roddes?utm_source=blog&amp;utm_medium=artist&amp;utm_campaign=180605-LX-ESP-BLOG-FUSE%20RECORDS%20ANNIVERSARY\" target=\"_blank\" rel=\"noopener\">Roddes<\/a> y <a href=\"https:\/\/xceed.me\/es\/artist\/kuin?utm_source=blog&amp;utm_medium=artist&amp;utm_campaign=180605-LX-ESP-BLOG-FUSE%20RECORDS%20ANNIVERSARY\" target=\"_blank\" rel=\"noopener\">Kuin<\/a>. Ser\u00e1n dos jornadas de fiesta en <strong>horario diurno (de 14h a 23h)<\/strong> y en un entorno 100% respetuoso con el medio ambiente. Es sin duda un modo inmejorable de celebrar siete a\u00f1os de Fuse Records. Desde <a href=\"https:\/\/xceed.me\/es\/\"><strong>Xceed<\/strong><\/a> les deseamos, por supuesto, much\u00edsimos a\u00f1os m\u00e1s de \u00e9xitos y aventuras.<\/p>\n<p><strong>D\u00f3nde:<\/strong> Anfiteatro da Pedra<br \/>\n<strong>Cu\u00e1ndo:<\/strong> s\u00e1bado 9 y domingo 10 de junio<br \/>\n<strong>Lineup:<\/strong> Damian Lazarus, Hito y m\u00e1s<\/p>\n<p><a class=\"pinkBtn\" href=\"https:\/\/xceed.me\/es\/events\/lisboa\/53033\/fuse-records-7th-anniversary?utm_source=blog&amp;utm_medium=event&amp;utm_campaign=180605-LX-ESP-BLOG-FUSE%20RECORDS%20ANNIVERSARY\" target=\"_blank\" rel=\"noopener\"><strong>\u00daLTIMAS ENTRADAS<\/strong><\/a><\/p>\n<p><span style=\"font-size: 8pt;\">(Imagen de Portada:\u00a0\u00a9 Fuse Records)<\/span><\/p>\n","protected":false},"excerpt":{"rendered":"Hito, el s\u00e1bado, y Damian Lazarus, el domingo, son los headliners del evento que tendr\u00e1 lugar en el espectacular Anfiteatro da Pedra \n","protected":false},"author":1,"featured_media":13349,"comment_status":"closed","ping_status":"open","sticky":false,"template":"","format":"standard","meta":{"_acf_changed":false,"_monsterinsights_skip_tracking":false,"_monsterinsights_sitenote_active":false,"_monsterinsights_sitenote_note":"","_monsterinsights_sitenote_category":0,"csco_singular_sidebar":"","csco_page_header_type":"","csco_page_load_nextpost":"","csco_post_video_location":[],"csco_post_video_url":"","csco_post_video_bg_start_time":0,"csco_post_video_bg_end_time":0,"_jetpack_memberships_contains_paid_content":false,"footnotes":""},"categories":[18,119],"tags":[2319,2317,2313,1575,1696,2315,70],"class_list":{"0":"post-13348","1":"post","2":"type-post","3":"status-publish","4":"format-standard","5":"has-post-thumbnail","7":"category-clubbing-es","8":"category-news-es","9":"tag-anfiteatro-da-pedra","10":"tag-aniversario","11":"tag-fuse-records","12":"tag-house-es","13":"tag-lisboa","14":"tag-musica-electronica","15":"tag-techno-es","16":"cs-entry","17":"cs-video-wrap"},"acf":[],"yoast_head":"<!-- This site is optimized with the Yoast SEO plugin v27.3 - https:\/\/yoast.com\/product\/yoast-seo-wordpress\/ -->\n<title>Dos d\u00edas de fiesta para celebrar siete a\u00f1os de Fuse Records - NIGHTMAG<\/title>\n<meta name=\"robots\" content=\"index, follow, max-snippet:-1, max-image-preview:large, max-video-preview:-1\" \/>\n<link rel=\"canonical\" href=\"https:\/\/xceed.me\/blog\/es\/dos-dias-de-fiesta-para-celebrar-siete-anos-de-fuse-records\/\" \/>\n<meta property=\"og:locale\" content=\"en_US\" \/>\n<meta property=\"og:type\" content=\"article\" \/>\n<meta property=\"og:title\" content=\"Dos d\u00edas de fiesta para celebrar siete a\u00f1os de Fuse Records - NIGHTMAG\" \/>\n<meta property=\"og:description\" content=\"Hito, el s\u00e1bado, y Damian Lazarus, el domingo, son los headliners del evento que tendr\u00e1 lugar en el espectacular Anfiteatro da Pedra\" \/>\n<meta property=\"og:url\" content=\"https:\/\/xceed.me\/blog\/es\/dos-dias-de-fiesta-para-celebrar-siete-anos-de-fuse-records\/\" \/>\n<meta property=\"og:site_name\" content=\"NIGHTMAG\" \/>\n<meta property=\"article:publisher\" content=\"https:\/\/www.facebook.com\/Xceed\/\" \/>\n<meta property=\"article:published_time\" content=\"2018-06-05T17:12:18+00:00\" \/>\n<meta property=\"article:modified_time\" content=\"2018-06-06T09:16:21+00:00\" \/>\n<meta property=\"og:image\" content=\"https:\/\/images.xceed.me\/blog\/wp-content\/uploads\/2018\/06\/29121702\/Fuse-Records-Xceed-Blog.png\" \/>\n\t<meta property=\"og:image:width\" content=\"1000\" \/>\n\t<meta property=\"og:image:height\" content=\"600\" \/>\n\t<meta property=\"og:image:type\" content=\"image\/png\" \/>\n<meta name=\"twitter:card\" content=\"summary_large_image\" \/>\n<meta name=\"twitter:creator\" content=\"@Xceed_World\" \/>\n<meta name=\"twitter:site\" content=\"@Xceed_World\" \/>\n<meta name=\"twitter:label1\" content=\"Written by\" \/>\n\t<meta name=\"twitter:data1\" content=\"\" \/>\n\t<meta name=\"twitter:label2\" content=\"Est. reading time\" \/>\n\t<meta name=\"twitter:data2\" content=\"1 minute\" \/>\n<script type=\"application\/ld+json\" class=\"yoast-schema-graph\">{\"@context\":\"https:\\\/\\\/schema.org\",\"@graph\":[{\"@type\":\"Article\",\"@id\":\"https:\\\/\\\/xceed.me\\\/blog\\\/es\\\/dos-dias-de-fiesta-para-celebrar-siete-anos-de-fuse-records\\\/#article\",\"isPartOf\":{\"@id\":\"https:\\\/\\\/xceed.me\\\/blog\\\/es\\\/dos-dias-de-fiesta-para-celebrar-siete-anos-de-fuse-records\\\/\"},\"author\":{\"name\":\"\",\"@id\":\"\"},\"headline\":\"Dos d\u00edas de fiesta para celebrar siete a\u00f1os de Fuse Records\",\"datePublished\":\"2018-06-05T17:12:18+00:00\",\"dateModified\":\"2018-06-06T09:16:21+00:00\",\"mainEntityOfPage\":{\"@id\":\"https:\\\/\\\/xceed.me\\\/blog\\\/es\\\/dos-dias-de-fiesta-para-celebrar-siete-anos-de-fuse-records\\\/\"},\"wordCount\":289,\"image\":{\"@id\":\"https:\\\/\\\/xceed.me\\\/blog\\\/es\\\/dos-dias-de-fiesta-para-celebrar-siete-anos-de-fuse-records\\\/#primaryimage\"},\"thumbnailUrl\":\"https:\\\/\\\/images.xceed.me\\\/blog\\\/wp-content\\\/uploads\\\/2018\\\/06\\\/29121702\\\/Fuse-Records-Xceed-Blog.png\",\"keywords\":[\"anfiteatro da pedra\",\"aniversario\",\"fuse records\",\"House\",\"lisboa\",\"musica electronica\",\"Techno\"],\"articleSection\":[\"#Clubbing\",\"#Noticias\"],\"inLanguage\":\"en-US\"},{\"@type\":\"WebPage\",\"@id\":\"https:\\\/\\\/xceed.me\\\/blog\\\/es\\\/dos-dias-de-fiesta-para-celebrar-siete-anos-de-fuse-records\\\/\",\"url\":\"https:\\\/\\\/xceed.me\\\/blog\\\/es\\\/dos-dias-de-fiesta-para-celebrar-siete-anos-de-fuse-records\\\/\",\"name\":\"Dos d\u00edas de fiesta para celebrar siete a\u00f1os de Fuse Records - NIGHTMAG\",\"isPartOf\":{\"@id\":\"https:\\\/\\\/xceed.me\\\/blog\\\/#website\"},\"primaryImageOfPage\":{\"@id\":\"https:\\\/\\\/xceed.me\\\/blog\\\/es\\\/dos-dias-de-fiesta-para-celebrar-siete-anos-de-fuse-records\\\/#primaryimage\"},\"image\":{\"@id\":\"https:\\\/\\\/xceed.me\\\/blog\\\/es\\\/dos-dias-de-fiesta-para-celebrar-siete-anos-de-fuse-records\\\/#primaryimage\"},\"thumbnailUrl\":\"https:\\\/\\\/images.xceed.me\\\/blog\\\/wp-content\\\/uploads\\\/2018\\\/06\\\/29121702\\\/Fuse-Records-Xceed-Blog.png\",\"datePublished\":\"2018-06-05T17:12:18+00:00\",\"dateModified\":\"2018-06-06T09:16:21+00:00\",\"author\":{\"@id\":\"\"},\"breadcrumb\":{\"@id\":\"https:\\\/\\\/xceed.me\\\/blog\\\/es\\\/dos-dias-de-fiesta-para-celebrar-siete-anos-de-fuse-records\\\/#breadcrumb\"},\"inLanguage\":\"en-US\",\"potentialAction\":[{\"@type\":\"ReadAction\",\"target\":[\"https:\\\/\\\/xceed.me\\\/blog\\\/es\\\/dos-dias-de-fiesta-para-celebrar-siete-anos-de-fuse-records\\\/\"]}]},{\"@type\":\"ImageObject\",\"inLanguage\":\"en-US\",\"@id\":\"https:\\\/\\\/xceed.me\\\/blog\\\/es\\\/dos-dias-de-fiesta-para-celebrar-siete-anos-de-fuse-records\\\/#primaryimage\",\"url\":\"https:\\\/\\\/images.xceed.me\\\/blog\\\/wp-content\\\/uploads\\\/2018\\\/06\\\/29121702\\\/Fuse-Records-Xceed-Blog.png\",\"contentUrl\":\"https:\\\/\\\/images.xceed.me\\\/blog\\\/wp-content\\\/uploads\\\/2018\\\/06\\\/29121702\\\/Fuse-Records-Xceed-Blog.png\",\"width\":1000,\"height\":600,\"caption\":\"fuse records 7th anniversary xceed blog\"},{\"@type\":\"BreadcrumbList\",\"@id\":\"https:\\\/\\\/xceed.me\\\/blog\\\/es\\\/dos-dias-de-fiesta-para-celebrar-siete-anos-de-fuse-records\\\/#breadcrumb\",\"itemListElement\":[{\"@type\":\"ListItem\",\"position\":1,\"name\":\"Home\",\"item\":\"https:\\\/\\\/xceed.me\\\/blog\\\/en\\\/\"},{\"@type\":\"ListItem\",\"position\":2,\"name\":\"Dos d\u00edas de fiesta para celebrar siete a\u00f1os de Fuse Records\"}]},{\"@type\":\"WebSite\",\"@id\":\"https:\\\/\\\/xceed.me\\\/blog\\\/#website\",\"url\":\"https:\\\/\\\/xceed.me\\\/blog\\\/\",\"name\":\"NIGHTMAG\",\"description\":\"NIGHTMAG\",\"potentialAction\":[{\"@type\":\"SearchAction\",\"target\":{\"@type\":\"EntryPoint\",\"urlTemplate\":\"https:\\\/\\\/xceed.me\\\/blog\\\/?s={search_term_string}\"},\"query-input\":{\"@type\":\"PropertyValueSpecification\",\"valueRequired\":true,\"valueName\":\"search_term_string\"}}],\"inLanguage\":\"en-US\"},{\"@type\":\"Person\",\"@id\":\"\",\"url\":\"https:\\\/\\\/xceed.me\\\/blog\\\/author\\\/\"}]}<\/script>\n<!-- \/ Yoast SEO plugin. -->","yoast_head_json":{"title":"Dos d\u00edas de fiesta para celebrar siete a\u00f1os de Fuse Records - NIGHTMAG","robots":{"index":"index","follow":"follow","max-snippet":"max-snippet:-1","max-image-preview":"max-image-preview:large","max-video-preview":"max-video-preview:-1"},"canonical":"https:\/\/xceed.me\/blog\/es\/dos-dias-de-fiesta-para-celebrar-siete-anos-de-fuse-records\/","og_locale":"en_US","og_type":"article","og_title":"Dos d\u00edas de fiesta para celebrar siete a\u00f1os de Fuse Records - NIGHTMAG","og_description":"Hito, el s\u00e1bado, y Damian Lazarus, el domingo, son los headliners del evento que tendr\u00e1 lugar en el espectacular Anfiteatro da Pedra","og_url":"https:\/\/xceed.me\/blog\/es\/dos-dias-de-fiesta-para-celebrar-siete-anos-de-fuse-records\/","og_site_name":"NIGHTMAG","article_publisher":"https:\/\/www.facebook.com\/Xceed\/","article_published_time":"2018-06-05T17:12:18+00:00","article_modified_time":"2018-06-06T09:16:21+00:00","og_image":[{"width":1000,"height":600,"url":"https:\/\/images.xceed.me\/blog\/wp-content\/uploads\/2018\/06\/29121702\/Fuse-Records-Xceed-Blog.png","type":"image\/png"}],"twitter_card":"summary_large_image","twitter_creator":"@Xceed_World","twitter_site":"@Xceed_World","twitter_misc":{"Written by":"","Est. reading time":"1 minute"},"schema":{"@context":"https:\/\/schema.org","@graph":[{"@type":"Article","@id":"https:\/\/xceed.me\/blog\/es\/dos-dias-de-fiesta-para-celebrar-siete-anos-de-fuse-records\/#article","isPartOf":{"@id":"https:\/\/xceed.me\/blog\/es\/dos-dias-de-fiesta-para-celebrar-siete-anos-de-fuse-records\/"},"author":{"name":"","@id":""},"headline":"Dos d\u00edas de fiesta para celebrar siete a\u00f1os de Fuse Records","datePublished":"2018-06-05T17:12:18+00:00","dateModified":"2018-06-06T09:16:21+00:00","mainEntityOfPage":{"@id":"https:\/\/xceed.me\/blog\/es\/dos-dias-de-fiesta-para-celebrar-siete-anos-de-fuse-records\/"},"wordCount":289,"image":{"@id":"https:\/\/xceed.me\/blog\/es\/dos-dias-de-fiesta-para-celebrar-siete-anos-de-fuse-records\/#primaryimage"},"thumbnailUrl":"https:\/\/images.xceed.me\/blog\/wp-content\/uploads\/2018\/06\/29121702\/Fuse-Records-Xceed-Blog.png","keywords":["anfiteatro da pedra","aniversario","fuse records","House","lisboa","musica electronica","Techno"],"articleSection":["#Clubbing","#Noticias"],"inLanguage":"en-US"},{"@type":"WebPage","@id":"https:\/\/xceed.me\/blog\/es\/dos-dias-de-fiesta-para-celebrar-siete-anos-de-fuse-records\/","url":"https:\/\/xceed.me\/blog\/es\/dos-dias-de-fiesta-para-celebrar-siete-anos-de-fuse-records\/","name":"Dos d\u00edas de fiesta para celebrar siete a\u00f1os de Fuse Records - NIGHTMAG","isPartOf":{"@id":"https:\/\/xceed.me\/blog\/#website"},"primaryImageOfPage":{"@id":"https:\/\/xceed.me\/blog\/es\/dos-dias-de-fiesta-para-celebrar-siete-anos-de-fuse-records\/#primaryimage"},"image":{"@id":"https:\/\/xceed.me\/blog\/es\/dos-dias-de-fiesta-para-celebrar-siete-anos-de-fuse-records\/#primaryimage"},"thumbnailUrl":"https:\/\/images.xceed.me\/blog\/wp-content\/uploads\/2018\/06\/29121702\/Fuse-Records-Xceed-Blog.png","datePublished":"2018-06-05T17:12:18+00:00","dateModified":"2018-06-06T09:16:21+00:00","author":{"@id":""},"breadcrumb":{"@id":"https:\/\/xceed.me\/blog\/es\/dos-dias-de-fiesta-para-celebrar-siete-anos-de-fuse-records\/#breadcrumb"},"inLanguage":"en-US","potentialAction":[{"@type":"ReadAction","target":["https:\/\/xceed.me\/blog\/es\/dos-dias-de-fiesta-para-celebrar-siete-anos-de-fuse-records\/"]}]},{"@type":"ImageObject","inLanguage":"en-US","@id":"https:\/\/xceed.me\/blog\/es\/dos-dias-de-fiesta-para-celebrar-siete-anos-de-fuse-records\/#primaryimage","url":"https:\/\/images.xceed.me\/blog\/wp-content\/uploads\/2018\/06\/29121702\/Fuse-Records-Xceed-Blog.png","contentUrl":"https:\/\/images.xceed.me\/blog\/wp-content\/uploads\/2018\/06\/29121702\/Fuse-Records-Xceed-Blog.png","width":1000,"height":600,"caption":"fuse records 7th anniversary xceed blog"},{"@type":"BreadcrumbList","@id":"https:\/\/xceed.me\/blog\/es\/dos-dias-de-fiesta-para-celebrar-siete-anos-de-fuse-records\/#breadcrumb","itemListElement":[{"@type":"ListItem","position":1,"name":"Home","item":"https:\/\/xceed.me\/blog\/en\/"},{"@type":"ListItem","position":2,"name":"Dos d\u00edas de fiesta para celebrar siete a\u00f1os de Fuse Records"}]},{"@type":"WebSite","@id":"https:\/\/xceed.me\/blog\/#website","url":"https:\/\/xceed.me\/blog\/","name":"NIGHTMAG","description":"NIGHTMAG","potentialAction":[{"@type":"SearchAction","target":{"@type":"EntryPoint","urlTemplate":"https:\/\/xceed.me\/blog\/?s={search_term_string}"},"query-input":{"@type":"PropertyValueSpecification","valueRequired":true,"valueName":"search_term_string"}}],"inLanguage":"en-US"},{"@type":"Person","@id":"","url":"https:\/\/xceed.me\/blog\/author\/"}]}},"jetpack_featured_media_url":"https:\/\/images.xceed.me\/blog\/wp-content\/uploads\/2018\/06\/29121702\/Fuse-Records-Xceed-Blog.png","jetpack_sharing_enabled":true,"_links":{"self":[{"href":"https:\/\/xceed.me\/blog\/wp-json\/wp\/v2\/posts\/13348","targetHints":{"allow":["GET"]}}],"collection":[{"href":"https:\/\/xceed.me\/blog\/wp-json\/wp\/v2\/posts"}],"about":[{"href":"https:\/\/xceed.me\/blog\/wp-json\/wp\/v2\/types\/post"}],"author":[{"embeddable":true,"href":"https:\/\/xceed.me\/blog\/wp-json\/wp\/v2\/users\/1"}],"replies":[{"embeddable":true,"href":"https:\/\/xceed.me\/blog\/wp-json\/wp\/v2\/comments?post=13348"}],"version-history":[{"count":5,"href":"https:\/\/xceed.me\/blog\/wp-json\/wp\/v2\/posts\/13348\/revisions"}],"predecessor-version":[{"id":13361,"href":"https:\/\/xceed.me\/blog\/wp-json\/wp\/v2\/posts\/13348\/revisions\/13361"}],"wp:featuredmedia":[{"embeddable":true,"href":"https:\/\/xceed.me\/blog\/wp-json\/wp\/v2\/media\/13349"}],"wp:attachment":[{"href":"https:\/\/xceed.me\/blog\/wp-json\/wp\/v2\/media?parent=13348"}],"wp:term":[{"taxonomy":"category","embeddable":true,"href":"https:\/\/xceed.me\/blog\/wp-json\/wp\/v2\/categories?post=13348"},{"taxonomy":"post_tag","embeddable":true,"href":"https:\/\/xceed.me\/blog\/wp-json\/wp\/v2\/tags?post=13348"}],"curies":[{"name":"wp","href":"https:\/\/api.w.org\/{rel}","templated":true}]}}