{"id":13312,"date":"2018-05-28T18:14:00","date_gmt":"2018-05-28T16:14:00","guid":{"rendered":"https:\/\/xceed.me\/blog\/?p=13312"},"modified":"2018-05-28T18:37:36","modified_gmt":"2018-05-28T16:37:36","slug":"jennifer-cardini-sera-la-protagonista-en-el-living-este-domingo","status":"publish","type":"post","link":"https:\/\/xceed.me\/blog\/es\/jennifer-cardini-sera-la-protagonista-en-el-living-este-domingo\/","title":{"rendered":"Jennifer Cardini ser\u00e1 la protagonista en El Living este domingo"},"content":{"rendered":"<p>Vivir una sesi\u00f3n de <a href=\"https:\/\/xceed.me\/es\/artist\/jennifer-cardini?utm_source=blog&amp;utm_medium=artist&amp;utm_campaign=180528-BCN-ESP-BLOG-CARDINI%20RETIRO%20MADRID\" target=\"_blank\" rel=\"noopener\"><strong>Jennifer Cardini<\/strong><\/a> es asistir a una clase magistral sobre c\u00f3mo mantener siempre al p\u00fablico en el punto m\u00e1s \u00e1lgido. Ella dice amar el techno, pero lo cierto es que sus bases est\u00e1n algo alejadas de los sonidos m\u00e1s convencionales del g\u00e9nero. Sus idas y venidas, sus transiciones, sus claps, sus drops, sus sintetizadores e incluso las vocales. Todos los elementos que aparecen en la gran mayor\u00eda de temas pinchados por <a href=\"https:\/\/xceed.me\/es\/artist\/jennifer-cardini?utm_source=blog&amp;utm_medium=artist&amp;utm_campaign=180528-BCN-ESP-BLOG-CARDINI%20RETIRO%20MADRID\" target=\"_blank\" rel=\"noopener\">Jennifer<\/a> nos trasladan m\u00e1s bien a la <strong>electr\u00f3nica de hace 20 a\u00f1os<\/strong>. Una electr\u00f3nica oscura, \u00e1spera y reacia a tradicionalismos.<\/p>\n<p><iframe loading=\"lazy\" title=\"Jennifer Cardini Boiler Room Berlin DJ Set\" width=\"1200\" height=\"675\" src=\"https:\/\/www.youtube.com\/embed\/s42HgOXAsMs?feature=oembed\" frameborder=\"0\" allow=\"accelerometer; autoplay; encrypted-media; gyroscope; picture-in-picture\" allowfullscreen><\/iframe><\/p>\n<p>El espectacular <a href=\"https:\/\/xceed.me\/es\/entradas-discoteca\/madrid\/florida-retiro?utm_source=blog&amp;utm_medium=venue&amp;utm_campaign=180528-BCN-ESP-BLOG-CARDINI%20RETIRO%20MADRID\" target=\"_blank\" rel=\"noopener\"><strong>Florida Retiro<\/strong><\/a> ya se prepara para una nueva sesi\u00f3n dominical de <strong>El Living<\/strong>. De 17h a 02h, el c\u00e9ntrico Parque del Retiro de <a href=\"https:\/\/xceed.me\/es\/events\/madrid?utm_source=blog&amp;utm_medium=city&amp;utm_campaign=180528-BCN-ESP-BLOG-CARDINI%20RETIRO%20MADRID\" target=\"_blank\" rel=\"noopener\">Madrid<\/a> dar\u00e1 la bienvenida a multitud de clubbers amantes de la <strong>electr\u00f3nica m\u00e1s refinada<\/strong>. Ellos ya se frotan las manos. La DJ francesa es sin\u00f3nimo de eclecticismo, variedad y selecci\u00f3n elaborada. Cargados de <strong>rarezas rave<\/strong> y con un gusto muy particular por el <strong>acid house<\/strong>, sus sets siempre garantizan contundencia continuada.<\/p>\n<p>A ello hay que sumarle una ecuaci\u00f3n cuyos resultados est\u00e1n siendo excelentes por ahora. De un lado, el <strong>espectacular espacio<\/strong> que <a href=\"https:\/\/xceed.me\/es\/entradas-discoteca\/madrid\/florida-retiro?utm_source=blog&amp;utm_medium=venue&amp;utm_campaign=180528-BCN-ESP-BLOG-CARDINI%20RETIRO%20MADRID\"target=\"_blank\">Florida Retiro<\/a> ha remodelado y adaptado a los requerimientos del clubbing para convertirlo en un lugar sin precedentes en pleno coraz\u00f3n de la capital de Espa\u00f1a. Del otro lado, la <strong>m\u00e1gica atm\u00f3sfera<\/strong> que El Living siempre logra generar en sus citas. Ellos siempre suelen decir eso de \u201cp\u00edllate el lunes\u201d. En <a href=\"https:\/\/xceed.me\/es\/?utm_source=blog&amp;utm_medium=home&amp;utm_campaign=180528-BCN-ESP-BLOG-CARDINI%20RETIRO%20MADRID\" target=\"_blank\" rel=\"noopener\"><strong>Xceed<\/strong><\/a> nos han dado permiso, as\u00ed que nos apuntamos al fiest\u00f3n. \u00bfY t\u00fa? <span style=\"color: #ff0000;\">#p\u00edllateellunes<\/span><\/p>\n<p><strong>D\u00f3nde:<\/strong> Florida Retiro<br \/>\n<strong>Cu\u00e1ndo:<\/strong> domingo 3 de junio<br \/>\n<strong>Lineup:<\/strong> Jennifer Cardini y m\u00e1s<\/p>\n<p><a class=\"pinkBtn\" href=\"https:\/\/xceed.me\/es\/events\/madrid\/52992\/el-living-jennifer-cardini?utm_source=blog&amp;utm_medium=event&amp;utm_campaign=180528-BCN-ESP-BLOG-CARDINI%20RETIRO%20MADRID\" target=\"_blank\" rel=\"noopener\"><strong>\u00daLTIMAS ENTRADAS<\/strong><\/a><\/p>\n<p><span style=\"font-size: 8pt;\">(Imagen de Portada: \u00a9 Laurie Diaz)<\/span><\/p>\n","protected":false},"excerpt":{"rendered":"Con la oscuridad como bandera, pero alejada de la base techno m\u00e1s convencional, la francesa Jennifer Cardini siempre satisface al p\u00fablico m\u00e1s exquisito\n","protected":false},"author":1,"featured_media":13313,"comment_status":"closed","ping_status":"open","sticky":false,"template":"","format":"standard","meta":{"_acf_changed":false,"_monsterinsights_skip_tracking":false,"_monsterinsights_sitenote_active":false,"_monsterinsights_sitenote_note":"","_monsterinsights_sitenote_category":0,"csco_singular_sidebar":"","csco_page_header_type":"","csco_page_load_nextpost":"","csco_post_video_location":[],"csco_post_video_url":"","csco_post_video_bg_start_time":0,"csco_post_video_bg_end_time":0,"_jetpack_memberships_contains_paid_content":false,"footnotes":""},"categories":[18,830,119],"tags":[58,961,967,1638,2287,64,56,1575,2289,2283,963,1833,1385,2285,70],"class_list":{"0":"post-13312","1":"post","2":"type-post","3":"status-publish","4":"format-standard","5":"has-post-thumbnail","7":"category-clubbing-es","8":"category-madrid-es","9":"category-news-es","10":"tag-club","11":"tag-clubbing-es","12":"tag-dj-es","13":"tag-dj-set","14":"tag-domingo","15":"tag-electronica","16":"tag-fiesta","17":"tag-house-es","18":"tag-jennifer-cardini","19":"tag-living","20":"tag-madrid-es","21":"tag-rave","22":"tag-retiro","23":"tag-sunday","24":"tag-techno-es","25":"cs-entry","26":"cs-video-wrap"},"acf":[],"yoast_head":"<!-- This site is optimized with the Yoast SEO plugin v27.3 - https:\/\/yoast.com\/product\/yoast-seo-wordpress\/ -->\n<title>Jennifer Cardini ser\u00e1 la protagonista en El Living este domingo - NIGHTMAG<\/title>\n<meta name=\"robots\" content=\"index, follow, max-snippet:-1, max-image-preview:large, max-video-preview:-1\" \/>\n<link rel=\"canonical\" href=\"https:\/\/xceed.me\/blog\/es\/jennifer-cardini-sera-la-protagonista-en-el-living-este-domingo\/\" \/>\n<meta property=\"og:locale\" content=\"en_US\" \/>\n<meta property=\"og:type\" content=\"article\" \/>\n<meta property=\"og:title\" content=\"Jennifer Cardini ser\u00e1 la protagonista en El Living este domingo - NIGHTMAG\" \/>\n<meta property=\"og:description\" content=\"Con la oscuridad como bandera, pero alejada de la base techno m\u00e1s convencional, la francesa Jennifer Cardini siempre satisface al p\u00fablico m\u00e1s exquisito\" \/>\n<meta property=\"og:url\" content=\"https:\/\/xceed.me\/blog\/es\/jennifer-cardini-sera-la-protagonista-en-el-living-este-domingo\/\" \/>\n<meta property=\"og:site_name\" content=\"NIGHTMAG\" \/>\n<meta property=\"article:publisher\" content=\"https:\/\/www.facebook.com\/Xceed\/\" \/>\n<meta property=\"article:published_time\" content=\"2018-05-28T16:14:00+00:00\" \/>\n<meta property=\"article:modified_time\" content=\"2018-05-28T16:37:36+00:00\" \/>\n<meta property=\"og:image\" content=\"https:\/\/images.xceed.me\/blog\/wp-content\/uploads\/2018\/05\/29121703\/Jennifer-cardini.png\" \/>\n\t<meta property=\"og:image:width\" content=\"1000\" \/>\n\t<meta property=\"og:image:height\" content=\"600\" \/>\n\t<meta property=\"og:image:type\" content=\"image\/png\" \/>\n<meta name=\"twitter:card\" content=\"summary_large_image\" \/>\n<meta name=\"twitter:creator\" content=\"@Xceed_World\" \/>\n<meta name=\"twitter:site\" content=\"@Xceed_World\" \/>\n<meta name=\"twitter:label1\" content=\"Written by\" \/>\n\t<meta name=\"twitter:data1\" content=\"\" \/>\n\t<meta name=\"twitter:label2\" content=\"Est. reading time\" \/>\n\t<meta name=\"twitter:data2\" content=\"2 minutes\" \/>\n<script type=\"application\/ld+json\" class=\"yoast-schema-graph\">{\"@context\":\"https:\\\/\\\/schema.org\",\"@graph\":[{\"@type\":\"Article\",\"@id\":\"https:\\\/\\\/xceed.me\\\/blog\\\/es\\\/jennifer-cardini-sera-la-protagonista-en-el-living-este-domingo\\\/#article\",\"isPartOf\":{\"@id\":\"https:\\\/\\\/xceed.me\\\/blog\\\/es\\\/jennifer-cardini-sera-la-protagonista-en-el-living-este-domingo\\\/\"},\"author\":{\"name\":\"\",\"@id\":\"\"},\"headline\":\"Jennifer Cardini ser\u00e1 la protagonista en El Living este domingo\",\"datePublished\":\"2018-05-28T16:14:00+00:00\",\"dateModified\":\"2018-05-28T16:37:36+00:00\",\"mainEntityOfPage\":{\"@id\":\"https:\\\/\\\/xceed.me\\\/blog\\\/es\\\/jennifer-cardini-sera-la-protagonista-en-el-living-este-domingo\\\/\"},\"wordCount\":322,\"image\":{\"@id\":\"https:\\\/\\\/xceed.me\\\/blog\\\/es\\\/jennifer-cardini-sera-la-protagonista-en-el-living-este-domingo\\\/#primaryimage\"},\"thumbnailUrl\":\"https:\\\/\\\/images.xceed.me\\\/blog\\\/wp-content\\\/uploads\\\/2018\\\/05\\\/29121703\\\/Jennifer-cardini.png\",\"keywords\":[\"Club\",\"Clubbing\",\"dj\",\"dj set\",\"domingo\",\"Electronica\",\"Fiesta\",\"House\",\"jennifer cardini\",\"living\",\"madrid\",\"rave\",\"retiro\",\"sunday\",\"Techno\"],\"articleSection\":[\"#Clubbing\",\"#Madrid\",\"#Noticias\"],\"inLanguage\":\"en-US\"},{\"@type\":\"WebPage\",\"@id\":\"https:\\\/\\\/xceed.me\\\/blog\\\/es\\\/jennifer-cardini-sera-la-protagonista-en-el-living-este-domingo\\\/\",\"url\":\"https:\\\/\\\/xceed.me\\\/blog\\\/es\\\/jennifer-cardini-sera-la-protagonista-en-el-living-este-domingo\\\/\",\"name\":\"Jennifer Cardini ser\u00e1 la protagonista en El Living este domingo - NIGHTMAG\",\"isPartOf\":{\"@id\":\"https:\\\/\\\/xceed.me\\\/blog\\\/#website\"},\"primaryImageOfPage\":{\"@id\":\"https:\\\/\\\/xceed.me\\\/blog\\\/es\\\/jennifer-cardini-sera-la-protagonista-en-el-living-este-domingo\\\/#primaryimage\"},\"image\":{\"@id\":\"https:\\\/\\\/xceed.me\\\/blog\\\/es\\\/jennifer-cardini-sera-la-protagonista-en-el-living-este-domingo\\\/#primaryimage\"},\"thumbnailUrl\":\"https:\\\/\\\/images.xceed.me\\\/blog\\\/wp-content\\\/uploads\\\/2018\\\/05\\\/29121703\\\/Jennifer-cardini.png\",\"datePublished\":\"2018-05-28T16:14:00+00:00\",\"dateModified\":\"2018-05-28T16:37:36+00:00\",\"author\":{\"@id\":\"\"},\"breadcrumb\":{\"@id\":\"https:\\\/\\\/xceed.me\\\/blog\\\/es\\\/jennifer-cardini-sera-la-protagonista-en-el-living-este-domingo\\\/#breadcrumb\"},\"inLanguage\":\"en-US\",\"potentialAction\":[{\"@type\":\"ReadAction\",\"target\":[\"https:\\\/\\\/xceed.me\\\/blog\\\/es\\\/jennifer-cardini-sera-la-protagonista-en-el-living-este-domingo\\\/\"]}]},{\"@type\":\"ImageObject\",\"inLanguage\":\"en-US\",\"@id\":\"https:\\\/\\\/xceed.me\\\/blog\\\/es\\\/jennifer-cardini-sera-la-protagonista-en-el-living-este-domingo\\\/#primaryimage\",\"url\":\"https:\\\/\\\/images.xceed.me\\\/blog\\\/wp-content\\\/uploads\\\/2018\\\/05\\\/29121703\\\/Jennifer-cardini.png\",\"contentUrl\":\"https:\\\/\\\/images.xceed.me\\\/blog\\\/wp-content\\\/uploads\\\/2018\\\/05\\\/29121703\\\/Jennifer-cardini.png\",\"width\":1000,\"height\":600,\"caption\":\"jennifer cardini madrid el retiro\"},{\"@type\":\"BreadcrumbList\",\"@id\":\"https:\\\/\\\/xceed.me\\\/blog\\\/es\\\/jennifer-cardini-sera-la-protagonista-en-el-living-este-domingo\\\/#breadcrumb\",\"itemListElement\":[{\"@type\":\"ListItem\",\"position\":1,\"name\":\"Home\",\"item\":\"https:\\\/\\\/xceed.me\\\/blog\\\/en\\\/\"},{\"@type\":\"ListItem\",\"position\":2,\"name\":\"Jennifer Cardini ser\u00e1 la protagonista en El Living este domingo\"}]},{\"@type\":\"WebSite\",\"@id\":\"https:\\\/\\\/xceed.me\\\/blog\\\/#website\",\"url\":\"https:\\\/\\\/xceed.me\\\/blog\\\/\",\"name\":\"NIGHTMAG\",\"description\":\"NIGHTMAG\",\"potentialAction\":[{\"@type\":\"SearchAction\",\"target\":{\"@type\":\"EntryPoint\",\"urlTemplate\":\"https:\\\/\\\/xceed.me\\\/blog\\\/?s={search_term_string}\"},\"query-input\":{\"@type\":\"PropertyValueSpecification\",\"valueRequired\":true,\"valueName\":\"search_term_string\"}}],\"inLanguage\":\"en-US\"},{\"@type\":\"Person\",\"@id\":\"\",\"url\":\"https:\\\/\\\/xceed.me\\\/blog\\\/author\\\/\"}]}<\/script>\n<!-- \/ Yoast SEO plugin. -->","yoast_head_json":{"title":"Jennifer Cardini ser\u00e1 la protagonista en El Living este domingo - NIGHTMAG","robots":{"index":"index","follow":"follow","max-snippet":"max-snippet:-1","max-image-preview":"max-image-preview:large","max-video-preview":"max-video-preview:-1"},"canonical":"https:\/\/xceed.me\/blog\/es\/jennifer-cardini-sera-la-protagonista-en-el-living-este-domingo\/","og_locale":"en_US","og_type":"article","og_title":"Jennifer Cardini ser\u00e1 la protagonista en El Living este domingo - NIGHTMAG","og_description":"Con la oscuridad como bandera, pero alejada de la base techno m\u00e1s convencional, la francesa Jennifer Cardini siempre satisface al p\u00fablico m\u00e1s exquisito","og_url":"https:\/\/xceed.me\/blog\/es\/jennifer-cardini-sera-la-protagonista-en-el-living-este-domingo\/","og_site_name":"NIGHTMAG","article_publisher":"https:\/\/www.facebook.com\/Xceed\/","article_published_time":"2018-05-28T16:14:00+00:00","article_modified_time":"2018-05-28T16:37:36+00:00","og_image":[{"width":1000,"height":600,"url":"https:\/\/images.xceed.me\/blog\/wp-content\/uploads\/2018\/05\/29121703\/Jennifer-cardini.png","type":"image\/png"}],"twitter_card":"summary_large_image","twitter_creator":"@Xceed_World","twitter_site":"@Xceed_World","twitter_misc":{"Written by":"","Est. reading time":"2 minutes"},"schema":{"@context":"https:\/\/schema.org","@graph":[{"@type":"Article","@id":"https:\/\/xceed.me\/blog\/es\/jennifer-cardini-sera-la-protagonista-en-el-living-este-domingo\/#article","isPartOf":{"@id":"https:\/\/xceed.me\/blog\/es\/jennifer-cardini-sera-la-protagonista-en-el-living-este-domingo\/"},"author":{"name":"","@id":""},"headline":"Jennifer Cardini ser\u00e1 la protagonista en El Living este domingo","datePublished":"2018-05-28T16:14:00+00:00","dateModified":"2018-05-28T16:37:36+00:00","mainEntityOfPage":{"@id":"https:\/\/xceed.me\/blog\/es\/jennifer-cardini-sera-la-protagonista-en-el-living-este-domingo\/"},"wordCount":322,"image":{"@id":"https:\/\/xceed.me\/blog\/es\/jennifer-cardini-sera-la-protagonista-en-el-living-este-domingo\/#primaryimage"},"thumbnailUrl":"https:\/\/images.xceed.me\/blog\/wp-content\/uploads\/2018\/05\/29121703\/Jennifer-cardini.png","keywords":["Club","Clubbing","dj","dj set","domingo","Electronica","Fiesta","House","jennifer cardini","living","madrid","rave","retiro","sunday","Techno"],"articleSection":["#Clubbing","#Madrid","#Noticias"],"inLanguage":"en-US"},{"@type":"WebPage","@id":"https:\/\/xceed.me\/blog\/es\/jennifer-cardini-sera-la-protagonista-en-el-living-este-domingo\/","url":"https:\/\/xceed.me\/blog\/es\/jennifer-cardini-sera-la-protagonista-en-el-living-este-domingo\/","name":"Jennifer Cardini ser\u00e1 la protagonista en El Living este domingo - NIGHTMAG","isPartOf":{"@id":"https:\/\/xceed.me\/blog\/#website"},"primaryImageOfPage":{"@id":"https:\/\/xceed.me\/blog\/es\/jennifer-cardini-sera-la-protagonista-en-el-living-este-domingo\/#primaryimage"},"image":{"@id":"https:\/\/xceed.me\/blog\/es\/jennifer-cardini-sera-la-protagonista-en-el-living-este-domingo\/#primaryimage"},"thumbnailUrl":"https:\/\/images.xceed.me\/blog\/wp-content\/uploads\/2018\/05\/29121703\/Jennifer-cardini.png","datePublished":"2018-05-28T16:14:00+00:00","dateModified":"2018-05-28T16:37:36+00:00","author":{"@id":""},"breadcrumb":{"@id":"https:\/\/xceed.me\/blog\/es\/jennifer-cardini-sera-la-protagonista-en-el-living-este-domingo\/#breadcrumb"},"inLanguage":"en-US","potentialAction":[{"@type":"ReadAction","target":["https:\/\/xceed.me\/blog\/es\/jennifer-cardini-sera-la-protagonista-en-el-living-este-domingo\/"]}]},{"@type":"ImageObject","inLanguage":"en-US","@id":"https:\/\/xceed.me\/blog\/es\/jennifer-cardini-sera-la-protagonista-en-el-living-este-domingo\/#primaryimage","url":"https:\/\/images.xceed.me\/blog\/wp-content\/uploads\/2018\/05\/29121703\/Jennifer-cardini.png","contentUrl":"https:\/\/images.xceed.me\/blog\/wp-content\/uploads\/2018\/05\/29121703\/Jennifer-cardini.png","width":1000,"height":600,"caption":"jennifer cardini madrid el retiro"},{"@type":"BreadcrumbList","@id":"https:\/\/xceed.me\/blog\/es\/jennifer-cardini-sera-la-protagonista-en-el-living-este-domingo\/#breadcrumb","itemListElement":[{"@type":"ListItem","position":1,"name":"Home","item":"https:\/\/xceed.me\/blog\/en\/"},{"@type":"ListItem","position":2,"name":"Jennifer Cardini ser\u00e1 la protagonista en El Living este domingo"}]},{"@type":"WebSite","@id":"https:\/\/xceed.me\/blog\/#website","url":"https:\/\/xceed.me\/blog\/","name":"NIGHTMAG","description":"NIGHTMAG","potentialAction":[{"@type":"SearchAction","target":{"@type":"EntryPoint","urlTemplate":"https:\/\/xceed.me\/blog\/?s={search_term_string}"},"query-input":{"@type":"PropertyValueSpecification","valueRequired":true,"valueName":"search_term_string"}}],"inLanguage":"en-US"},{"@type":"Person","@id":"","url":"https:\/\/xceed.me\/blog\/author\/"}]}},"jetpack_featured_media_url":"https:\/\/images.xceed.me\/blog\/wp-content\/uploads\/2018\/05\/29121703\/Jennifer-cardini.png","jetpack_sharing_enabled":true,"_links":{"self":[{"href":"https:\/\/xceed.me\/blog\/wp-json\/wp\/v2\/posts\/13312","targetHints":{"allow":["GET"]}}],"collection":[{"href":"https:\/\/xceed.me\/blog\/wp-json\/wp\/v2\/posts"}],"about":[{"href":"https:\/\/xceed.me\/blog\/wp-json\/wp\/v2\/types\/post"}],"author":[{"embeddable":true,"href":"https:\/\/xceed.me\/blog\/wp-json\/wp\/v2\/users\/1"}],"replies":[{"embeddable":true,"href":"https:\/\/xceed.me\/blog\/wp-json\/wp\/v2\/comments?post=13312"}],"version-history":[{"count":5,"href":"https:\/\/xceed.me\/blog\/wp-json\/wp\/v2\/posts\/13312\/revisions"}],"predecessor-version":[{"id":13325,"href":"https:\/\/xceed.me\/blog\/wp-json\/wp\/v2\/posts\/13312\/revisions\/13325"}],"wp:featuredmedia":[{"embeddable":true,"href":"https:\/\/xceed.me\/blog\/wp-json\/wp\/v2\/media\/13313"}],"wp:attachment":[{"href":"https:\/\/xceed.me\/blog\/wp-json\/wp\/v2\/media?parent=13312"}],"wp:term":[{"taxonomy":"category","embeddable":true,"href":"https:\/\/xceed.me\/blog\/wp-json\/wp\/v2\/categories?post=13312"},{"taxonomy":"post_tag","embeddable":true,"href":"https:\/\/xceed.me\/blog\/wp-json\/wp\/v2\/tags?post=13312"}],"curies":[{"name":"wp","href":"https:\/\/api.w.org\/{rel}","templated":true}]}}